{"id":14547,"date":"2025-06-04T14:02:08","date_gmt":"2025-06-04T12:02:08","guid":{"rendered":"https:\/\/elcafedepipa.com\/?p=14547"},"modified":"2025-06-04T14:02:09","modified_gmt":"2025-06-04T12:02:09","slug":"marta-barrachina-enaltix-que-la-politica-del-pp-aconseguisca-una-provincia-mes-forta-gracies-a-la-supressio-de-les-taxes-portuaries-als-pescador","status":"publish","type":"post","link":"https:\/\/elcafedepipa.com\/index.php\/2025\/06\/04\/marta-barrachina-enaltix-que-la-politica-del-pp-aconseguisca-una-provincia-mes-forta-gracies-a-la-supressio-de-les-taxes-portuaries-als-pescador\/","title":{"rendered":"Marta Barrachina enaltix que la pol\u00edtica del PP aconseguisca &#8220;una prov\u00edncia m\u00e9s forta&#8221; gr\u00e0cies a la supressi\u00f3 de les taxes portu\u00e0ries als pescador"},"content":{"rendered":"\n<p>&#8220;All\u00f2 a qu\u00e8 ens vam comprometre, ho complim&#8221;. Rotunda s&#8217;ha mostrat la presidenta provincial del PPCS, Marta Barrachina, a l&#8217;hora de posar en valor l&#8217;entrada en vigor de la Llei 5\/2025, de 30 de maig, del Consell, que lliura als pescadors del pagament de les taxes portu\u00e0ries. &#8220;\u00c9s un fet del qual hui es beneficia la pesca de la nostra prov\u00edncia&#8221;.<\/p>\n\n\n\n<p>La m\u00e0xima autoritat provincial del PPCS a Castell\u00f3 sost\u00e9 que &#8220;hui les coses canvien com ens va demanar la ciutadania en les urnes. I ho vam demostrar no amb anuncis, sin\u00f3 amb fets. Complint la nostra paraula&#8221;.<\/p>\n\n\n\n<p>Marta Barrachina ha posat en valor el sector de la pesca &#8220;com una pe\u00e7a clau de l&#8217;economia de la nostra prov\u00edncia&#8221;. &#8220;La seua funci\u00f3 \u00e9s garantia de riquesa  per a centenars de fam\u00edlies i, a m\u00e9s, exemple de l&#8217;excel\u00b7l\u00e8ncia i qualitat d&#8217;uns productes \u00fanics&#8221;.<\/p>\n\n\n\n<p>En este sentit, &#8220;el nostre projecte sempre ha sigut bandera del sector primari. I la pesca, de manera clau. Perqu\u00e8 som conscients de les dificultats d&#8217;una activitat que, asfixiada per unes normes europees que redu\u00efxen a 160 els dies de faena i que no s&#8217;ha vist defesa pel Govern d&#8217;Espanya&#8221;. &#8220;Enfront de la inacci\u00f3, en el PP hem tractat i tractem de donar solucions eficaces i directes. Perqu\u00e8 som conscients que si es limiten els dies, es redu\u00efxen els ingressos i el saldo \u00e9s negatiu. Esta llei lluita precisament pel contrari. Evitar gastos, generar estalvis i injectar liquiditat&#8221;.<\/p>\n\n\n\n<p>Tal dit, tal fet<\/p>\n\n\n\n<p>L&#8217;exempci\u00f3 de les tarifes portu\u00e0ries, en vigor des de l&#8217;1 de juny, genera un impacte positiu que frena la &#8220;desesperaci\u00f3 dels pescadors&#8221;. Amb la p\u00e8rdua d&#8217;embarcacions, fins a 23 des de l&#8217;any 2019, hui s\u00f3n 150 els vaixells operatius &#8220;i treballem per a guanyar m\u00fascul, no per a perdre-ho&#8221;. &#8220;Hui m\u00e9s de 40 embarcacions tenen una activitat di\u00e0ria des del port de Castell\u00f3, mentres que en la resta de ports, com Benicarl\u00f3, Vinar\u00f2s, Pen\u00edscola o Borriana, l&#8217;activitat mobilitza a una trentena de patrons&#8221;. &#8220;Volem refor\u00e7ar-los, donar-los suport i abanderar les seues demandes, perqu\u00e8 no volem que la pesca es perda, sin\u00f3 que trobe un relleu generacional perqu\u00e8 la seua activitat \u00e9s clau de la nostra riquesa&#8221;.<\/p>\n","protected":false},"excerpt":{"rendered":"<p>&#8220;All\u00f2 a qu\u00e8 ens vam comprometre, ho complim&#8221;. Rotunda s&#8217;ha mostrat la presidenta provincial del PPCS, Marta Barrachina, a l&#8217;hora de posar en valor l&#8217;entrada en vigor de la Llei 5\/2025, de 30 de maig, del Consell, que lliura als pescadors del pagament de les taxes portu\u00e0ries. &#8220;\u00c9s un fet del qual hui es beneficia &#8230; <a title=\"Marta Barrachina enaltix que la pol\u00edtica del PP aconseguisca &#8220;una prov\u00edncia m\u00e9s forta&#8221; gr\u00e0cies a la supressi\u00f3 de les taxes portu\u00e0ries als pescador\" class=\"read-more\" href=\"https:\/\/elcafedepipa.com\/index.php\/2025\/06\/04\/marta-barrachina-enaltix-que-la-politica-del-pp-aconseguisca-una-provincia-mes-forta-gracies-a-la-supressio-de-les-taxes-portuaries-als-pescador\/\" aria-label=\"M\u00e9s informaci\u00f3 sobre Marta Barrachina enaltix que la pol\u00edtica del PP aconseguisca &#8220;una prov\u00edncia m\u00e9s forta&#8221; gr\u00e0cies a la supressi\u00f3 de les taxes portu\u00e0ries als pescador\">Read more<\/a><\/p>\n","protected":false},"author":2,"featured_media":14548,"comment_status":"closed","ping_status":"closed","sticky":false,"template":"","format":"standard","meta":{"om_disable_all_campaigns":false,"_monsterinsights_skip_tracking":false,"_monsterinsights_sitenote_active":false,"_monsterinsights_sitenote_note":"","_monsterinsights_sitenote_category":0,"_uf_show_specific_survey":0,"_uf_disable_surveys":false,"footnotes":""},"categories":[10],"tags":[],"class_list":["post-14547","post","type-post","status-publish","format-standard","has-post-thumbnail","hentry","category-provinciadecastello"],"_links":{"self":[{"href":"https:\/\/elcafedepipa.com\/index.php\/wp-json\/wp\/v2\/posts\/14547","targetHints":{"allow":["GET"]}}],"collection":[{"href":"https:\/\/elcafedepipa.com\/index.php\/wp-json\/wp\/v2\/posts"}],"about":[{"href":"https:\/\/elcafedepipa.com\/index.php\/wp-json\/wp\/v2\/types\/post"}],"author":[{"embeddable":true,"href":"https:\/\/elcafedepipa.com\/index.php\/wp-json\/wp\/v2\/users\/2"}],"replies":[{"embeddable":true,"href":"https:\/\/elcafedepipa.com\/index.php\/wp-json\/wp\/v2\/comments?post=14547"}],"version-history":[{"count":0,"href":"https:\/\/elcafedepipa.com\/index.php\/wp-json\/wp\/v2\/posts\/14547\/revisions"}],"wp:featuredmedia":[{"embeddable":true,"href":"https:\/\/elcafedepipa.com\/index.php\/wp-json\/wp\/v2\/media\/14548"}],"wp:attachment":[{"href":"https:\/\/elcafedepipa.com\/index.php\/wp-json\/wp\/v2\/media?parent=14547"}],"wp:term":[{"taxonomy":"category","embeddable":true,"href":"https:\/\/elcafedepipa.com\/index.php\/wp-json\/wp\/v2\/categories?post=14547"},{"taxonomy":"post_tag","embeddable":true,"href":"https:\/\/elcafedepipa.com\/index.php\/wp-json\/wp\/v2\/tags?post=14547"}],"curies":[{"name":"wp","href":"https:\/\/api.w.org\/{rel}","templated":true}]}}