{"id":14526,"date":"2025-06-04T12:47:29","date_gmt":"2025-06-04T10:47:29","guid":{"rendered":"https:\/\/elcafedepipa.com\/?p=14526"},"modified":"2025-06-04T12:47:30","modified_gmt":"2025-06-04T10:47:30","slug":"lajuntament-de-la-vall-duixo-obri-un-programa-per-a-la-consolidacio-i-creixement-de-pimes","status":"publish","type":"post","link":"https:\/\/elcafedepipa.com\/index.php\/2025\/06\/04\/lajuntament-de-la-vall-duixo-obri-un-programa-per-a-la-consolidacio-i-creixement-de-pimes\/","title":{"rendered":"L&#8217;Ajuntament de la Vall d\u2019Uix\u00f3 obri un programa per a la consolidaci\u00f3 i creixement de pimes"},"content":{"rendered":"\n<p>L&#8217;Ajuntament de la Vall d\u2019Uix\u00f3 ha obert el termini d\u2019inscripci\u00f3 per al programa de consolidaci\u00f3 empresarial dirigit a propietaris, gerents i responsables d\u2019\u00e0rea de pimes i microempreses que desitgen millorar la rendibilitat de la seua empresa o avaluar noves alternatives d\u2019expansi\u00f3 i creixement.<\/p>\n\n\n\n<p>El regidor d\u2019Economia, Jorge Garc\u00eda, ha explicat que aquest programa de formaci\u00f3 i consultoria gratu\u00efta \u00e9s \u201cun vehicle per a donar impuls als comer\u00e7os i empreses locals mitjan\u00e7ant formaci\u00f3, t\u00e8cniques i ferramentes clau per a dur a terme un proc\u00e9s de millora i implementaci\u00f3 de canvis en el seu model de negoci\u201d.<\/p>\n\n\n\n<p>El programa es dur\u00e0 a terme del 8 de setembre al 22 d\u2019octubre, els dilluns i dimecres de 18.00 a 21.00 hores al Centre de Transformaci\u00f3 Digital (primera planta del Mercat Municipal). Combina sessions conjuntes amb sessions d\u2019acompanyament individualitzat adaptades a la disponibilitat de cada participant.<\/p>\n\n\n\n<p>Com a novetat, el programa d\u2019enguany introdueix coneixements d\u2019intel\u00b7lig\u00e8ncia artificial aplicada a les diferents \u00e0rees de gesti\u00f3 empresarial. Els blocs formatius s\u00f3n: diagn\u00f2stic de situaci\u00f3 i refor\u00e7 de la posici\u00f3 competitiva, m\u00e0rqueting i entorn digital, compet\u00e8ncies en gesti\u00f3 d\u2019empresa, sostenibilitat aplicada a l\u2019estrat\u00e8gia empresarial, transformaci\u00f3 digital, finances i definici\u00f3 de l\u2019estrat\u00e8gia i un pla d\u2019acci\u00f3.<\/p>\n\n\n\n<p>Garc\u00eda ha assenyalat que aquesta iniciativa forma part \u201cde l\u2019estrat\u00e8gia d\u2019impuls als sectors econ\u00f2mics, perqu\u00e8 aporten futur i oportunitats a la ciutat\u201d. Aix\u00ed mateix, ha destacat la import\u00e0ncia de \u201cla formaci\u00f3 cont\u00ednua dels comer\u00e7os i empreses amb programes com aquest, que uneixen estrat\u00e8gia, innovaci\u00f3 i intel\u00b7lig\u00e8ncia empresarial\u201d.<\/p>\n\n\n\n<p>Les persones interessades poden inscriure\u2019s ja \u2013i fins a esgotar les places\u2013 a l\u2019adre\u00e7a electr\u00f2nica <strong><a>jlmoya@camaracastellon.com<\/a><\/strong> o a l\u2019Ag\u00e8ncia de Desenvolupament Local (avinguda Jaume I, 34). La participaci\u00f3 \u00e9s gratu\u00efta i es realitza en col\u00b7laboraci\u00f3 amb la Cambra de Comer\u00e7 de Castell\u00f3, amb formadors i assessors especialitzats en cada \u00e0rea.<\/p>\n","protected":false},"excerpt":{"rendered":"<p>L&#8217;Ajuntament de la Vall d\u2019Uix\u00f3 ha obert el termini d\u2019inscripci\u00f3 per al programa de consolidaci\u00f3 empresarial dirigit a propietaris, gerents i responsables d\u2019\u00e0rea de pimes i microempreses que desitgen millorar la rendibilitat de la seua empresa o avaluar noves alternatives d\u2019expansi\u00f3 i creixement. El regidor d\u2019Economia, Jorge Garc\u00eda, ha explicat que aquest programa de formaci\u00f3 &#8230; <a title=\"L&#8217;Ajuntament de la Vall d\u2019Uix\u00f3 obri un programa per a la consolidaci\u00f3 i creixement de pimes\" class=\"read-more\" href=\"https:\/\/elcafedepipa.com\/index.php\/2025\/06\/04\/lajuntament-de-la-vall-duixo-obri-un-programa-per-a-la-consolidacio-i-creixement-de-pimes\/\" aria-label=\"M\u00e9s informaci\u00f3 sobre L&#8217;Ajuntament de la Vall d\u2019Uix\u00f3 obri un programa per a la consolidaci\u00f3 i creixement de pimes\">Read more<\/a><\/p>\n","protected":false},"author":2,"featured_media":14527,"comment_status":"closed","ping_status":"closed","sticky":false,"template":"","format":"standard","meta":{"om_disable_all_campaigns":false,"_monsterinsights_skip_tracking":false,"_monsterinsights_sitenote_active":false,"_monsterinsights_sitenote_note":"","_monsterinsights_sitenote_category":0,"_uf_show_specific_survey":0,"_uf_disable_surveys":false,"footnotes":""},"categories":[2],"tags":[],"class_list":["post-14526","post","type-post","status-publish","format-standard","has-post-thumbnail","hentry","category-lavallduixo"],"_links":{"self":[{"href":"https:\/\/elcafedepipa.com\/index.php\/wp-json\/wp\/v2\/posts\/14526","targetHints":{"allow":["GET"]}}],"collection":[{"href":"https:\/\/elcafedepipa.com\/index.php\/wp-json\/wp\/v2\/posts"}],"about":[{"href":"https:\/\/elcafedepipa.com\/index.php\/wp-json\/wp\/v2\/types\/post"}],"author":[{"embeddable":true,"href":"https:\/\/elcafedepipa.com\/index.php\/wp-json\/wp\/v2\/users\/2"}],"replies":[{"embeddable":true,"href":"https:\/\/elcafedepipa.com\/index.php\/wp-json\/wp\/v2\/comments?post=14526"}],"version-history":[{"count":0,"href":"https:\/\/elcafedepipa.com\/index.php\/wp-json\/wp\/v2\/posts\/14526\/revisions"}],"wp:featuredmedia":[{"embeddable":true,"href":"https:\/\/elcafedepipa.com\/index.php\/wp-json\/wp\/v2\/media\/14527"}],"wp:attachment":[{"href":"https:\/\/elcafedepipa.com\/index.php\/wp-json\/wp\/v2\/media?parent=14526"}],"wp:term":[{"taxonomy":"category","embeddable":true,"href":"https:\/\/elcafedepipa.com\/index.php\/wp-json\/wp\/v2\/categories?post=14526"},{"taxonomy":"post_tag","embeddable":true,"href":"https:\/\/elcafedepipa.com\/index.php\/wp-json\/wp\/v2\/tags?post=14526"}],"curies":[{"name":"wp","href":"https:\/\/api.w.org\/{rel}","templated":true}]}}