{"id":14520,"date":"2025-06-04T12:10:55","date_gmt":"2025-06-04T10:10:55","guid":{"rendered":"https:\/\/elcafedepipa.com\/?p=14520"},"modified":"2025-06-04T12:10:56","modified_gmt":"2025-06-04T10:10:56","slug":"herminio-serra-pp-el-tancament-i-la-privatitzacio-de-la-llar-sagrada-familia-que-ha-imposat-tania-banos-no-es-transparent","status":"publish","type":"post","link":"https:\/\/elcafedepipa.com\/index.php\/2025\/06\/04\/herminio-serra-pp-el-tancament-i-la-privatitzacio-de-la-llar-sagrada-familia-que-ha-imposat-tania-banos-no-es-transparent\/","title":{"rendered":"Herminio Serra (PP): \u201cEl tancament i la privatitzaci\u00f3 de la Llar Sagrada Fam\u00edlia que ha imposat Tania Ba\u00f1os no \u00e9s transparent\u201d"},"content":{"rendered":"\n<p>El govern de Tania Ba\u00f1os a la Vall d\u2019Uix\u00f3 va anunciar al juny de 2024 una inversi\u00f3 \u201ctranscendental\u201d en la Llar Sagrada Fam\u00edlia per modernitzar-la i donar servei als seus residents. El 20 de mar\u00e7 de 2025, la mateixa alcaldessa anunciava el tancament i la privatitzaci\u00f3 de les instal\u00b7lacions als seus treballadors.<\/p>\n\n\n\n<p>Hui el portaveu del PP a la Vall d\u2019Uix\u00f3, Herminio Serra, ha comparegut davant els mitjans de comunicaci\u00f3 per a demanar explicacions sobre \u201cqu\u00e8 ha passat en aquests 9 mesos\u201d. \u201cCom es passa de presumir d\u2019un projecte a tancar-lo. Hi ha moltes preguntes que continuen sense resposta i que les fam\u00edlies dels afectats i els treballadors exigeixen con\u00e9ixer\u201d.<\/p>\n\n\n\n<p>Serra ha exigit \u201ctranspar\u00e8ncia\u201d a un equip de govern \u201cabsolutament opac\u201d. \u201cLa Generalitat Valenciana ha garantit que el finan\u00e7ament est\u00e0 assegurat. No obstant aix\u00f2, sembla evident que a l\u2019alcaldessa li molesta la Llar Sagrada Fam\u00edlia. La seua gesti\u00f3 i el seu comportament com a m\u00e0xima responsable d\u2019aquestes instal\u00b7lacions \u00e9s absolutament q\u00fcestionable\u201d.<\/p>\n\n\n\n<p>Per aix\u00f2, des del PP reclamen \u201cllum i taqu\u00edgrafs\u201d per a esclarir \u201cqu\u00e8 ha passat perqu\u00e8 el PSOE decretara el reallotjament dels usuaris, el trasllat dels treballadors i la privatitzaci\u00f3 d\u2019un recurs de primer ordre\u201d.<\/p>\n\n\n\n<p>En la seua intervenci\u00f3, Serra ha recordat que la Generalitat Valenciana, aleshores governada per PSOE i Comprom\u00eds, ja requer\u00ed des de l\u2019any 2016 a l\u2019Ajuntament de la Vall d\u2019Uix\u00f3 l\u2019elaboraci\u00f3 d\u2019un projecte integral per a la Llar Sagrada Fam\u00edlia. Una exig\u00e8ncia que el regidor de Serveis Socials va decidir bloquejar i paralitzar, deixant en un calaix aquesta compet\u00e8ncia municipal \u201cfins al punt que ha sigut la pr\u00f2pia alcaldessa qui n\u2019ha decretat el tancament i la privatitzaci\u00f3\u201d. Requeriments que es repetiren tamb\u00e9 en 2018 i 2020, sense ser atesos per Tania Ba\u00f1os.<\/p>\n\n\n\n<h3 class=\"wp-block-heading\"><strong>M\u00e9s veritat i menys mentides<\/strong><\/h3>\n\n\n\n<p>Des del PP han fet una crida a l\u2019alcaldessa perqu\u00e8 \u201cdone la cara per la Vall en lloc d\u2019amagar-se darrere de les mentides\u201d. \u201cLa veritat acabar\u00e0 guanyant la batalla dels bulos socialistes. No en tinguen cap dubte\u201d.<\/p>\n\n\n\n<p>Mentrestant, \u201c64 majors hauran d\u2019abandonar casa seua, la que ho ha sigut durant anys, perqu\u00e8 qui havia d\u2019haver-la conservat, millorat i rehabilitat ha abdicat de les seues compet\u00e8ncies\u201d. \u201cNi ells ni la ciutadania s\u2019ho mereixen, i aix\u00ed ho han expressat amb m\u00e9s de 5.000 firmes nascudes dels moviments de la societat civil, que reconeixen que no s\u2019han fet b\u00e9 les coses\u201d.<\/p>\n\n\n\n<p>Al PP, ha concl\u00f2s Serra, \u201ccontinuarem treballant per tots ells. Aquesta situaci\u00f3 mai s\u2019hauria d\u2019haver produ\u00eft. Tania Ba\u00f1os ha posat en marxa el seu pla, per\u00f2 arribarem fins al final per saber la veritat\u201d.<\/p>\n","protected":false},"excerpt":{"rendered":"<p>El govern de Tania Ba\u00f1os a la Vall d\u2019Uix\u00f3 va anunciar al juny de 2024 una inversi\u00f3 \u201ctranscendental\u201d en la Llar Sagrada Fam\u00edlia per modernitzar-la i donar servei als seus residents. El 20 de mar\u00e7 de 2025, la mateixa alcaldessa anunciava el tancament i la privatitzaci\u00f3 de les instal\u00b7lacions als seus treballadors. Hui el portaveu &#8230; <a title=\"Herminio Serra (PP): \u201cEl tancament i la privatitzaci\u00f3 de la Llar Sagrada Fam\u00edlia que ha imposat Tania Ba\u00f1os no \u00e9s transparent\u201d\" class=\"read-more\" href=\"https:\/\/elcafedepipa.com\/index.php\/2025\/06\/04\/herminio-serra-pp-el-tancament-i-la-privatitzacio-de-la-llar-sagrada-familia-que-ha-imposat-tania-banos-no-es-transparent\/\" aria-label=\"M\u00e9s informaci\u00f3 sobre Herminio Serra (PP): \u201cEl tancament i la privatitzaci\u00f3 de la Llar Sagrada Fam\u00edlia que ha imposat Tania Ba\u00f1os no \u00e9s transparent\u201d\">Read more<\/a><\/p>\n","protected":false},"author":2,"featured_media":14521,"comment_status":"closed","ping_status":"closed","sticky":false,"template":"","format":"standard","meta":{"om_disable_all_campaigns":false,"_monsterinsights_skip_tracking":false,"_monsterinsights_sitenote_active":false,"_monsterinsights_sitenote_note":"","_monsterinsights_sitenote_category":0,"_uf_show_specific_survey":0,"_uf_disable_surveys":false,"footnotes":""},"categories":[2],"tags":[],"class_list":["post-14520","post","type-post","status-publish","format-standard","has-post-thumbnail","hentry","category-lavallduixo"],"_links":{"self":[{"href":"https:\/\/elcafedepipa.com\/index.php\/wp-json\/wp\/v2\/posts\/14520","targetHints":{"allow":["GET"]}}],"collection":[{"href":"https:\/\/elcafedepipa.com\/index.php\/wp-json\/wp\/v2\/posts"}],"about":[{"href":"https:\/\/elcafedepipa.com\/index.php\/wp-json\/wp\/v2\/types\/post"}],"author":[{"embeddable":true,"href":"https:\/\/elcafedepipa.com\/index.php\/wp-json\/wp\/v2\/users\/2"}],"replies":[{"embeddable":true,"href":"https:\/\/elcafedepipa.com\/index.php\/wp-json\/wp\/v2\/comments?post=14520"}],"version-history":[{"count":0,"href":"https:\/\/elcafedepipa.com\/index.php\/wp-json\/wp\/v2\/posts\/14520\/revisions"}],"wp:featuredmedia":[{"embeddable":true,"href":"https:\/\/elcafedepipa.com\/index.php\/wp-json\/wp\/v2\/media\/14521"}],"wp:attachment":[{"href":"https:\/\/elcafedepipa.com\/index.php\/wp-json\/wp\/v2\/media?parent=14520"}],"wp:term":[{"taxonomy":"category","embeddable":true,"href":"https:\/\/elcafedepipa.com\/index.php\/wp-json\/wp\/v2\/categories?post=14520"},{"taxonomy":"post_tag","embeddable":true,"href":"https:\/\/elcafedepipa.com\/index.php\/wp-json\/wp\/v2\/tags?post=14520"}],"curies":[{"name":"wp","href":"https:\/\/api.w.org\/{rel}","templated":true}]}}