{"id":14516,"date":"2025-06-04T12:08:22","date_gmt":"2025-06-04T10:08:22","guid":{"rendered":"https:\/\/elcafedepipa.com\/?p=14516"},"modified":"2025-06-04T12:08:23","modified_gmt":"2025-06-04T10:08:23","slug":"lajuntament-de-la-vall-duixo-construeix-un-nou-escenari-accessible-al-teatre-municipal-carmen-tur","status":"publish","type":"post","link":"https:\/\/elcafedepipa.com\/index.php\/2025\/06\/04\/lajuntament-de-la-vall-duixo-construeix-un-nou-escenari-accessible-al-teatre-municipal-carmen-tur\/","title":{"rendered":"L\u2019Ajuntament de la Vall d\u2019Uix\u00f3 construeix un nou escenari accessible al Teatre Municipal Carmen Tur"},"content":{"rendered":"\n<p>L\u2019Ajuntament de la Vall d\u2019Uix\u00f3 est\u00e0 realitzant una nova fase del projecte de reforma integral del Teatre Municipal Carmen Tur. Amb una inversi\u00f3 de 235.585 euros de recursos propis s\u2019estan duent a terme tres actuacions clau: a\u00efllament ac\u00fastic, construcci\u00f3 d\u2019un nou escenari amb sistema contra incendis i remodelaci\u00f3 de la fa\u00e7ana.<\/p>\n\n\n\n<p>Les obres m\u00e9s importants consisteixen en la construcci\u00f3 d\u2019un nou escenari accessible, amb rampes i que permet accedir per la part posterior. A m\u00e9s, s\u2019estan fent treballs de fonamentaci\u00f3 i s\u2019est\u00e0 construint un dip\u00f2sit contra incendis i una nova estructura que permeta en el futur completar l\u2019escenari amb una caixa esc\u00e8nica.<\/p>\n\n\n\n<p>Al mateix temps, s\u2019est\u00e0 insonoritzant la part posterior per a evitar mol\u00e8sties als edificis ve\u00efns i s\u2019est\u00e0 recuperant la fa\u00e7ana original, en la qual es substituiran les finestres i s\u2019instal\u00b7lar\u00e0 una nova il\u00b7luminaci\u00f3. En definitiva, aquests treballs \u201cmodernitzen l\u2019edifici tant en el seu interior com en el seu exterior, milloren les seues prestacions i professionalitzen les arts esc\u00e8niques, dins del projecte de cultura oberta\u201d, segons ha explicat el regidor de Cultura, Jorge Marqu\u00e9s.<\/p>\n\n\n\n<p>En aquest sentit, el regidor ha remarcat que la cultura \u201cno sols es cuida amb activitats, programaci\u00f3 o promoci\u00f3\u201d sin\u00f3 que tamb\u00e9 es cuida \u201camb infraestructures adequades on totes les persones puguen gaudir i participar\u201d. Aix\u00ed, ara l\u2019escenari ser\u00e0 accessible i tamb\u00e9 facilitar\u00e0 a les companyies de teatre l\u2019acc\u00e9s directe des del fons.<\/p>\n\n\n\n<p>Per la seua banda, l\u2019alcaldessa, Tania Ba\u00f1os, ha recordat que des de 2016 s\u2019han realitzat diverses fases de la reforma integral del Teatre Municipal \u201cperqu\u00e8 tenia una falta molt greu de manteniment\u201d. El 2016 es va adequar el sostre interior i es va renovar la instal\u00b7laci\u00f3 el\u00e8ctrica; el 2021 es va substituir el revestiment de les parets, es van adaptar els banys i es van fer millores ac\u00fastiques i de seguretat contra incendis.<\/p>\n\n\n\n<p>L\u2019\u00faltima fase es va dur a terme el 2023 amb la substituci\u00f3 de la coberta per a eliminar problemes de goteres i humitats i refor\u00e7ar la seua estructura. En total s\u2019han invertit m\u00e9s de 475.000 euros per a \u201cdignificar una de les instal\u00b7lacions m\u00e9s utilitzades per les associacions i per tot el poble de la Vall\u201d, ha afirmat Ba\u00f1os. Aix\u00ed, ha agra\u00eft \u201cla seua paci\u00e8ncia mentre duren les obres i no es pot gaudir\u201d i ha posat en valor \u201cl\u2019esfor\u00e7\u201d municipal per a tractar d\u2019oferir alternatives per a la celebraci\u00f3 d\u2019activitats.<\/p>\n","protected":false},"excerpt":{"rendered":"<p>L\u2019Ajuntament de la Vall d\u2019Uix\u00f3 est\u00e0 realitzant una nova fase del projecte de reforma integral del Teatre Municipal Carmen Tur. Amb una inversi\u00f3 de 235.585 euros de recursos propis s\u2019estan duent a terme tres actuacions clau: a\u00efllament ac\u00fastic, construcci\u00f3 d\u2019un nou escenari amb sistema contra incendis i remodelaci\u00f3 de la fa\u00e7ana. Les obres m\u00e9s importants &#8230; <a title=\"L\u2019Ajuntament de la Vall d\u2019Uix\u00f3 construeix un nou escenari accessible al Teatre Municipal Carmen Tur\" class=\"read-more\" href=\"https:\/\/elcafedepipa.com\/index.php\/2025\/06\/04\/lajuntament-de-la-vall-duixo-construeix-un-nou-escenari-accessible-al-teatre-municipal-carmen-tur\/\" aria-label=\"M\u00e9s informaci\u00f3 sobre L\u2019Ajuntament de la Vall d\u2019Uix\u00f3 construeix un nou escenari accessible al Teatre Municipal Carmen Tur\">Read more<\/a><\/p>\n","protected":false},"author":2,"featured_media":14517,"comment_status":"closed","ping_status":"closed","sticky":false,"template":"","format":"standard","meta":{"om_disable_all_campaigns":false,"_monsterinsights_skip_tracking":false,"_monsterinsights_sitenote_active":false,"_monsterinsights_sitenote_note":"","_monsterinsights_sitenote_category":0,"_uf_show_specific_survey":0,"_uf_disable_surveys":false,"footnotes":""},"categories":[2],"tags":[],"class_list":["post-14516","post","type-post","status-publish","format-standard","has-post-thumbnail","hentry","category-lavallduixo"],"_links":{"self":[{"href":"https:\/\/elcafedepipa.com\/index.php\/wp-json\/wp\/v2\/posts\/14516","targetHints":{"allow":["GET"]}}],"collection":[{"href":"https:\/\/elcafedepipa.com\/index.php\/wp-json\/wp\/v2\/posts"}],"about":[{"href":"https:\/\/elcafedepipa.com\/index.php\/wp-json\/wp\/v2\/types\/post"}],"author":[{"embeddable":true,"href":"https:\/\/elcafedepipa.com\/index.php\/wp-json\/wp\/v2\/users\/2"}],"replies":[{"embeddable":true,"href":"https:\/\/elcafedepipa.com\/index.php\/wp-json\/wp\/v2\/comments?post=14516"}],"version-history":[{"count":0,"href":"https:\/\/elcafedepipa.com\/index.php\/wp-json\/wp\/v2\/posts\/14516\/revisions"}],"wp:featuredmedia":[{"embeddable":true,"href":"https:\/\/elcafedepipa.com\/index.php\/wp-json\/wp\/v2\/media\/14517"}],"wp:attachment":[{"href":"https:\/\/elcafedepipa.com\/index.php\/wp-json\/wp\/v2\/media?parent=14516"}],"wp:term":[{"taxonomy":"category","embeddable":true,"href":"https:\/\/elcafedepipa.com\/index.php\/wp-json\/wp\/v2\/categories?post=14516"},{"taxonomy":"post_tag","embeddable":true,"href":"https:\/\/elcafedepipa.com\/index.php\/wp-json\/wp\/v2\/tags?post=14516"}],"curies":[{"name":"wp","href":"https:\/\/api.w.org\/{rel}","templated":true}]}}