{"id":14509,"date":"2025-06-04T11:58:39","date_gmt":"2025-06-04T09:58:39","guid":{"rendered":"https:\/\/elcafedepipa.com\/?p=14509"},"modified":"2025-06-04T11:58:40","modified_gmt":"2025-06-04T09:58:40","slug":"apuntes-sobre-la-fragilidad-una-peca-escenica-de-dansa-de-lula-amir","status":"publish","type":"post","link":"https:\/\/elcafedepipa.com\/index.php\/2025\/06\/04\/apuntes-sobre-la-fragilidad-una-peca-escenica-de-dansa-de-lula-amir\/","title":{"rendered":"Apuntes sobre la fragilidad: Una pe\u00e7a esc\u00e8nica de dansa de Lula Amir"},"content":{"rendered":"\n<p><br>Fundaci\u00f3 Caixa Castell\u00f3 convida a\u00a0Lula Amir, una de les sis participants seleccionades en la resid\u00e8ncia de dansa\u00a0Nodus 2024 a Suera, per a presentar el seu darrer projecte\u00a0<em>Apuntes sobre la fragilidad<\/em>. Aquesta producci\u00f3 \u00e9s una pe\u00e7a \u00edntima i poderosa que entrella\u00e7a dansa, paraula i pl\u00e0stica del moviment per a submergir-nos en una atmosfera de vulnerabilitat, rutina i resist\u00e8ncia.<\/p>\n\n\n\n<p>Lula Amir, creadora i int\u00e8rpret, construeix un univers quotidi\u00e0 \u2014una habitaci\u00f3 qualsevol, una casa qualsevol\u2014 que esdev\u00e9 un no-lloc, un espai susp\u00e9s en el temps on una dona sola, travessada pel dubte, la por i el desig, es pregunta qui \u00e9s quan ja no pot sostenir les aparences.<\/p>\n\n\n\n<p>La proposta convida el p\u00fablic a convertir-se en voyeur d\u2019un ritual despullat, rom\u00e0ntic i rabi\u00f3s, que ens enfronta amb la intimitat m\u00e9s crua i amb les xicotetes derives del relacional.<\/p>\n\n\n\n<p>\u00b7&nbsp;&nbsp;&nbsp;&nbsp;&nbsp;&nbsp;&nbsp;Idea original i escena:&nbsp;<strong>Lula Amir<\/strong><\/p>\n\n\n\n<p>\u00b7&nbsp;&nbsp;&nbsp;&nbsp;&nbsp;&nbsp;&nbsp;Vestuari:&nbsp;<strong>Bea La Clandestina<\/strong><\/p>\n\n\n\n<p>\u00b7&nbsp;&nbsp;&nbsp;&nbsp;&nbsp;&nbsp;&nbsp;Asist\u00e8ncia art\u00edstica:&nbsp;<strong>Gaby Pardo, Paula Nutini<\/strong><\/p>\n\n\n\n<p>\u00b7&nbsp;&nbsp;&nbsp;&nbsp;&nbsp;&nbsp;&nbsp;Duraci\u00f3:&nbsp;<strong>35 minuts<\/strong><\/p>\n\n\n\n<p>\u00b7&nbsp;&nbsp;&nbsp;&nbsp;&nbsp;&nbsp;&nbsp;<strong>Apte per a tots els p\u00fablics<\/strong><\/p>\n\n\n\n<p><strong>Lula Amir&nbsp;<\/strong>\u00e9s ballarina i core\u00f2grafa resident a M\u00e0laga, la traject\u00f2ria de la qual s\u2019ha forjat a partir d\u2019una formaci\u00f3 no acad\u00e8mica i un intens recorregut autodidacta. Va iniciar el seu cam\u00ed en la dansa en la vintena de la m\u00e0 de Thom\u00e9 Araujo, figura clau en el seu impuls inicial, juntament amb Ximena Carnevale, Vanesa L\u00f3pez i Rebeca Carrera. Al llarg dels anys ha enriquit la seua pr\u00e0ctica amb seminaris impartits per referents reconeguts de l\u2019escena contempor\u00e0nia internacional com Germ\u00e1n Jauregui (C\u00eda. Vandekeybus), Ariadna Monfort (C\u00eda. Batsheva), Chevi Muraday, Mar\u00eda Cabeza de Vaca, Guillermo Weickert, Jordi Cort\u00e9s, C\u00eda. Mal Pelo, Daniel Abreu, Alberto Velasco i Lucas Condr\u00f3, entre altres.<\/p>\n\n\n\n<p>El seu treball s\u2019inscriu en una recerca esc\u00e8nica que fusiona la dansa, la dramat\u00fargia corporal i la creaci\u00f3 transdisciplin\u00e0ria, amb un fort \u00e8mfasi en all\u00f2 \u00edntim, pol\u00edtic i po\u00e8tic del cos en escena. El 2023 va estrenar&nbsp;<em>Libidinal<\/em>, la seua primera obra com a directora per a quatre int\u00e8rprets, produ\u00efda per Factor\u00eda Echegaray. Eixe mateix any va estrenar&nbsp;<em>Mientras tanto<\/em>, la seua primera performance, dins del cicle Dansa Tangents del Museu Carmen Thyssen de M\u00e0laga. En col\u00b7laboraci\u00f3 amb la dramaturga Iro Vasalou participa com a cocreadora en&nbsp;<em>Symposium<\/em>, estrenada a Atenes amb el suport del Megaron Music Hall, l\u2019Institut Cervantes i el Goethe-Institut.<\/p>\n\n\n\n<p>Entre els seus treballs en solitari destaquen&nbsp;<em>Un naufragio<\/em>&nbsp;(Festival Femkultur, Pamplona, 2024) i&nbsp;<em>Maldito bolero<\/em>, la seua nova creaci\u00f3 encara en proc\u00e9s, que ha sigut presentada parcialment al Festival Aut\u00f2ctonxs i el seu estrena oficial tindr\u00e0 lloc en 2025. En les seues primeres etapes com a creadora va desenvolupar peces com&nbsp;<em>Salsipuedes<\/em>&nbsp;(2014),&nbsp;<em>Miedo con patas<\/em>&nbsp;(2018) i&nbsp;<em>Espasmo<\/em>&nbsp;(2019).<\/p>\n\n\n\n<p>Ha format part de diverses companyies i col\u00b7lectius, com Ximena Carnevale C\u00eda., amb qui va presentar treballs com&nbsp;<em>Crudo<\/em>,&nbsp;<em>Cumplea\u00f1os feliz<\/em>&nbsp;i&nbsp;<em>La Necr\u00f3polis de las flores<\/em>, a m\u00e9s de col\u00b7laborar amb creadors i agrupacions com Chevi Muraday, C\u00eda. \u00d3ntico, Surterraneo, Mu (Teatro F\u00edsico) i el col\u00b7lectiu esc\u00e8nic The Lonely People.<\/p>\n\n\n\n<p>Un dels seus projectes m\u00e9s destacats en l\u2019\u00e0mbit del teatre social \u00e9s&nbsp;<em>Teatre en mans de dones<\/em>, que codirigeix amb Pepa Gallegos, enfocat en la creaci\u00f3 esc\u00e8nica amb dones no professionals des d\u2019una perspectiva de g\u00e8nere. A m\u00e9s, \u00e9s cofundadora de&nbsp;<em>La F\u00e1ctica<\/em>, un projecte col\u00b7laboratiu de creaci\u00f3 esc\u00e8nica desenvolupat entre M\u00e0laga i Atenes al costat d\u2019Iro Vasalou, amb programaci\u00f3 en espais com el Festival de Dansa del Teatre Cervantes, el Chytirio Theatre d\u2019Atenes, el Festival MAF, La Cochera Cabaret i La Casa Invisible.<\/p>\n\n\n\n<p>El treball de Lula Amir es caracteritza per la hibridaci\u00f3 de llenguatges, la pot\u00e8ncia expressiva del cos i una cont\u00ednua indagaci\u00f3 en les fissures del quotidi\u00e0 com a detonant po\u00e8tic i pol\u00edtic. Les seues creacions habiten tant escenaris convencionals com espais no teatrals, revelant una veu singular dins de la dansa contempor\u00e0nia actual<\/p>\n\n\n\n<p><\/p>\n","protected":false},"excerpt":{"rendered":"<p>Fundaci\u00f3 Caixa Castell\u00f3 convida a\u00a0Lula Amir, una de les sis participants seleccionades en la resid\u00e8ncia de dansa\u00a0Nodus 2024 a Suera, per a presentar el seu darrer projecte\u00a0Apuntes sobre la fragilidad. Aquesta producci\u00f3 \u00e9s una pe\u00e7a \u00edntima i poderosa que entrella\u00e7a dansa, paraula i pl\u00e0stica del moviment per a submergir-nos en una atmosfera de vulnerabilitat, rutina &#8230; <a title=\"Apuntes sobre la fragilidad: Una pe\u00e7a esc\u00e8nica de dansa de Lula Amir\" class=\"read-more\" href=\"https:\/\/elcafedepipa.com\/index.php\/2025\/06\/04\/apuntes-sobre-la-fragilidad-una-peca-escenica-de-dansa-de-lula-amir\/\" aria-label=\"M\u00e9s informaci\u00f3 sobre Apuntes sobre la fragilidad: Una pe\u00e7a esc\u00e8nica de dansa de Lula Amir\">Read more<\/a><\/p>\n","protected":false},"author":2,"featured_media":14510,"comment_status":"closed","ping_status":"closed","sticky":false,"template":"","format":"standard","meta":{"om_disable_all_campaigns":false,"_monsterinsights_skip_tracking":false,"_monsterinsights_sitenote_active":false,"_monsterinsights_sitenote_note":"","_monsterinsights_sitenote_category":0,"_uf_show_specific_survey":0,"_uf_disable_surveys":false,"footnotes":""},"categories":[10],"tags":[],"class_list":["post-14509","post","type-post","status-publish","format-standard","has-post-thumbnail","hentry","category-provinciadecastello"],"_links":{"self":[{"href":"https:\/\/elcafedepipa.com\/index.php\/wp-json\/wp\/v2\/posts\/14509","targetHints":{"allow":["GET"]}}],"collection":[{"href":"https:\/\/elcafedepipa.com\/index.php\/wp-json\/wp\/v2\/posts"}],"about":[{"href":"https:\/\/elcafedepipa.com\/index.php\/wp-json\/wp\/v2\/types\/post"}],"author":[{"embeddable":true,"href":"https:\/\/elcafedepipa.com\/index.php\/wp-json\/wp\/v2\/users\/2"}],"replies":[{"embeddable":true,"href":"https:\/\/elcafedepipa.com\/index.php\/wp-json\/wp\/v2\/comments?post=14509"}],"version-history":[{"count":0,"href":"https:\/\/elcafedepipa.com\/index.php\/wp-json\/wp\/v2\/posts\/14509\/revisions"}],"wp:featuredmedia":[{"embeddable":true,"href":"https:\/\/elcafedepipa.com\/index.php\/wp-json\/wp\/v2\/media\/14510"}],"wp:attachment":[{"href":"https:\/\/elcafedepipa.com\/index.php\/wp-json\/wp\/v2\/media?parent=14509"}],"wp:term":[{"taxonomy":"category","embeddable":true,"href":"https:\/\/elcafedepipa.com\/index.php\/wp-json\/wp\/v2\/categories?post=14509"},{"taxonomy":"post_tag","embeddable":true,"href":"https:\/\/elcafedepipa.com\/index.php\/wp-json\/wp\/v2\/tags?post=14509"}],"curies":[{"name":"wp","href":"https:\/\/api.w.org\/{rel}","templated":true}]}}