{"id":14498,"date":"2025-06-03T14:10:06","date_gmt":"2025-06-03T12:10:06","guid":{"rendered":"https:\/\/elcafedepipa.com\/?p=14498"},"modified":"2025-06-03T14:10:07","modified_gmt":"2025-06-03T12:10:07","slug":"juanfran-perez-compromis-fa-el-paripe-a-la-comunitat-valenciana-pero-a-lhora-de-la-veritat-calla-i-atorga-davant-pedro-sanchez","status":"publish","type":"post","link":"https:\/\/elcafedepipa.com\/index.php\/2025\/06\/03\/juanfran-perez-compromis-fa-el-paripe-a-la-comunitat-valenciana-pero-a-lhora-de-la-veritat-calla-i-atorga-davant-pedro-sanchez\/","title":{"rendered":"Juanfran P\u00e9rez: \u201cComprom\u00eds fa el parip\u00e9 a la Comunitat Valenciana per\u00f2, a l\u2019hora de la veritat, calla i atorga davant Pedro S\u00e1nchez\u201d"},"content":{"rendered":"\n<p>El portaveu del Grup Popular a Les Corts, Juanfran P\u00e9rez, ha acusat Comprom\u00eds de \u201cfer el parip\u00e9\u201d respecte a les reivindicacions de la Comunitat Valenciana davant el Govern d\u2019Espanya per a, \u201ca l\u2019hora de la veritat, callar i atorgar davant Pedro S\u00e1nchez\u201d. El tamb\u00e9 secretari general del PPCV ha assenyalat que, malgrat la infrafinan\u00e7aci\u00f3, els esc\u00e0ndols de corrupci\u00f3 del PSOE, les retallades al transvasament o el veto a la compareixen\u00e7a de S\u00e1nchez en la comissi\u00f3 d\u2019investigaci\u00f3 de la DANA al Congr\u00e9s, els nacionalistes \u201cs\u2019acovardeixen\u201d per a no \u201cenfadar el seu amo\u201d.<\/p>\n\n\n\n<p>\u201cJa no ens enganyen\u201d, ha assegurat P\u00e9rez. \u201cLa contund\u00e8ncia de Joan Baldov\u00ed des del 29 d\u2019octubre hui s\u2019ha acabat. A l\u2019hora de la veritat, fum de botja\u201d, ha afirmat sobre la postura t\u00e8bia del l\u00edder de Comprom\u00eds davant tants menyspreus de l\u2019Executiu socialista cap a la Comunitat Valenciana.<\/p>\n\n\n\n<p>D\u2019altra banda, el s\u00edndic del GPP tamb\u00e9 ha denunciat que \u201cl\u2019art de crear bulos del PSOE a Madrid ha arribat a la Comunitat Valenciana\u201d, davant els intents del grup socialista de manipular les dades d\u2019\u00fas del cotxe oficial per part de membres del Consell el dia de la riuada. \u201cDiu Jos\u00e9 Mu\u00f1oz que nom\u00e9s es sabr\u00e0 la veritat en la comissi\u00f3 d\u2019investigaci\u00f3 del Congr\u00e9s. \u00c9s que ja no confia en la Just\u00edcia?\u201d, s\u2019ha preguntat P\u00e9rez.<\/p>\n\n\n\n<p>En aquest context, el portaveu popular ha lamentat que, \u201cen els temes importants per als valencians, com els pressupostos de la reconstrucci\u00f3 o un model de finan\u00e7ament just, el PSOE i Comprom\u00eds s\u2019espolsen la responsabilitat\u201d a Les Corts. Davant aquesta actitud dels grups de l\u2019esquerra parlament\u00e0ria, P\u00e9rez ha insistit en la necessitat de recuperar l\u2019entesa en temes com la reforma del model de finan\u00e7ament o el Fons de Nivellaci\u00f3, q\u00fcestions pendents en la pr\u00f2xima Confer\u00e8ncia de Presidents Auton\u00f2mics i que, a la Comunitat Valenciana, formaven part del consens entre societat civil i agents socials.<\/p>\n","protected":false},"excerpt":{"rendered":"<p>El portaveu del Grup Popular a Les Corts, Juanfran P\u00e9rez, ha acusat Comprom\u00eds de \u201cfer el parip\u00e9\u201d respecte a les reivindicacions de la Comunitat Valenciana davant el Govern d\u2019Espanya per a, \u201ca l\u2019hora de la veritat, callar i atorgar davant Pedro S\u00e1nchez\u201d. El tamb\u00e9 secretari general del PPCV ha assenyalat que, malgrat la infrafinan\u00e7aci\u00f3, els &#8230; <a title=\"Juanfran P\u00e9rez: \u201cComprom\u00eds fa el parip\u00e9 a la Comunitat Valenciana per\u00f2, a l\u2019hora de la veritat, calla i atorga davant Pedro S\u00e1nchez\u201d\" class=\"read-more\" href=\"https:\/\/elcafedepipa.com\/index.php\/2025\/06\/03\/juanfran-perez-compromis-fa-el-paripe-a-la-comunitat-valenciana-pero-a-lhora-de-la-veritat-calla-i-atorga-davant-pedro-sanchez\/\" aria-label=\"M\u00e9s informaci\u00f3 sobre Juanfran P\u00e9rez: \u201cComprom\u00eds fa el parip\u00e9 a la Comunitat Valenciana per\u00f2, a l\u2019hora de la veritat, calla i atorga davant Pedro S\u00e1nchez\u201d\">Read more<\/a><\/p>\n","protected":false},"author":2,"featured_media":14499,"comment_status":"closed","ping_status":"closed","sticky":false,"template":"","format":"standard","meta":{"om_disable_all_campaigns":false,"_monsterinsights_skip_tracking":false,"_monsterinsights_sitenote_active":false,"_monsterinsights_sitenote_note":"","_monsterinsights_sitenote_category":0,"_uf_show_specific_survey":0,"_uf_disable_surveys":false,"footnotes":""},"categories":[11],"tags":[],"class_list":["post-14498","post","type-post","status-publish","format-standard","has-post-thumbnail","hentry","category-comunitatvalenciana"],"_links":{"self":[{"href":"https:\/\/elcafedepipa.com\/index.php\/wp-json\/wp\/v2\/posts\/14498","targetHints":{"allow":["GET"]}}],"collection":[{"href":"https:\/\/elcafedepipa.com\/index.php\/wp-json\/wp\/v2\/posts"}],"about":[{"href":"https:\/\/elcafedepipa.com\/index.php\/wp-json\/wp\/v2\/types\/post"}],"author":[{"embeddable":true,"href":"https:\/\/elcafedepipa.com\/index.php\/wp-json\/wp\/v2\/users\/2"}],"replies":[{"embeddable":true,"href":"https:\/\/elcafedepipa.com\/index.php\/wp-json\/wp\/v2\/comments?post=14498"}],"version-history":[{"count":0,"href":"https:\/\/elcafedepipa.com\/index.php\/wp-json\/wp\/v2\/posts\/14498\/revisions"}],"wp:featuredmedia":[{"embeddable":true,"href":"https:\/\/elcafedepipa.com\/index.php\/wp-json\/wp\/v2\/media\/14499"}],"wp:attachment":[{"href":"https:\/\/elcafedepipa.com\/index.php\/wp-json\/wp\/v2\/media?parent=14498"}],"wp:term":[{"taxonomy":"category","embeddable":true,"href":"https:\/\/elcafedepipa.com\/index.php\/wp-json\/wp\/v2\/categories?post=14498"},{"taxonomy":"post_tag","embeddable":true,"href":"https:\/\/elcafedepipa.com\/index.php\/wp-json\/wp\/v2\/tags?post=14498"}],"curies":[{"name":"wp","href":"https:\/\/api.w.org\/{rel}","templated":true}]}}