{"id":14492,"date":"2025-06-03T13:34:31","date_gmt":"2025-06-03T11:34:31","guid":{"rendered":"https:\/\/elcafedepipa.com\/?p=14492"},"modified":"2025-06-03T13:34:32","modified_gmt":"2025-06-03T11:34:32","slug":"el-pspv-psoe-reivindica-una-transicio-justa-a-la-seguretat-social-perque-els-professionals-de-ladvocacia-tinguen-una-pensio-digna","status":"publish","type":"post","link":"https:\/\/elcafedepipa.com\/index.php\/2025\/06\/03\/el-pspv-psoe-reivindica-una-transicio-justa-a-la-seguretat-social-perque-els-professionals-de-ladvocacia-tinguen-una-pensio-digna\/","title":{"rendered":"El PSPV-PSOE reivindica una \u201ctransici\u00f3 justa\u201d a la Seguretat Social perqu\u00e8 els professionals de l\u2019advocacia tinguen una pensi\u00f3 digna"},"content":{"rendered":"\n<p>El PSOE tamb\u00e9 legisla perqu\u00e8 l\u2019advocacia tinga unes pensions dignes \u201cdespr\u00e9s de tota una vida de servei p\u00fablic\u201d. La secretaria d\u2019Organitzaci\u00f3 del partit, Maria Jim\u00e9nez, aix\u00ed ho ha afirmat en una reuni\u00f3 amb representants del Col\u00b7legi d\u2019Advocats de Castell\u00f3, amb els quals s\u2019ha abordat la proposta del Govern d\u2019Espanya que pret\u00e9n garantir una transici\u00f3 justa des de les mutualitats cap al sistema p\u00fablic de pensions abans de 2028. En la trobada tamb\u00e9 han estat presents els diputats en el Congr\u00e9s Susana Ros i Artemi Rallo.<\/p>\n\n\n\n<p>La representant socialista ha defensat que \u201c\u00e9s urgent trobar una soluci\u00f3 justa i adequada per als milers de professionals que han confiat en la mutualitat i que han aportat quotes durant molts anys amb l\u2019objectiu d\u2019assegurar-se una pensi\u00f3, per\u00f2 que ara es troben amb la possibilitat de rebre prestacions m\u00e9s baixes que les pensions no contributives\u201d. \u201cNo es mereixen unes quanties tan rid\u00edcules quan acaben el seu exercici professional\u201d.<\/p>\n\n\n\n<p>En aquest sentit, el diputat Artemi Rallo ha explicat que ja est\u00e0 en marxa una reforma legislativa que contempla la modificaci\u00f3 de quatre articles de la Llei General de la Seguretat Social per a obrir un pont voluntari que facilite la integraci\u00f3 d\u2019aquests professionals al sistema p\u00fablic de pensions.<\/p>\n\n\n\n<p>Per la seua banda, la diputada Susana Ros ha destacat que la proposta \u201c\u00e9s necess\u00e0ria per a evitar que milers de fam\u00edlies acaben en risc d\u2019exclusi\u00f3 social a partir de 2027, quan es preveu el pas definitiu al sistema p\u00fablic\u201d. Ros ha subratllat tamb\u00e9 la import\u00e0ncia de buscar consensos amplis entre totes les parts implicades i els grups pol\u00edtics \u201cper a garantir una soluci\u00f3 real i efectiva que no deixe ning\u00fa enrere\u201d.<\/p>\n\n\n\n<p>Finalment, Maria Jim\u00e9nez ha remarcat que \u201cla protecci\u00f3 social \u00e9s un dret fonamental, i no podem permetre que professionals que han cotitzat tota la seua vida queden en l\u2019oblit\u201d. La dirigent socialista ha concl\u00f2s afirmant que \u201cdes del PSPV-PSOE continuarem treballant perqu\u00e8 aquesta iniciativa prospere i per a donar veu a les reivindicacions dels professionals afectats\u201d<\/p>\n","protected":false},"excerpt":{"rendered":"<p>El PSOE tamb\u00e9 legisla perqu\u00e8 l\u2019advocacia tinga unes pensions dignes \u201cdespr\u00e9s de tota una vida de servei p\u00fablic\u201d. La secretaria d\u2019Organitzaci\u00f3 del partit, Maria Jim\u00e9nez, aix\u00ed ho ha afirmat en una reuni\u00f3 amb representants del Col\u00b7legi d\u2019Advocats de Castell\u00f3, amb els quals s\u2019ha abordat la proposta del Govern d\u2019Espanya que pret\u00e9n garantir una transici\u00f3 justa &#8230; <a title=\"El PSPV-PSOE reivindica una \u201ctransici\u00f3 justa\u201d a la Seguretat Social perqu\u00e8 els professionals de l\u2019advocacia tinguen una pensi\u00f3 digna\" class=\"read-more\" href=\"https:\/\/elcafedepipa.com\/index.php\/2025\/06\/03\/el-pspv-psoe-reivindica-una-transicio-justa-a-la-seguretat-social-perque-els-professionals-de-ladvocacia-tinguen-una-pensio-digna\/\" aria-label=\"M\u00e9s informaci\u00f3 sobre El PSPV-PSOE reivindica una \u201ctransici\u00f3 justa\u201d a la Seguretat Social perqu\u00e8 els professionals de l\u2019advocacia tinguen una pensi\u00f3 digna\">Read more<\/a><\/p>\n","protected":false},"author":2,"featured_media":14493,"comment_status":"closed","ping_status":"closed","sticky":false,"template":"","format":"standard","meta":{"om_disable_all_campaigns":false,"_monsterinsights_skip_tracking":false,"_monsterinsights_sitenote_active":false,"_monsterinsights_sitenote_note":"","_monsterinsights_sitenote_category":0,"_uf_show_specific_survey":0,"_uf_disable_surveys":false,"footnotes":""},"categories":[10],"tags":[],"class_list":["post-14492","post","type-post","status-publish","format-standard","has-post-thumbnail","hentry","category-provinciadecastello"],"_links":{"self":[{"href":"https:\/\/elcafedepipa.com\/index.php\/wp-json\/wp\/v2\/posts\/14492","targetHints":{"allow":["GET"]}}],"collection":[{"href":"https:\/\/elcafedepipa.com\/index.php\/wp-json\/wp\/v2\/posts"}],"about":[{"href":"https:\/\/elcafedepipa.com\/index.php\/wp-json\/wp\/v2\/types\/post"}],"author":[{"embeddable":true,"href":"https:\/\/elcafedepipa.com\/index.php\/wp-json\/wp\/v2\/users\/2"}],"replies":[{"embeddable":true,"href":"https:\/\/elcafedepipa.com\/index.php\/wp-json\/wp\/v2\/comments?post=14492"}],"version-history":[{"count":0,"href":"https:\/\/elcafedepipa.com\/index.php\/wp-json\/wp\/v2\/posts\/14492\/revisions"}],"wp:featuredmedia":[{"embeddable":true,"href":"https:\/\/elcafedepipa.com\/index.php\/wp-json\/wp\/v2\/media\/14493"}],"wp:attachment":[{"href":"https:\/\/elcafedepipa.com\/index.php\/wp-json\/wp\/v2\/media?parent=14492"}],"wp:term":[{"taxonomy":"category","embeddable":true,"href":"https:\/\/elcafedepipa.com\/index.php\/wp-json\/wp\/v2\/categories?post=14492"},{"taxonomy":"post_tag","embeddable":true,"href":"https:\/\/elcafedepipa.com\/index.php\/wp-json\/wp\/v2\/tags?post=14492"}],"curies":[{"name":"wp","href":"https:\/\/api.w.org\/{rel}","templated":true}]}}