{"id":14488,"date":"2025-06-03T12:45:22","date_gmt":"2025-06-03T10:45:22","guid":{"rendered":"https:\/\/elcafedepipa.com\/?p=14488"},"modified":"2025-06-03T12:45:23","modified_gmt":"2025-06-03T10:45:23","slug":"la-unio-denuncia-que-el-preu-de-la-fruita-destiu-es-quadruplica-del-camp-als-lineals-de-la-distribucio","status":"publish","type":"post","link":"https:\/\/elcafedepipa.com\/index.php\/2025\/06\/03\/la-unio-denuncia-que-el-preu-de-la-fruita-destiu-es-quadruplica-del-camp-als-lineals-de-la-distribucio\/","title":{"rendered":"LA UNI\u00d3 denuncia que el preu de la fruita d&#8217;estiu es quadruplica del camp als lineals de la distribuci\u00f3"},"content":{"rendered":"\n<p>La difer\u00e8ncia de preus de la fruita d&#8217;estiu (bresquilla, nectarina, pavia, paraguai\u00e0 i prunera) es quadruplica des del camp fins que arriba als lineals de la distribuci\u00f3, segons les dades recopilades per La Uni\u00f3 Llauradora.<\/p>\n\n\n\n<p>A l&#8217;espera de les cotitzacions d&#8217;aquesta campanya, per exemple l&#8217;any passat la mitjana que van percebre els productors va ser de 0,70 \u20ac\/kg, mentre que en supermercats o hipermercats va arribar a una mitjana de 3,50 \u20ac\/kg. Aquesta campanya, encara que els preus en camp seran lleugerament superiors i en el cas de les nectarines es confia que arriben a 1 euro\/kg, en els lineals de la distribuci\u00f3 per exemple es pot trobar ja aquesta fruita en aquests moments a 5,40 \u20ac\/kg.<\/p>\n\n\n\n<p>Iniciada ja la campanya de recol\u00b7lecci\u00f3 en les zones productores de la Comunitat Valenciana en les quals hi ha 9.188 hect\u00e0rees cultivades, incloent-hi la cirera, s&#8217;observa una fruita de qualitat excepcional amb bons calibres, sense tot just rebuig all\u00ed on no s&#8217;ha notat l&#8217;efecte de la pedra. En les parcel\u00b7les on s\u00ed han afectat les adversitats meteorol\u00f2giques, els minvaments entelaran eixa pujada de preu de la qual es comen\u00e7a a parlar en el sector. Es preveu una collita de m\u00e9s de 13.000 tones, lleugerament inferior a la passada, encara que els ajustos posteriors despr\u00e9s de l&#8217;impacte de la pedra podria fer-la descendir encara m\u00e9s. Els productors valencians de fruita es lamenten que el preu no \u00e9s remunerador. \u201cCuesta molt esfor\u00e7 produir, per\u00f2 el preu no compensa. Els consumidors paguen un preu excessiu per la fruita i nosaltres a penes cobrim les despeses. Ens posem contents i ens conformem amb 1 euro el quilo en un any bo en algun cultiu, mentre el consumidor paga m\u00e9s de 5\u201d, assenyalen.<\/p>\n\n\n\n<p>LA UNI\u00d3 proposa per a revertir la tend\u00e8ncia de consum a la baixa campanyes de promoci\u00f3 de la fruita tant des de les inst\u00e0ncies estatals com des de la Generalitat, en les quals es destaque la gran qualitat, proximitat i benefici per a la salut de les persones, per als nostres pobles i el medi ambient en contraposici\u00f3 amb la fruita arribada de fora de la Uni\u00f3 Europea. Les \u00faltimes dades oficials detecten que el consum de fruita a Espanya segueix en caiguda lliure: cada ciutad\u00e0 ingereix 78,6 quilos de fruites, la qual cosa suposa un 24,8% menys que fa una d\u00e8cada quan eren 102,5 kg. El segment de fruites que m\u00e9s ha caigut des de l&#8217;any 2008 \u00e9s el de c\u00edtrics i el de fruites de llavor, tots dos presenten una variaci\u00f3 que superen el 33% en termes negatius. En contraposici\u00f3, l&#8217;\u00fanic segment que creix respecte a 2008 \u00e9s el de fruites ex\u00f2tiques.<\/p>\n\n\n\n<p>Els productors destaquen les dificultats per a trobar m\u00e0 d&#8217;obra especialitzada que realitze les tasques d&#8217;aclarit i recol\u00b7lecci\u00f3 de la fruita. Tamb\u00e9 critiquen l&#8217;augment de les importacions de fruites d&#8217;altres pa\u00efsos. Reclama LA UNI\u00d3 un major pressupost en investigaci\u00f3 per a aconseguir varietats cada vegada m\u00e9s adaptades al canvi clim\u00e0tic amb l&#8217;objectiu de ser competitius en els mercats.<\/p>\n\n\n\n<p>D&#8217;altra banda, l&#8217;organitzaci\u00f3 considera l&#8217;asseguran\u00e7a agr\u00e0ria com una eina fonamental al servei de l&#8217;agricultor, especialment donat l&#8217;augment significatiu de la sinistralitat dels \u00faltims anys. Els sinistres s&#8217;han tornat m\u00e9s freq\u00fcents i d&#8217;una intensitat major, la qual cosa ressalta encara m\u00e9s la import\u00e0ncia de comptar amb aquesta mena de protecci\u00f3. Per aix\u00f2, LA UNI\u00d3 proposa que les administracions incrementen les subvencions a l&#8217;asseguran\u00e7a per als llauradors professionals de fruita fins al 70%, que \u00e9s el l\u00edmit m\u00e0xim perm\u00e9s per la UE. Un altre aspecte que inquieta \u00e9s la pressi\u00f3 normativa de la UE per a restringir l&#8217;\u00fas de productes fitosanitaris. Els professionals es mostren molt preocupats sobre l&#8217;impacte d&#8217;aquesta indefensi\u00f3 en la seua competitivitat, ja que el dif\u00edcil acc\u00e9s a eines de control de plagues i malalties (supressi\u00f3 de mat\u00e8ries actives i productes fitosanitaris o limitaci\u00f3 del seu \u00fas) est\u00e0 deixant sense protecci\u00f3 fitosanit\u00e0ria a les plantacions europees.<\/p>\n\n\n\n<p><\/p>\n","protected":false},"excerpt":{"rendered":"<p>La difer\u00e8ncia de preus de la fruita d&#8217;estiu (bresquilla, nectarina, pavia, paraguai\u00e0 i prunera) es quadruplica des del camp fins que arriba als lineals de la distribuci\u00f3, segons les dades recopilades per La Uni\u00f3 Llauradora. A l&#8217;espera de les cotitzacions d&#8217;aquesta campanya, per exemple l&#8217;any passat la mitjana que van percebre els productors va ser &#8230; <a title=\"LA UNI\u00d3 denuncia que el preu de la fruita d&#8217;estiu es quadruplica del camp als lineals de la distribuci\u00f3\" class=\"read-more\" href=\"https:\/\/elcafedepipa.com\/index.php\/2025\/06\/03\/la-unio-denuncia-que-el-preu-de-la-fruita-destiu-es-quadruplica-del-camp-als-lineals-de-la-distribucio\/\" aria-label=\"M\u00e9s informaci\u00f3 sobre LA UNI\u00d3 denuncia que el preu de la fruita d&#8217;estiu es quadruplica del camp als lineals de la distribuci\u00f3\">Read more<\/a><\/p>\n","protected":false},"author":2,"featured_media":14489,"comment_status":"closed","ping_status":"closed","sticky":false,"template":"","format":"standard","meta":{"om_disable_all_campaigns":false,"_monsterinsights_skip_tracking":false,"_monsterinsights_sitenote_active":false,"_monsterinsights_sitenote_note":"","_monsterinsights_sitenote_category":0,"_uf_show_specific_survey":0,"_uf_disable_surveys":false,"footnotes":""},"categories":[1],"tags":[],"class_list":["post-14488","post","type-post","status-publish","format-standard","has-post-thumbnail","hentry","category-non-classe"],"_links":{"self":[{"href":"https:\/\/elcafedepipa.com\/index.php\/wp-json\/wp\/v2\/posts\/14488","targetHints":{"allow":["GET"]}}],"collection":[{"href":"https:\/\/elcafedepipa.com\/index.php\/wp-json\/wp\/v2\/posts"}],"about":[{"href":"https:\/\/elcafedepipa.com\/index.php\/wp-json\/wp\/v2\/types\/post"}],"author":[{"embeddable":true,"href":"https:\/\/elcafedepipa.com\/index.php\/wp-json\/wp\/v2\/users\/2"}],"replies":[{"embeddable":true,"href":"https:\/\/elcafedepipa.com\/index.php\/wp-json\/wp\/v2\/comments?post=14488"}],"version-history":[{"count":0,"href":"https:\/\/elcafedepipa.com\/index.php\/wp-json\/wp\/v2\/posts\/14488\/revisions"}],"wp:featuredmedia":[{"embeddable":true,"href":"https:\/\/elcafedepipa.com\/index.php\/wp-json\/wp\/v2\/media\/14489"}],"wp:attachment":[{"href":"https:\/\/elcafedepipa.com\/index.php\/wp-json\/wp\/v2\/media?parent=14488"}],"wp:term":[{"taxonomy":"category","embeddable":true,"href":"https:\/\/elcafedepipa.com\/index.php\/wp-json\/wp\/v2\/categories?post=14488"},{"taxonomy":"post_tag","embeddable":true,"href":"https:\/\/elcafedepipa.com\/index.php\/wp-json\/wp\/v2\/tags?post=14488"}],"curies":[{"name":"wp","href":"https:\/\/api.w.org\/{rel}","templated":true}]}}