{"id":14482,"date":"2025-06-03T12:41:42","date_gmt":"2025-06-03T10:41:42","guid":{"rendered":"https:\/\/elcafedepipa.com\/?p=14482"},"modified":"2025-06-03T12:55:03","modified_gmt":"2025-06-03T10:55:03","slug":"lescola-dart-i-superior-de-disseny-de-castello-hace-ba-lance-de-su-participacion-en-la-feria-marte","status":"publish","type":"post","link":"https:\/\/elcafedepipa.com\/index.php\/2025\/06\/03\/lescola-dart-i-superior-de-disseny-de-castello-hace-ba-lance-de-su-participacion-en-la-feria-marte\/","title":{"rendered":"L\u2019Escola d\u2019Art i Superior de Disseny de Castell\u00f3 hace balance de su participaci\u00f3n en la Feria MARTE"},"content":{"rendered":"\n<p>L\u2019Escola d\u2019Art i Superior de Disseny de Castell\u00f3 ha querido hacer balance de este pasado mes de mayo donde destaca su participaci\u00f3n en la 12a edici\u00f3n de la Feria MARTE de Arte Contempor\u00e1neo, celebrada del 23 al 26 de mayo en Castell\u00f3, con una selecci\u00f3n de libros de artista realizados por el alumnado del M\u00e1ster en Serigraf\u00eda y Grabado. \u201cLa presencia de la escuela en MARTE consolida su compromiso con la proyecci\u00f3n profesional y art\u00edstica del<\/p>\n\n\n\n<p>estudiantado, brindando un espacio de visibilidad dentro de uno de los eventos culturales m\u00e1s destacados de la provincia\u201d, se\u00f1alan fuentes del centro.<\/p>\n\n\n\n<p>La propuesta expositiva, comisariada por el profesorado del m\u00e1ster, ha reunido piezas que exploran las posibilidades del libro como objeto art\u00edstico, combinando t\u00e9cnicas tradicionales de grabado con enfoques contempor\u00e1neos y experimentales.<\/p>\n\n\n\n<p>\u201cParticipar en MARTE supone para nuestro alumnado una oportunidad \u00fanica de entrar en contacto con el circuito profesional del arte contempor\u00e1neo y de mostrar el trabajo que se genera en la escuela desde una perspectiva abierta, cr\u00edtica y rigurosa\u201d, han explicado desde la direcci\u00f3n del centro.<\/p>\n\n\n\n<p>L\u2019EASD Castell\u00f3 contin\u00faa as\u00ed su labor de conexi\u00f3n entre la educaci\u00f3n art\u00edstica superior y el ecosistema cultural del territorio, reafirmando su papel como agente activo en la formaci\u00f3n de nuevas generaciones de creadoras y creadores. La Feria MARTE, que este a\u00f1o ha contado con una destacada presencia de artistas y galer\u00edas del panorama nacional e internacional, refuerza su perfil como plataforma de difusi\u00f3n del arte contempor\u00e1neo y como espacio de encuentro para profesionales del sector<\/p>\n\n\n\n<p><\/p>\n","protected":false},"excerpt":{"rendered":"<p>L\u2019Escola d\u2019Art i Superior de Disseny de Castell\u00f3 ha querido hacer balance de este pasado mes de mayo donde destaca su participaci\u00f3n en la 12a edici\u00f3n de la Feria MARTE de Arte Contempor\u00e1neo, celebrada del 23 al 26 de mayo en Castell\u00f3, con una selecci\u00f3n de libros de artista realizados por el alumnado del M\u00e1ster &#8230; <a title=\"L\u2019Escola d\u2019Art i Superior de Disseny de Castell\u00f3 hace balance de su participaci\u00f3n en la Feria MARTE\" class=\"read-more\" href=\"https:\/\/elcafedepipa.com\/index.php\/2025\/06\/03\/lescola-dart-i-superior-de-disseny-de-castello-hace-ba-lance-de-su-participacion-en-la-feria-marte\/\" aria-label=\"M\u00e9s informaci\u00f3 sobre L\u2019Escola d\u2019Art i Superior de Disseny de Castell\u00f3 hace balance de su participaci\u00f3n en la Feria MARTE\">Read more<\/a><\/p>\n","protected":false},"author":2,"featured_media":14483,"comment_status":"closed","ping_status":"closed","sticky":false,"template":"","format":"standard","meta":{"om_disable_all_campaigns":false,"_monsterinsights_skip_tracking":false,"_monsterinsights_sitenote_active":false,"_monsterinsights_sitenote_note":"","_monsterinsights_sitenote_category":0,"_uf_show_specific_survey":0,"_uf_disable_surveys":false,"footnotes":""},"categories":[10],"tags":[],"class_list":["post-14482","post","type-post","status-publish","format-standard","has-post-thumbnail","hentry","category-provinciadecastello"],"_links":{"self":[{"href":"https:\/\/elcafedepipa.com\/index.php\/wp-json\/wp\/v2\/posts\/14482","targetHints":{"allow":["GET"]}}],"collection":[{"href":"https:\/\/elcafedepipa.com\/index.php\/wp-json\/wp\/v2\/posts"}],"about":[{"href":"https:\/\/elcafedepipa.com\/index.php\/wp-json\/wp\/v2\/types\/post"}],"author":[{"embeddable":true,"href":"https:\/\/elcafedepipa.com\/index.php\/wp-json\/wp\/v2\/users\/2"}],"replies":[{"embeddable":true,"href":"https:\/\/elcafedepipa.com\/index.php\/wp-json\/wp\/v2\/comments?post=14482"}],"version-history":[{"count":0,"href":"https:\/\/elcafedepipa.com\/index.php\/wp-json\/wp\/v2\/posts\/14482\/revisions"}],"wp:featuredmedia":[{"embeddable":true,"href":"https:\/\/elcafedepipa.com\/index.php\/wp-json\/wp\/v2\/media\/14483"}],"wp:attachment":[{"href":"https:\/\/elcafedepipa.com\/index.php\/wp-json\/wp\/v2\/media?parent=14482"}],"wp:term":[{"taxonomy":"category","embeddable":true,"href":"https:\/\/elcafedepipa.com\/index.php\/wp-json\/wp\/v2\/categories?post=14482"},{"taxonomy":"post_tag","embeddable":true,"href":"https:\/\/elcafedepipa.com\/index.php\/wp-json\/wp\/v2\/tags?post=14482"}],"curies":[{"name":"wp","href":"https:\/\/api.w.org\/{rel}","templated":true}]}}