{"id":14479,"date":"2025-06-03T12:39:41","date_gmt":"2025-06-03T10:39:41","guid":{"rendered":"https:\/\/elcafedepipa.com\/?p=14479"},"modified":"2025-06-03T12:39:41","modified_gmt":"2025-06-03T10:39:41","slug":"nules-interposa-un-recurs-contencios-administratiu-contra-la-inactivitat-de-costes-davant-la-regeneracio-del-seu-litora","status":"publish","type":"post","link":"https:\/\/elcafedepipa.com\/index.php\/2025\/06\/03\/nules-interposa-un-recurs-contencios-administratiu-contra-la-inactivitat-de-costes-davant-la-regeneracio-del-seu-litora\/","title":{"rendered":"Nules interposa un recurs contenci\u00f3s-administratiu contra la inactivitat de costes davant la regeneraci\u00f3 del seu litora"},"content":{"rendered":"\n<p>L\u2019Ajuntament de Nules pren de nou accions reivindicatives per a aconseguir la regeneraci\u00f3 del seu litoral, aix\u00ed hui mateix l\u2019Alcalde de Nules, David Garc\u00eda, ha signat un decret per a interposar un recurs contenci\u00f3s-administratiu contra la inactivitat del Ministeri per a la Transici\u00f3 Ecol\u00f2gica i el Repte Demogr\u00e0fic del Govern d\u2019Espanya per la falta de resoluci\u00f3 i d\u2019execuci\u00f3 de mesures de regeneraci\u00f3.<\/p>\n\n\n\n<p>En concret, aquest recurs es presenta despr\u00e9s de quasi dos anys de reiterades sol\u00b7licituds fetes per l\u2019Ajuntament de Nules per a l\u2019adopci\u00f3 de mesures urgents de regeneraci\u00f3 i estabilitzaci\u00f3 del tram coster de les platges de Nules que fins ara no han tingut contestaci\u00f3.<\/p>\n\n\n\n<p>\u201cExigim al Govern d\u2019Espanya que conteste a un poble preocupat per la regeneraci\u00f3 de les seues platges, el silenci de l\u2019administraci\u00f3 general \u00e9s un menyspreu a la ciutadania de Nules intolerable, per tant demanem p\u00fablicament i davant la just\u00edcia una contestaci\u00f3. Encara que \u00e9s lamentable haver de rec\u00f3rrer a la just\u00edcia per a exigir a l\u2019administraci\u00f3 de l\u2019Estat que conteste els escrits de l\u2019Ajuntament de Nules\u201d, explica l\u2019alcalde, David Garc\u00eda.<\/p>\n\n\n\n<p>En aquest sentit, Garc\u00eda ha assenyalat que en aquest assumpte tots els grups municipals van de la ma per a aconseguir una demanda hist\u00f2rica del poble de Nules, \u201cla platja de Nules \u00e9s la gran oblidada de tots els Governs d\u2019Espanya, portem demanant actuacions des de l\u2019any 1947 quan ens varem veure afectats per les obres del port de Borriana\u201d, i afegeix que aquesta situaci\u00f3 ha afectat al municipi en gran mesura \u201cperqu\u00e8 no ens hem pogut desenvolupar tur\u00edsticament\u201d.<\/p>\n\n\n\n<p>Aix\u00ed mateix, explica que les actuacions fetes recentment a la platja de les Marines afecten sols a un 10 per cert del litoral, \u201cper tant s\u00f3n insuficients i anem a seguir exigint la regeneraci\u00f3 de la resta de les nostres platges\u201d.<\/p>\n\n\n\n<p>L\u2019Alcalde destaca el comprom\u00eds absolut del seu equip en la defensa del litoral i de les casetes de primera l\u00ednia com a patrimoni cultural, de manera que anuncia noves mobilitzacions aquest estiu si Costes segueix sense actuar.<\/p>\n\n\n\n<p>Jornada sobre la gesti\u00f3 del litoral<\/p>\n\n\n\n<p>Aix\u00ed mateix, per altra banda dissabte, 7 de juny, Nules albergar\u00e0 una nova jornada sobre \u201dLa gesti\u00f3n del litoral: retos y oportunidades en la playa de Nules\u201d, que comptar\u00e0 amb la pres\u00e8ncia del Conseller de Medi Ambient, Infraestructures i Territori de la Generalitat Valenciana, Vicente Mart\u00ednez Mus, i de professionals i experts en mat\u00e8ria de costes com ara el catedr\u00e0tic de la Universitat Polit\u00e8cnica de Val\u00e8ncia, Jos\u00e9 Serra, o de l\u2019advocada Salma Cantos.<\/p>\n\n\n\n<p>Cal destacar que, aquesta jornada va n\u00e0ixer amb un objectiu clar com \u00e9s generar un espai de reflexi\u00f3, de debat i de propostes de present i de futur del litoral de Nules.<\/p>\n\n\n\n<p>La celebraci\u00f3 d\u2019aquesta segona edici\u00f3 respon al comprom\u00eds de l\u2019Ajuntament de Nules amb la defensa i la regeneraci\u00f3 de la seua costa, que des de fa molts anys pateix un greu proc\u00e9s de regressi\u00f3, \u201cfruit de la inacci\u00f3 de les administracions competents i d\u2019una planificaci\u00f3 costera que no ha sabut respondre als desafiaments actuals\u201d, apunta la regidora de Platges, M. Jos\u00e9 Esteban.<\/p>\n\n\n\n<p>Amb tot, des de l\u2019ajuntament es presenta aquesta jornada com un altaveu per a seguir reivindicant actuacions de regeneraci\u00f3 en la totalitat de les platges de Nules.<\/p>\n","protected":false},"excerpt":{"rendered":"<p>L\u2019Ajuntament de Nules pren de nou accions reivindicatives per a aconseguir la regeneraci\u00f3 del seu litoral, aix\u00ed hui mateix l\u2019Alcalde de Nules, David Garc\u00eda, ha signat un decret per a interposar un recurs contenci\u00f3s-administratiu contra la inactivitat del Ministeri per a la Transici\u00f3 Ecol\u00f2gica i el Repte Demogr\u00e0fic del Govern d\u2019Espanya per la falta de &#8230; <a title=\"Nules interposa un recurs contenci\u00f3s-administratiu contra la inactivitat de costes davant la regeneraci\u00f3 del seu litora\" class=\"read-more\" href=\"https:\/\/elcafedepipa.com\/index.php\/2025\/06\/03\/nules-interposa-un-recurs-contencios-administratiu-contra-la-inactivitat-de-costes-davant-la-regeneracio-del-seu-litora\/\" aria-label=\"M\u00e9s informaci\u00f3 sobre Nules interposa un recurs contenci\u00f3s-administratiu contra la inactivitat de costes davant la regeneraci\u00f3 del seu litora\">Read more<\/a><\/p>\n","protected":false},"author":2,"featured_media":14480,"comment_status":"closed","ping_status":"closed","sticky":false,"template":"","format":"standard","meta":{"om_disable_all_campaigns":false,"_monsterinsights_skip_tracking":false,"_monsterinsights_sitenote_active":false,"_monsterinsights_sitenote_note":"","_monsterinsights_sitenote_category":0,"_uf_show_specific_survey":0,"_uf_disable_surveys":false,"footnotes":""},"categories":[3],"tags":[],"class_list":["post-14479","post","type-post","status-publish","format-standard","has-post-thumbnail","hentry","category-nules"],"_links":{"self":[{"href":"https:\/\/elcafedepipa.com\/index.php\/wp-json\/wp\/v2\/posts\/14479","targetHints":{"allow":["GET"]}}],"collection":[{"href":"https:\/\/elcafedepipa.com\/index.php\/wp-json\/wp\/v2\/posts"}],"about":[{"href":"https:\/\/elcafedepipa.com\/index.php\/wp-json\/wp\/v2\/types\/post"}],"author":[{"embeddable":true,"href":"https:\/\/elcafedepipa.com\/index.php\/wp-json\/wp\/v2\/users\/2"}],"replies":[{"embeddable":true,"href":"https:\/\/elcafedepipa.com\/index.php\/wp-json\/wp\/v2\/comments?post=14479"}],"version-history":[{"count":0,"href":"https:\/\/elcafedepipa.com\/index.php\/wp-json\/wp\/v2\/posts\/14479\/revisions"}],"wp:featuredmedia":[{"embeddable":true,"href":"https:\/\/elcafedepipa.com\/index.php\/wp-json\/wp\/v2\/media\/14480"}],"wp:attachment":[{"href":"https:\/\/elcafedepipa.com\/index.php\/wp-json\/wp\/v2\/media?parent=14479"}],"wp:term":[{"taxonomy":"category","embeddable":true,"href":"https:\/\/elcafedepipa.com\/index.php\/wp-json\/wp\/v2\/categories?post=14479"},{"taxonomy":"post_tag","embeddable":true,"href":"https:\/\/elcafedepipa.com\/index.php\/wp-json\/wp\/v2\/tags?post=14479"}],"curies":[{"name":"wp","href":"https:\/\/api.w.org\/{rel}","templated":true}]}}