{"id":14476,"date":"2025-06-03T12:36:45","date_gmt":"2025-06-03T10:36:45","guid":{"rendered":"https:\/\/elcafedepipa.com\/?p=14476"},"modified":"2025-06-03T12:36:46","modified_gmt":"2025-06-03T10:36:46","slug":"lajuntament-de-la-vall-duixo-promou-el-valencia-amb-una-serie-dactivitats-escolars","status":"publish","type":"post","link":"https:\/\/elcafedepipa.com\/index.php\/2025\/06\/03\/lajuntament-de-la-vall-duixo-promou-el-valencia-amb-una-serie-dactivitats-escolars\/","title":{"rendered":"L\u2019Ajuntament de la Vall d\u2019Uix\u00f3 promou el valenci\u00e0 amb una s\u00e8rie d\u2019activitats escolars"},"content":{"rendered":"\n<p>L\u2019Ajuntament de la Vall d\u2019Uix\u00f3 ha presentat una s\u00e8rie d\u2019activitats escolars que es realitzaran durant el mes de juny. La programaci\u00f3 \u2018L\u2019escola no para\u2019 engloba accions d\u2019innovaci\u00f3 educativa a trav\u00e9s del cant, la r\u00e0dio i el cinema. El regidor d\u2019Educaci\u00f3, Manel Agea, ha explicat que s\u00f3n \u201ciniciatives educatives de ciutat, consolidades i pensades per a potenciar l\u2019educaci\u00f3 p\u00fablica i complementar la tasca que es fa a les aules\u201d.<\/p>\n\n\n\n<p>La primera de les activitats \u00e9s \u2018L\u2019escola Canta\u2019 (Innova Cant), el concert final del qual se celebrar\u00e0 aquest diumenge, 8 de juny, a les 12.00 hores, a l\u2019Auditori. Hi participen els CEIP Ausi\u00e0s March, Eleuterio P\u00e9rez, Recaredo Centelles, Assumpci\u00f3, Col\u00f2nia Segarra, Cervantes, IES Bot\u00e0nic Cavanilles i la Uni\u00f3 Musical Valldeuxense.<\/p>\n\n\n\n<p>L\u2019alumnat participant representar\u00e0 l\u2019obra musical, in\u00e8dita i original, \u2018Mans menudes, grans accions\u2019, composta per Mario Roig i Jordi Pla. Aquest projecte utilitza la m\u00fasica i el cant com a eines pedag\u00f2giques i de promoci\u00f3 del valenci\u00e0, a m\u00e9s del treball cooperatiu entre els diferents centres educatius i la difusi\u00f3 de valors positius.<\/p>\n\n\n\n<p>D\u2019altra banda, aquesta setmana tamb\u00e9 es dur\u00e0 a terme la campanya de cinema en valenci\u00e0 per a escolars, amb la projecci\u00f3 de pel\u00b7l\u00edcules adaptades a cada etapa educativa. En aquest sentit, Agea ha destacat la import\u00e0ncia de \u201cpromocionar la nostra llengua en tots els \u00e0mbits, tamb\u00e9 en usos socials i en espais que normalment rebem en castell\u00e0\u201d.<\/p>\n\n\n\n<p>Finalment, dins del projecte \u2018L\u2019escola fa r\u00e0dio\u2019, diversos centres educatius de la Vall han gravat una s\u00e8rie de programes de r\u00e0dio que s\u2019emetran aquest mes a R\u00e0dio la Vall d\u2019Uix\u00f3 Cadena Ser, recuperant aix\u00ed una iniciativa que potencia la compet\u00e8ncia oral i escrita de l\u2019alumnat i el submergeix en el proc\u00e9s creatiu de realitzaci\u00f3 de continguts, entrevistes, escaletes i gravacions.<\/p>\n","protected":false},"excerpt":{"rendered":"<p>L\u2019Ajuntament de la Vall d\u2019Uix\u00f3 ha presentat una s\u00e8rie d\u2019activitats escolars que es realitzaran durant el mes de juny. La programaci\u00f3 \u2018L\u2019escola no para\u2019 engloba accions d\u2019innovaci\u00f3 educativa a trav\u00e9s del cant, la r\u00e0dio i el cinema. El regidor d\u2019Educaci\u00f3, Manel Agea, ha explicat que s\u00f3n \u201ciniciatives educatives de ciutat, consolidades i pensades per a &#8230; <a title=\"L\u2019Ajuntament de la Vall d\u2019Uix\u00f3 promou el valenci\u00e0 amb una s\u00e8rie d\u2019activitats escolars\" class=\"read-more\" href=\"https:\/\/elcafedepipa.com\/index.php\/2025\/06\/03\/lajuntament-de-la-vall-duixo-promou-el-valencia-amb-una-serie-dactivitats-escolars\/\" aria-label=\"M\u00e9s informaci\u00f3 sobre L\u2019Ajuntament de la Vall d\u2019Uix\u00f3 promou el valenci\u00e0 amb una s\u00e8rie d\u2019activitats escolars\">Read more<\/a><\/p>\n","protected":false},"author":2,"featured_media":14477,"comment_status":"closed","ping_status":"open","sticky":false,"template":"","format":"standard","meta":{"om_disable_all_campaigns":false,"_monsterinsights_skip_tracking":false,"_monsterinsights_sitenote_active":false,"_monsterinsights_sitenote_note":"","_monsterinsights_sitenote_category":0,"_uf_show_specific_survey":0,"_uf_disable_surveys":false,"footnotes":""},"categories":[2],"tags":[],"class_list":["post-14476","post","type-post","status-publish","format-standard","has-post-thumbnail","hentry","category-lavallduixo"],"_links":{"self":[{"href":"https:\/\/elcafedepipa.com\/index.php\/wp-json\/wp\/v2\/posts\/14476","targetHints":{"allow":["GET"]}}],"collection":[{"href":"https:\/\/elcafedepipa.com\/index.php\/wp-json\/wp\/v2\/posts"}],"about":[{"href":"https:\/\/elcafedepipa.com\/index.php\/wp-json\/wp\/v2\/types\/post"}],"author":[{"embeddable":true,"href":"https:\/\/elcafedepipa.com\/index.php\/wp-json\/wp\/v2\/users\/2"}],"replies":[{"embeddable":true,"href":"https:\/\/elcafedepipa.com\/index.php\/wp-json\/wp\/v2\/comments?post=14476"}],"version-history":[{"count":0,"href":"https:\/\/elcafedepipa.com\/index.php\/wp-json\/wp\/v2\/posts\/14476\/revisions"}],"wp:featuredmedia":[{"embeddable":true,"href":"https:\/\/elcafedepipa.com\/index.php\/wp-json\/wp\/v2\/media\/14477"}],"wp:attachment":[{"href":"https:\/\/elcafedepipa.com\/index.php\/wp-json\/wp\/v2\/media?parent=14476"}],"wp:term":[{"taxonomy":"category","embeddable":true,"href":"https:\/\/elcafedepipa.com\/index.php\/wp-json\/wp\/v2\/categories?post=14476"},{"taxonomy":"post_tag","embeddable":true,"href":"https:\/\/elcafedepipa.com\/index.php\/wp-json\/wp\/v2\/tags?post=14476"}],"curies":[{"name":"wp","href":"https:\/\/api.w.org\/{rel}","templated":true}]}}