{"id":14446,"date":"2025-06-02T12:14:20","date_gmt":"2025-06-02T10:14:20","guid":{"rendered":"https:\/\/elcafedepipa.com\/?p=14446"},"modified":"2025-06-02T12:14:21","modified_gmt":"2025-06-02T10:14:21","slug":"el-pspv-acusa-el-consell-de-mazon-darraconar-la-lluita-contra-la-violencia-de-genere-amb-un-decret-mes-propi-de-vox-que-buida-de-contingut-les-unitats-digualtat","status":"publish","type":"post","link":"https:\/\/elcafedepipa.com\/index.php\/2025\/06\/02\/el-pspv-acusa-el-consell-de-mazon-darraconar-la-lluita-contra-la-violencia-de-genere-amb-un-decret-mes-propi-de-vox-que-buida-de-contingut-les-unitats-digualtat\/","title":{"rendered":"El PSPV acusa el Consell de Maz\u00f3n d\u2019arraconar la lluita contra la viol\u00e8ncia de g\u00e8nere amb un decret \u201cm\u00e9s propi de VOX\u201d que buida de contingut les unitats d\u2019igualtat"},"content":{"rendered":"\n<p>El PSPV-PSOE de Castell\u00f3 ha denunciat el desmantellament de les unitats d\u2019igualtat que treballen per combatre la viol\u00e8ncia de g\u00e8nere i ha exigit a Carlos Maz\u00f3n que les mantinga en les mateixes condicions actuals. La secret\u00e0ria d\u2019Igualtat, Paloma Pascual, aquesta situaci\u00f3 \u00e9s conseq\u00fc\u00e8ncia directa del frac\u00e0s del fraccionament de l\u2019Institut de les Dones decretat pel Consell del PP, \u201cun model que trenca l\u2019atenci\u00f3 integral i que suposa un retroc\u00e9s en la lluita contra la barb\u00e0rie masclista\u201d. \u201cLes pol\u00edtiques d\u2019igualtat no poden separar-se de la prevenci\u00f3 de les diferents formes de viol\u00e8ncia que patim les dones, perqu\u00e8 s\u00f3n l\u2019expressi\u00f3 m\u00e9s clara de la desigualtat estructural entre dones i homes\u201d, ha afegit.<\/p>\n\n\n\n<p>La dirigent socialista ha carregat contra el PP per \u201cdesterrar les pol\u00edtiques de lluita contra la viol\u00e8ncia de g\u00e8nere fora de l\u2019acci\u00f3 de govern\u201d i ha lamentat que \u201cmentre Maz\u00f3n retalla, oculta una realitat que no vol vore, i que \u00e9s &nbsp;que nom\u00e9s en 2024 es van fer 1.584 accions de prevenci\u00f3 i 8.026 derivacions de dones als serveis especialitzats de viol\u00e8ncia de g\u00e8nere que ara desmantella\u201d.<\/p>\n\n\n\n<p>Paloma Pascual ha alertat que el problema s\u2019agreuja amb el nou esborrany de decret que ha presentat la Conselleria de Susana Camarero, \u201con es modifiquen de manera substancial les funcions de les unitats d\u2019igualtat de serveis socials, fent desapar\u00e9ixer funcions com la detecci\u00f3 de la viol\u00e8ncia de g\u00e8nere i altres viol\u00e8ncies sexuals, la derivaci\u00f3 a recursos especialitzats, la coordinaci\u00f3 amb els serveis de la Generalitat i l\u2019an\u00e0lisi de les necessitats dels municipis en mat\u00e8ria de prevenci\u00f3\u201d. \u201c\u00c9s m\u00e9s propi de VOX\u201d, ha lamentat.<\/p>\n\n\n\n<p>La secret\u00e0ria d\u2019Igualtat ha remarcat que \u201cles dones v\u00edctimes de viol\u00e8ncia de g\u00e8nere no es poden permetre un govern que les tracte com un problema secundari\u201d i ha reivindicat que \u201ccal oferir recursos p\u00fablics, de qualitat i pr\u00f2xims per a protegir-les dels seus agressors, un treball que nom\u00e9s \u00e9s possible si es fa conjuntament amb els ajuntaments\u201d. A m\u00e9s d\u2019aix\u00f2, ha anunciat que les agrupacions socialistes presentaran mocions en tots els ajuntaments \u201cper a exigir la continu\u00eftat d\u2019aquest servei que dona suport directe a les dones v\u00edctimes de viol\u00e8ncia de g\u00e8nere\u201d.<\/p>\n","protected":false},"excerpt":{"rendered":"<p>El PSPV-PSOE de Castell\u00f3 ha denunciat el desmantellament de les unitats d\u2019igualtat que treballen per combatre la viol\u00e8ncia de g\u00e8nere i ha exigit a Carlos Maz\u00f3n que les mantinga en les mateixes condicions actuals. La secret\u00e0ria d\u2019Igualtat, Paloma Pascual, aquesta situaci\u00f3 \u00e9s conseq\u00fc\u00e8ncia directa del frac\u00e0s del fraccionament de l\u2019Institut de les Dones decretat pel &#8230; <a title=\"El PSPV acusa el Consell de Maz\u00f3n d\u2019arraconar la lluita contra la viol\u00e8ncia de g\u00e8nere amb un decret \u201cm\u00e9s propi de VOX\u201d que buida de contingut les unitats d\u2019igualtat\" class=\"read-more\" href=\"https:\/\/elcafedepipa.com\/index.php\/2025\/06\/02\/el-pspv-acusa-el-consell-de-mazon-darraconar-la-lluita-contra-la-violencia-de-genere-amb-un-decret-mes-propi-de-vox-que-buida-de-contingut-les-unitats-digualtat\/\" aria-label=\"M\u00e9s informaci\u00f3 sobre El PSPV acusa el Consell de Maz\u00f3n d\u2019arraconar la lluita contra la viol\u00e8ncia de g\u00e8nere amb un decret \u201cm\u00e9s propi de VOX\u201d que buida de contingut les unitats d\u2019igualtat\">Read more<\/a><\/p>\n","protected":false},"author":2,"featured_media":14447,"comment_status":"closed","ping_status":"closed","sticky":false,"template":"","format":"standard","meta":{"om_disable_all_campaigns":false,"_monsterinsights_skip_tracking":false,"_monsterinsights_sitenote_active":false,"_monsterinsights_sitenote_note":"","_monsterinsights_sitenote_category":0,"_uf_show_specific_survey":0,"_uf_disable_surveys":false,"footnotes":""},"categories":[11,10],"tags":[],"class_list":["post-14446","post","type-post","status-publish","format-standard","has-post-thumbnail","hentry","category-comunitatvalenciana","category-provinciadecastello"],"_links":{"self":[{"href":"https:\/\/elcafedepipa.com\/index.php\/wp-json\/wp\/v2\/posts\/14446","targetHints":{"allow":["GET"]}}],"collection":[{"href":"https:\/\/elcafedepipa.com\/index.php\/wp-json\/wp\/v2\/posts"}],"about":[{"href":"https:\/\/elcafedepipa.com\/index.php\/wp-json\/wp\/v2\/types\/post"}],"author":[{"embeddable":true,"href":"https:\/\/elcafedepipa.com\/index.php\/wp-json\/wp\/v2\/users\/2"}],"replies":[{"embeddable":true,"href":"https:\/\/elcafedepipa.com\/index.php\/wp-json\/wp\/v2\/comments?post=14446"}],"version-history":[{"count":0,"href":"https:\/\/elcafedepipa.com\/index.php\/wp-json\/wp\/v2\/posts\/14446\/revisions"}],"wp:featuredmedia":[{"embeddable":true,"href":"https:\/\/elcafedepipa.com\/index.php\/wp-json\/wp\/v2\/media\/14447"}],"wp:attachment":[{"href":"https:\/\/elcafedepipa.com\/index.php\/wp-json\/wp\/v2\/media?parent=14446"}],"wp:term":[{"taxonomy":"category","embeddable":true,"href":"https:\/\/elcafedepipa.com\/index.php\/wp-json\/wp\/v2\/categories?post=14446"},{"taxonomy":"post_tag","embeddable":true,"href":"https:\/\/elcafedepipa.com\/index.php\/wp-json\/wp\/v2\/tags?post=14446"}],"curies":[{"name":"wp","href":"https:\/\/api.w.org\/{rel}","templated":true}]}}