{"id":14440,"date":"2025-06-02T11:49:32","date_gmt":"2025-06-02T09:49:32","guid":{"rendered":"https:\/\/elcafedepipa.com\/?p=14440"},"modified":"2025-06-02T11:49:33","modified_gmt":"2025-06-02T09:49:33","slug":"chulia-sanchez-esta-provocant-el-collapse-de-la-comunitat-en-negar-laprovacio-del-fla-en-el-pitjor-moment-de-la-nostra-historia","status":"publish","type":"post","link":"https:\/\/elcafedepipa.com\/index.php\/2025\/06\/02\/chulia-sanchez-esta-provocant-el-collapse-de-la-comunitat-en-negar-laprovacio-del-fla-en-el-pitjor-moment-de-la-nostra-historia\/","title":{"rendered":"Chuli\u00e0: \u201cS\u00e1nchez est\u00e0 provocant el col\u00b7lapse de la Comunitat en negar l\u2019aprovaci\u00f3 del FLA en el pitjor moment de la nostra hist\u00f2ria\u201d"},"content":{"rendered":"\n<p>La s\u00edndica adjunta del GPP en Les Corts, Laura Chuli\u00e0, ha denunciat que el Govern de Pedro S\u00e1nchez \u201cest\u00e0 provocant el col\u00b7lapse de la Comunitat Valenciana en negar l\u2019aprovaci\u00f3 del Fons de Liquiditat Auton\u00f2mic extraordinari per primera vegada des de la posada en marxa dels Mecanismes de Liquiditat de l\u2019Estat en 2012\u201d.<\/p>\n\n\n\n<p>Una decisi\u00f3 que, a m\u00e9s, \u201cs\u2019ha pres en el pitjor moment\u201d, ja que \u201cens enfrontem al repte de la recuperaci\u00f3 social i econ\u00f2mica despr\u00e9s de la major cat\u00e0strofe natural de la nostra hist\u00f2ria\u201d.<\/p>\n\n\n\n<p>Davant aquesta situaci\u00f3, el Grup Popular ha presentat en Les Corts una proposici\u00f3 no de llei de tramitaci\u00f3 especial d\u2019urg\u00e8ncia per a exigir l\u2019aprovaci\u00f3 urgent del fons de liquiditat extraordinari. En aquest sentit, Chuli\u00e0 ha assenyalat que la falta d\u2019aquests fons \u201csobretot en un context com l\u2019actual, posa en perill els serveis p\u00fablics fonamentals dels valencians com la sanitat, l\u2019educaci\u00f3 o els serveis socials\u201d.<\/p>\n\n\n\n<p>La diputada popular ha retret al Govern \u201cl\u2019asf\u00edxia a la qual est\u00e0 sotmetent els prove\u00efdors de la Generalitat Valenciana que, a difer\u00e8ncia d\u2019anys anteriors, no poden tindre un horitz\u00f3 de cobrament concret, cosa que els provoca una enorme incertesa i dificulta que adopten les seues pr\u00f2pies mesures de gesti\u00f3 de tresoreria\u201d.<\/p>\n\n\n\n<p>\u201cEstem parlant tamb\u00e9 de sectors com l\u2019agricultura, la ind\u00fastria i el transport, serveis de neteja, seguretat i tots els vinculats als serveis i prestacions p\u00fabliques, que necessiten seguretat jur\u00eddica i certesa\u201d, ha subratllat.<\/p>\n\n\n\n<p>\u201cLa Comunitat Valenciana mant\u00e9 un d\u00e8ficit estructural, no per gastar m\u00e9s que la resta d\u2019autonomies, sin\u00f3 per ser la pitjor finan\u00e7ada\u201d, ha recalcat Chuli\u00e0, qui ha recordat que \u201csegons les dades de l\u2019Institut Valenci\u00e0 d\u2019Investigacions Econ\u00f2miques, el 80 % del deute valenci\u00e0 es deu a la infrafinan\u00e7aci\u00f3\u201d.<\/p>\n","protected":false},"excerpt":{"rendered":"<p>La s\u00edndica adjunta del GPP en Les Corts, Laura Chuli\u00e0, ha denunciat que el Govern de Pedro S\u00e1nchez \u201cest\u00e0 provocant el col\u00b7lapse de la Comunitat Valenciana en negar l\u2019aprovaci\u00f3 del Fons de Liquiditat Auton\u00f2mic extraordinari per primera vegada des de la posada en marxa dels Mecanismes de Liquiditat de l\u2019Estat en 2012\u201d. Una decisi\u00f3 que, &#8230; <a title=\"Chuli\u00e0: \u201cS\u00e1nchez est\u00e0 provocant el col\u00b7lapse de la Comunitat en negar l\u2019aprovaci\u00f3 del FLA en el pitjor moment de la nostra hist\u00f2ria\u201d\" class=\"read-more\" href=\"https:\/\/elcafedepipa.com\/index.php\/2025\/06\/02\/chulia-sanchez-esta-provocant-el-collapse-de-la-comunitat-en-negar-laprovacio-del-fla-en-el-pitjor-moment-de-la-nostra-historia\/\" aria-label=\"M\u00e9s informaci\u00f3 sobre Chuli\u00e0: \u201cS\u00e1nchez est\u00e0 provocant el col\u00b7lapse de la Comunitat en negar l\u2019aprovaci\u00f3 del FLA en el pitjor moment de la nostra hist\u00f2ria\u201d\">Read more<\/a><\/p>\n","protected":false},"author":2,"featured_media":14441,"comment_status":"closed","ping_status":"closed","sticky":false,"template":"","format":"standard","meta":{"om_disable_all_campaigns":false,"_monsterinsights_skip_tracking":false,"_monsterinsights_sitenote_active":false,"_monsterinsights_sitenote_note":"","_monsterinsights_sitenote_category":0,"_uf_show_specific_survey":0,"_uf_disable_surveys":false,"footnotes":""},"categories":[11],"tags":[],"class_list":["post-14440","post","type-post","status-publish","format-standard","has-post-thumbnail","hentry","category-comunitatvalenciana"],"_links":{"self":[{"href":"https:\/\/elcafedepipa.com\/index.php\/wp-json\/wp\/v2\/posts\/14440","targetHints":{"allow":["GET"]}}],"collection":[{"href":"https:\/\/elcafedepipa.com\/index.php\/wp-json\/wp\/v2\/posts"}],"about":[{"href":"https:\/\/elcafedepipa.com\/index.php\/wp-json\/wp\/v2\/types\/post"}],"author":[{"embeddable":true,"href":"https:\/\/elcafedepipa.com\/index.php\/wp-json\/wp\/v2\/users\/2"}],"replies":[{"embeddable":true,"href":"https:\/\/elcafedepipa.com\/index.php\/wp-json\/wp\/v2\/comments?post=14440"}],"version-history":[{"count":0,"href":"https:\/\/elcafedepipa.com\/index.php\/wp-json\/wp\/v2\/posts\/14440\/revisions"}],"wp:featuredmedia":[{"embeddable":true,"href":"https:\/\/elcafedepipa.com\/index.php\/wp-json\/wp\/v2\/media\/14441"}],"wp:attachment":[{"href":"https:\/\/elcafedepipa.com\/index.php\/wp-json\/wp\/v2\/media?parent=14440"}],"wp:term":[{"taxonomy":"category","embeddable":true,"href":"https:\/\/elcafedepipa.com\/index.php\/wp-json\/wp\/v2\/categories?post=14440"},{"taxonomy":"post_tag","embeddable":true,"href":"https:\/\/elcafedepipa.com\/index.php\/wp-json\/wp\/v2\/tags?post=14440"}],"curies":[{"name":"wp","href":"https:\/\/api.w.org\/{rel}","templated":true}]}}