{"id":14433,"date":"2025-06-02T10:42:00","date_gmt":"2025-06-02T08:42:00","guid":{"rendered":"https:\/\/elcafedepipa.com\/?p=14433"},"modified":"2025-06-02T10:42:01","modified_gmt":"2025-06-02T08:42:01","slug":"vicent-marza-visita-els-estanys-dalmenara-per-reforcar-el-compromis-europeu-per-a-la-seua-proteccio","status":"publish","type":"post","link":"https:\/\/elcafedepipa.com\/index.php\/2025\/06\/02\/vicent-marza-visita-els-estanys-dalmenara-per-reforcar-el-compromis-europeu-per-a-la-seua-proteccio\/","title":{"rendered":"Vicent Marz\u00e0 visita Els Estanys d\u2019Almenara per refor\u00e7ar el comprom\u00eds europeu per a la seua protecci\u00f3"},"content":{"rendered":"\n<p>L\u2019Eurodiputat de Comprom\u00eds, Vicent Marz\u00e0 i el portaveu local de Comprom\u00eds Almenara, Quique Castell\u00f3 Abad han visitat hui Els Estanys d\u2019Almenara. Castell\u00f3 ha donat a con\u00e9ixer de prop la situaci\u00f3 d\u2019aquest aiguamoll litoral valenci\u00e0 a l\u2019eurodiputat, que ha mostrat el seu suport als esfor\u00e7os per garantir-ne la protecci\u00f3. Durant la jornada, Marz\u00e0 s\u2019ha reunit amb voluntaris d\u2019Acci\u00f3 Ecologista-Agr\u00f3, una entitat que fa d\u00e8cades que treballa en la cust\u00f2dia del territori i que ha estat clau en la conservaci\u00f3 de la marjal. Aquesta trobada ha servit per visibilitzar la tasca que es fa a peu de camp i per escoltar les demandes de la societat civil implicada en la defensa d\u2019aquest paratge natural.<\/p>\n\n\n\n<p>Comprom\u00eds per Almenara busca conscienciar institucions i ciutadania sobre la necessitat urgent d\u2019actuar per preservar aquest espai d\u2019enorme valor ecol\u00f2gic i patrimonial sota el lema \u201cSalvar Els Estanys\u201d. Declarats Zona Ramsar des de 2017, els Estanys d\u2019Almenara formen part de la Xarxa Natura 2000 i estan catalogats com a Humedal d\u2019Import\u00e0ncia Internacional, amb una superf\u00edcie protegida de 1.474 hect\u00e0rees que s\u2019est\u00e9n per set municipis de dues comarques.<\/p>\n\n\n\n<p>Malgrat l\u2019estatus legal de protecci\u00f3, la zona es troba greument amena\u00e7ada per la sobreexplotaci\u00f3 dels aq\u00fc\u00edfers per usos agr\u00edcoles, la pressi\u00f3 tur\u00edstica, la interrupci\u00f3 del cabal ecol\u00f2gic, la degradaci\u00f3 per pressions urban\u00edstiques i la manca de gesti\u00f3 efectiva per part de les administracions competents.<\/p>\n\n\n\n<p>\u201cEls Estanys s\u00f3n un tresor ecol\u00f3gic valenci\u00e0 i europeu que no pot continuar patint la deixadesa institucional. Traslladarem al Parlament Europeu la necessitat d\u2019un <strong>seguiment actiu<\/strong> per part de les institucions europees i reclamarem en la Generalitat Valenciana la presentaci\u00f3 anual de plans de gesti\u00f3 h\u00eddrica i restauraci\u00f3\u201d ha assenyalat Marz\u00e0.<\/p>\n\n\n\n<p>\u201cProposarem la creaci\u00f3 d\u2019un observatori europeu per a fer un seguiment del compliment dels compromisos Ramsar, aix\u00ed com de l\u2019estat de la biodiversitat i els impactes humans. \u00c9s necessari incloure este espai dins d\u2019un Pla Especial per a zones humides Ramsar dins del marc del Green Deal europeu\u201d ha destacat Marz\u00e0 i ha donat el seu suport a la proposta de Comprom\u00eds per Almenara per a declarar Els Estanys com a Monument <strong>Natural<\/strong>, una figura de protecci\u00f3 superior dins de la normativa auton\u00f2mica.<\/p>\n\n\n\n<p>Per la seua banda, el portaveu de Comprom\u00eds per Almenara, Quique Castell\u00f3, ha denunciat que \u201cfa massa temps que els Estanys pateixen inacci\u00f3 institucional, mentre es plantegen ampliacions de p\u00e0rquings en plena zona humida protegida\u201d. Castell\u00f3 ha reclamat que les administracions locals i auton\u00f2miques deixen de mirar cap a un altre costat i actuen amb responsabilitat per garantir la conservaci\u00f3 efectiva d\u2019aquest entorn. Ha insistit en la necessitat d\u2019<strong>actualitzar el Cat\u00e0leg de Zones Humides<\/strong> amb criteris cient\u00edfics actualitzats i fomentar la <strong>cust\u00f2dia del territori<\/strong> a trav\u00e9s d\u2019acords amb entitats com Acci\u00f3 Ecologista-Agr\u00f3.<\/p>\n\n\n\n<p>La campanya \u201cSalvar Els Estanys\u201d es presenta com un crit d\u2019alerta i alhora com una proposta d\u2019acci\u00f3 estructurada per evitar que aquest espai d\u2019alt valor biol\u00f2gic i cultural es convertisca en una v\u00edctima m\u00e9s de la des\u00eddia institucional. Tant Marz\u00e0 com Castell\u00f3 han coincidit en afirmar que \u00e9s moment de passar de les paraules als fets i situar els Estanys al centre de l\u2019agenda ambiental almenarenca, valenciana i europea.<\/p>\n","protected":false},"excerpt":{"rendered":"<p>L\u2019Eurodiputat de Comprom\u00eds, Vicent Marz\u00e0 i el portaveu local de Comprom\u00eds Almenara, Quique Castell\u00f3 Abad han visitat hui Els Estanys d\u2019Almenara. Castell\u00f3 ha donat a con\u00e9ixer de prop la situaci\u00f3 d\u2019aquest aiguamoll litoral valenci\u00e0 a l\u2019eurodiputat, que ha mostrat el seu suport als esfor\u00e7os per garantir-ne la protecci\u00f3. Durant la jornada, Marz\u00e0 s\u2019ha reunit amb &#8230; <a title=\"Vicent Marz\u00e0 visita Els Estanys d\u2019Almenara per refor\u00e7ar el comprom\u00eds europeu per a la seua protecci\u00f3\" class=\"read-more\" href=\"https:\/\/elcafedepipa.com\/index.php\/2025\/06\/02\/vicent-marza-visita-els-estanys-dalmenara-per-reforcar-el-compromis-europeu-per-a-la-seua-proteccio\/\" aria-label=\"M\u00e9s informaci\u00f3 sobre Vicent Marz\u00e0 visita Els Estanys d\u2019Almenara per refor\u00e7ar el comprom\u00eds europeu per a la seua protecci\u00f3\">Read more<\/a><\/p>\n","protected":false},"author":2,"featured_media":14434,"comment_status":"closed","ping_status":"closed","sticky":false,"template":"","format":"standard","meta":{"om_disable_all_campaigns":false,"_monsterinsights_skip_tracking":false,"_monsterinsights_sitenote_active":false,"_monsterinsights_sitenote_note":"","_monsterinsights_sitenote_category":0,"_uf_show_specific_survey":0,"_uf_disable_surveys":false,"footnotes":""},"categories":[5],"tags":[],"class_list":["post-14433","post","type-post","status-publish","format-standard","has-post-thumbnail","hentry","category-almenara"],"_links":{"self":[{"href":"https:\/\/elcafedepipa.com\/index.php\/wp-json\/wp\/v2\/posts\/14433","targetHints":{"allow":["GET"]}}],"collection":[{"href":"https:\/\/elcafedepipa.com\/index.php\/wp-json\/wp\/v2\/posts"}],"about":[{"href":"https:\/\/elcafedepipa.com\/index.php\/wp-json\/wp\/v2\/types\/post"}],"author":[{"embeddable":true,"href":"https:\/\/elcafedepipa.com\/index.php\/wp-json\/wp\/v2\/users\/2"}],"replies":[{"embeddable":true,"href":"https:\/\/elcafedepipa.com\/index.php\/wp-json\/wp\/v2\/comments?post=14433"}],"version-history":[{"count":0,"href":"https:\/\/elcafedepipa.com\/index.php\/wp-json\/wp\/v2\/posts\/14433\/revisions"}],"wp:featuredmedia":[{"embeddable":true,"href":"https:\/\/elcafedepipa.com\/index.php\/wp-json\/wp\/v2\/media\/14434"}],"wp:attachment":[{"href":"https:\/\/elcafedepipa.com\/index.php\/wp-json\/wp\/v2\/media?parent=14433"}],"wp:term":[{"taxonomy":"category","embeddable":true,"href":"https:\/\/elcafedepipa.com\/index.php\/wp-json\/wp\/v2\/categories?post=14433"},{"taxonomy":"post_tag","embeddable":true,"href":"https:\/\/elcafedepipa.com\/index.php\/wp-json\/wp\/v2\/tags?post=14433"}],"curies":[{"name":"wp","href":"https:\/\/api.w.org\/{rel}","templated":true}]}}