{"id":14430,"date":"2025-06-02T10:07:59","date_gmt":"2025-06-02T08:07:59","guid":{"rendered":"https:\/\/elcafedepipa.com\/?p=14430"},"modified":"2025-06-02T10:08:00","modified_gmt":"2025-06-02T08:08:00","slug":"el-consell-protegix-129-municipis-de-castello-amb-31-milions-per-a-posar-fre-als-incendis","status":"publish","type":"post","link":"https:\/\/elcafedepipa.com\/index.php\/2025\/06\/02\/el-consell-protegix-129-municipis-de-castello-amb-31-milions-per-a-posar-fre-als-incendis\/","title":{"rendered":"El Consell protegix 129 municipis de Castell\u00f3 amb 3,1 milions per a &#8220;posar fre&#8221; als incendis"},"content":{"rendered":"\n<p>Els ajuntaments de la prov\u00edncia de Castell\u00f3 rebran este any 3.139.646,94 euros per a previndre la propagaci\u00f3 d&#8217;incendis forestals. La quantia la concedix la Generalitat Valenciana, a trav\u00e9s de la Conselleria de Territori, i arriba a tots els que van sol\u00b7licitar el fons, 129 consistoris.<\/p>\n\n\n\n<p>&#8220;Es tracta d&#8217;una inversi\u00f3 quantiosa, compromesa i decidida a plantar cara a l&#8217;avan\u00e7 de les flames de la millor forma possible: amb la prevenci\u00f3&#8221;. Aix\u00ed ho ha considerat el secretari general del PPCS, Salvador Aguilella, qui ha posat en valor &#8220;el poder dels fets que s\u00f3n la bandera de les pol\u00edtiques del Partit Popular&#8221;.<\/p>\n\n\n\n<p>Aix\u00ed, tal com ha explicat Aguilella, &#8220;enguany tornem a fer costat a totes les localitats que han demanat rebre els fons d&#8217;este programa auton\u00f2mic&#8221;. Un pla convocat en el primer trimestre de l&#8217;any i que despr\u00e9s de la resoluci\u00f3 definitiva &#8220;ha redistribu\u00eft els fons per a finan\u00e7ar les tasques d&#8217;aquells municipis que s\u00ed han volgut convertir-se en beneficiaris del pla&#8221;.<\/p>\n\n\n\n<p>&#8220;La injecci\u00f3 econ\u00f2mica permetr\u00e0 als ajuntaments fer les tasques per a les quals van sol\u00b7licitar finan\u00e7ament&#8221;, ha explicat el n\u00famero dos del PPCS. &#8220;Treballs tant per a la gesti\u00f3 i manteniment d&#8217;entorns forestals, com per a la neteja de pistes i senderes i habilitaci\u00f3 d&#8217;hidrants o adequaci\u00f3 de basses i hidrants per a atallar les flames&#8221;. Totes elles labors que el programa permet finan\u00e7ar i &#8220;que fan a la nostra prov\u00edncia m\u00e9s forta enfront del foc. No hi ha un altre objectiu&#8221;, ha declarat Aguilella.<\/p>\n","protected":false},"excerpt":{"rendered":"<p>Els ajuntaments de la prov\u00edncia de Castell\u00f3 rebran este any 3.139.646,94 euros per a previndre la propagaci\u00f3 d&#8217;incendis forestals. La quantia la concedix la Generalitat Valenciana, a trav\u00e9s de la Conselleria de Territori, i arriba a tots els que van sol\u00b7licitar el fons, 129 consistoris. &#8220;Es tracta d&#8217;una inversi\u00f3 quantiosa, compromesa i decidida a plantar &#8230; <a title=\"El Consell protegix 129 municipis de Castell\u00f3 amb 3,1 milions per a &#8220;posar fre&#8221; als incendis\" class=\"read-more\" href=\"https:\/\/elcafedepipa.com\/index.php\/2025\/06\/02\/el-consell-protegix-129-municipis-de-castello-amb-31-milions-per-a-posar-fre-als-incendis\/\" aria-label=\"M\u00e9s informaci\u00f3 sobre El Consell protegix 129 municipis de Castell\u00f3 amb 3,1 milions per a &#8220;posar fre&#8221; als incendis\">Read more<\/a><\/p>\n","protected":false},"author":2,"featured_media":14431,"comment_status":"closed","ping_status":"closed","sticky":false,"template":"","format":"standard","meta":{"om_disable_all_campaigns":false,"_monsterinsights_skip_tracking":false,"_monsterinsights_sitenote_active":false,"_monsterinsights_sitenote_note":"","_monsterinsights_sitenote_category":0,"_uf_show_specific_survey":0,"_uf_disable_surveys":false,"footnotes":""},"categories":[10],"tags":[],"class_list":["post-14430","post","type-post","status-publish","format-standard","has-post-thumbnail","hentry","category-provinciadecastello"],"_links":{"self":[{"href":"https:\/\/elcafedepipa.com\/index.php\/wp-json\/wp\/v2\/posts\/14430","targetHints":{"allow":["GET"]}}],"collection":[{"href":"https:\/\/elcafedepipa.com\/index.php\/wp-json\/wp\/v2\/posts"}],"about":[{"href":"https:\/\/elcafedepipa.com\/index.php\/wp-json\/wp\/v2\/types\/post"}],"author":[{"embeddable":true,"href":"https:\/\/elcafedepipa.com\/index.php\/wp-json\/wp\/v2\/users\/2"}],"replies":[{"embeddable":true,"href":"https:\/\/elcafedepipa.com\/index.php\/wp-json\/wp\/v2\/comments?post=14430"}],"version-history":[{"count":0,"href":"https:\/\/elcafedepipa.com\/index.php\/wp-json\/wp\/v2\/posts\/14430\/revisions"}],"wp:featuredmedia":[{"embeddable":true,"href":"https:\/\/elcafedepipa.com\/index.php\/wp-json\/wp\/v2\/media\/14431"}],"wp:attachment":[{"href":"https:\/\/elcafedepipa.com\/index.php\/wp-json\/wp\/v2\/media?parent=14430"}],"wp:term":[{"taxonomy":"category","embeddable":true,"href":"https:\/\/elcafedepipa.com\/index.php\/wp-json\/wp\/v2\/categories?post=14430"},{"taxonomy":"post_tag","embeddable":true,"href":"https:\/\/elcafedepipa.com\/index.php\/wp-json\/wp\/v2\/tags?post=14430"}],"curies":[{"name":"wp","href":"https:\/\/api.w.org\/{rel}","templated":true}]}}