{"id":14382,"date":"2025-05-29T13:31:16","date_gmt":"2025-05-29T11:31:16","guid":{"rendered":"https:\/\/elcafedepipa.com\/?p=14382"},"modified":"2025-05-29T13:31:16","modified_gmt":"2025-05-29T11:31:16","slug":"lescola-dart-i-superior-de-disseny-de-castello-promueve-el-i-concurso-de-diseno-de-producto-con-proyectos-de-ocho-ies-de-la-provincia","status":"publish","type":"post","link":"https:\/\/elcafedepipa.com\/index.php\/2025\/05\/29\/lescola-dart-i-superior-de-disseny-de-castello-promueve-el-i-concurso-de-diseno-de-producto-con-proyectos-de-ocho-ies-de-la-provincia\/","title":{"rendered":"L\u2019Escola d\u2019Art i Superior de Disseny de Castell\u00f3 promueve el I Concurso de Dise\u00f1o de Producto con proyectos de ocho IES de la provincia"},"content":{"rendered":"\n<p>El pr\u00f3ximo 3 de junio, la Escuela de Arte y Superior de Dise\u00f1o de Castell\u00f3 (EASD) acoger\u00e1 la jornada final y exposici\u00f3n del I Concurso de Dise\u00f1o de Producto, un proyecto colaborativo que pone en valor la creatividad, la sostenibilidad y el trabajo entre centros educativos de la provincia. La inauguraci\u00f3n tendr\u00e1 lugar el mismo martes 3 de junio a las 10.30 horas en las instalaciones de l\u2019EASD Castell\u00f3, en<\/p>\n\n\n\n<p>una jornada de convivencia entre estudiantes, profesorado y centros participantes.<\/p>\n\n\n\n<p>La exposici\u00f3n mostrar\u00e1 todas las maquetas desarrolladas por los estudiantes de los Institutos de Educaci\u00f3n Secundaria (IES) participantes, despu\u00e9s de un proceso de trabajo pr\u00e1ctico en que el alumnado de 4\u00ba de ESO, 1\u00ba y 2\u00ba de Bachillerato -tanto de la modalidad art\u00edstica como tecnol\u00f3gica- ha dise\u00f1ado una iluminaria funcional y sostenible, utilizando t\u00e9cnicas de corte l\u00e1ser y materiales sostenibles.<\/p>\n\n\n\n<p>El proyecto se fundamenta en los principios del dise\u00f1o abierto (Open Design) y ha sido desarrollado en varias fases: dise\u00f1o inicial, creaci\u00f3n de planos, fabricaci\u00f3n de maquetas en cart\u00f3n y, finalmente, producci\u00f3n al taller de fabricaci\u00f3n digital (FabLab) de l\u2019EASD Castell\u00f3. De todas las propuestas realizadas, ocho han sido las seleccionadas como finalistas, una por cada IES, escogidas previamente por los propios centres participantes. Durante la jornada, un jurado formado por el profesorado de la especialidad de Dise\u00f1o de Producto de l\u2019EASD Castell\u00f3 ser\u00e1 el encargado de evaluar las propuestas y elegir la ganadora, teniendo en cuenta criterios como la funcionalidad, originalidad, est\u00e9tica y calidad de fabricaci\u00f3n.<\/p>\n\n\n\n<p>\u201cEste acontecimiento representa una oportunidad \u00fanica para dar visibilidad al talento joven y reforzar la conexi\u00f3n entre la ense\u00f1anza secundaria y superior, promoviendo el dise\u00f1o como una herramienta para la innovaci\u00f3n, el pensamiento cr\u00edtico y la sostenibilidad\u201d, se\u00f1alan fuentes del centro<\/p>\n","protected":false},"excerpt":{"rendered":"<p>El pr\u00f3ximo 3 de junio, la Escuela de Arte y Superior de Dise\u00f1o de Castell\u00f3 (EASD) acoger\u00e1 la jornada final y exposici\u00f3n del I Concurso de Dise\u00f1o de Producto, un proyecto colaborativo que pone en valor la creatividad, la sostenibilidad y el trabajo entre centros educativos de la provincia. La inauguraci\u00f3n tendr\u00e1 lugar el mismo &#8230; <a title=\"L\u2019Escola d\u2019Art i Superior de Disseny de Castell\u00f3 promueve el I Concurso de Dise\u00f1o de Producto con proyectos de ocho IES de la provincia\" class=\"read-more\" href=\"https:\/\/elcafedepipa.com\/index.php\/2025\/05\/29\/lescola-dart-i-superior-de-disseny-de-castello-promueve-el-i-concurso-de-diseno-de-producto-con-proyectos-de-ocho-ies-de-la-provincia\/\" aria-label=\"M\u00e9s informaci\u00f3 sobre L\u2019Escola d\u2019Art i Superior de Disseny de Castell\u00f3 promueve el I Concurso de Dise\u00f1o de Producto con proyectos de ocho IES de la provincia\">Read more<\/a><\/p>\n","protected":false},"author":2,"featured_media":14384,"comment_status":"closed","ping_status":"closed","sticky":false,"template":"","format":"standard","meta":{"om_disable_all_campaigns":false,"_monsterinsights_skip_tracking":false,"_monsterinsights_sitenote_active":false,"_monsterinsights_sitenote_note":"","_monsterinsights_sitenote_category":0,"_uf_show_specific_survey":0,"_uf_disable_surveys":false,"footnotes":""},"categories":[11,10],"tags":[],"class_list":["post-14382","post","type-post","status-publish","format-standard","has-post-thumbnail","hentry","category-comunitatvalenciana","category-provinciadecastello"],"_links":{"self":[{"href":"https:\/\/elcafedepipa.com\/index.php\/wp-json\/wp\/v2\/posts\/14382","targetHints":{"allow":["GET"]}}],"collection":[{"href":"https:\/\/elcafedepipa.com\/index.php\/wp-json\/wp\/v2\/posts"}],"about":[{"href":"https:\/\/elcafedepipa.com\/index.php\/wp-json\/wp\/v2\/types\/post"}],"author":[{"embeddable":true,"href":"https:\/\/elcafedepipa.com\/index.php\/wp-json\/wp\/v2\/users\/2"}],"replies":[{"embeddable":true,"href":"https:\/\/elcafedepipa.com\/index.php\/wp-json\/wp\/v2\/comments?post=14382"}],"version-history":[{"count":0,"href":"https:\/\/elcafedepipa.com\/index.php\/wp-json\/wp\/v2\/posts\/14382\/revisions"}],"wp:featuredmedia":[{"embeddable":true,"href":"https:\/\/elcafedepipa.com\/index.php\/wp-json\/wp\/v2\/media\/14384"}],"wp:attachment":[{"href":"https:\/\/elcafedepipa.com\/index.php\/wp-json\/wp\/v2\/media?parent=14382"}],"wp:term":[{"taxonomy":"category","embeddable":true,"href":"https:\/\/elcafedepipa.com\/index.php\/wp-json\/wp\/v2\/categories?post=14382"},{"taxonomy":"post_tag","embeddable":true,"href":"https:\/\/elcafedepipa.com\/index.php\/wp-json\/wp\/v2\/tags?post=14382"}],"curies":[{"name":"wp","href":"https:\/\/api.w.org\/{rel}","templated":true}]}}