{"id":14375,"date":"2025-05-29T13:25:41","date_gmt":"2025-05-29T11:25:41","guid":{"rendered":"https:\/\/elcafedepipa.com\/?p=14375"},"modified":"2025-05-29T13:25:42","modified_gmt":"2025-05-29T11:25:42","slug":"el-ppcv-exigeix-a-bernabe-polo-i-morant-que-donen-la-cara-i-deixen-de-mentir-sobre-el-29o","status":"publish","type":"post","link":"https:\/\/elcafedepipa.com\/index.php\/2025\/05\/29\/el-ppcv-exigeix-a-bernabe-polo-i-morant-que-donen-la-cara-i-deixen-de-mentir-sobre-el-29o\/","title":{"rendered":"El PPCV exigeix a Bernab\u00e9, Polo i Morant que \u201cdonen la cara i deixen de mentir sobre el 29O\u201d."},"content":{"rendered":"\n<p>El portaveu del GPP en la comissi\u00f3 d\u2019investigaci\u00f3 sobre la gesti\u00f3 de la DANA, Fernando Pastor, ha exigit a Bernab\u00e9, Polo i Morant que \u201cdonen la cara i deixen de mentir sobre el 29O. Han d\u2019eixir a explicar per qu\u00e8 la CHJ va incomplir el seu protocol i no va avisar de cada augment del cabal a la rambla del Poyo\u201d.<\/p>\n\n\n\n<p>Pastor considera que \u201c\u00e9s urgent que aquells que es passen el dia demanant explicacions als altres isquen a dir qu\u00e8 va passar a la sala de control de la CHJ aquella vesprada, responsable de la vigil\u00e0ncia del barranc del Poyo. El silenci del socialista Miguel Polo \u00e9s eixordador, per\u00f2 encara ho \u00e9s m\u00e9s el dels seus responsables pol\u00edtics com Pilar Bernab\u00e9 i Diana Morant\u201d.<\/p>\n\n\n\n<p>Per a Pastor, \u201c\u00e9s incre\u00efble que els tres socialistes guarden silenci i no diguen res sobre el que apunta a ser una de les causes de la vertadera cat\u00e0strofe d\u2019aquella vesprada: la torpesa en la gesti\u00f3 de la CHJ desviant l\u2019atenci\u00f3 cap a Forata i desatenent el barranc del Poyo\u201d.<\/p>\n\n\n\n<p>El portaveu popular ha indicat que \u201cles informacions que anem coneixent sobre la CHJ el 29O s\u00f3n cada vegada m\u00e9s alarmants\u201d.<\/p>\n\n\n\n<p>\u201cPilar Bernab\u00e9 \u2014ha afegit\u2014 ja va haver de desdir-se davant la jutgessa i, des de llavors, continuen perdent credibilitat. No ha fet m\u00e9s que mentir en els \u00faltims mesos amb diferents versions que ha anat modificant. La realitat \u00e9s que ni van detectar la crescuda del barranc ni van seguir els protocols. La CHJ va fallar aquella vesprada i no va informar en cap moment el CECOPI del risc de desbordament del barranc ni de la crescuda del cabal. El que fins ara era una hip\u00f2tesi ara es confirma: hi hagu\u00e9 neglig\u00e8ncia per part de la CHJ en la seua obligaci\u00f3 i compet\u00e8ncia de controlar el que ocorria a les conques per informar el Cecopi i la resta d\u2019administracions. Hi ha dades que avalen els errors comesos des de la sala de control de la CHJ aquella vesprada, motivats per la manca de personal i per la preocupaci\u00f3 que hi havia per Forata. Ara s\u2019ha confirmat que es va incomplir el protocol de funcionament de la CHJ en cas de crescudes o avingudes perqu\u00e8 no es va avisar la Unitat Militar d\u2019Emerg\u00e8ncies (UME) i perqu\u00e8 les alertes de crescuda es van enviar totes juntes i no de forma escalada, com marca el protocol. A qu\u00e8 esperen per a dir alguna cosa?\u201d.<\/p>\n\n\n\n<p>Finalment, el portaveu popular ha afirmat que \u201ccom m\u00e9s sabem sobre el 29O, menys cre\u00efble \u00e9s el relat de l\u2019esquerra. Cada dia que passa veiem que tot el relat de la CHJ es basa en mentides\u201d.<\/p>\n\n\n\n<p><\/p>\n","protected":false},"excerpt":{"rendered":"<p>El portaveu del GPP en la comissi\u00f3 d\u2019investigaci\u00f3 sobre la gesti\u00f3 de la DANA, Fernando Pastor, ha exigit a Bernab\u00e9, Polo i Morant que \u201cdonen la cara i deixen de mentir sobre el 29O. Han d\u2019eixir a explicar per qu\u00e8 la CHJ va incomplir el seu protocol i no va avisar de cada augment del &#8230; <a title=\"El PPCV exigeix a Bernab\u00e9, Polo i Morant que \u201cdonen la cara i deixen de mentir sobre el 29O\u201d.\" class=\"read-more\" href=\"https:\/\/elcafedepipa.com\/index.php\/2025\/05\/29\/el-ppcv-exigeix-a-bernabe-polo-i-morant-que-donen-la-cara-i-deixen-de-mentir-sobre-el-29o\/\" aria-label=\"M\u00e9s informaci\u00f3 sobre El PPCV exigeix a Bernab\u00e9, Polo i Morant que \u201cdonen la cara i deixen de mentir sobre el 29O\u201d.\">Read more<\/a><\/p>\n","protected":false},"author":2,"featured_media":14376,"comment_status":"closed","ping_status":"closed","sticky":false,"template":"","format":"standard","meta":{"om_disable_all_campaigns":false,"_monsterinsights_skip_tracking":false,"_monsterinsights_sitenote_active":false,"_monsterinsights_sitenote_note":"","_monsterinsights_sitenote_category":0,"_uf_show_specific_survey":0,"_uf_disable_surveys":false,"footnotes":""},"categories":[11],"tags":[],"class_list":["post-14375","post","type-post","status-publish","format-standard","has-post-thumbnail","hentry","category-comunitatvalenciana"],"_links":{"self":[{"href":"https:\/\/elcafedepipa.com\/index.php\/wp-json\/wp\/v2\/posts\/14375","targetHints":{"allow":["GET"]}}],"collection":[{"href":"https:\/\/elcafedepipa.com\/index.php\/wp-json\/wp\/v2\/posts"}],"about":[{"href":"https:\/\/elcafedepipa.com\/index.php\/wp-json\/wp\/v2\/types\/post"}],"author":[{"embeddable":true,"href":"https:\/\/elcafedepipa.com\/index.php\/wp-json\/wp\/v2\/users\/2"}],"replies":[{"embeddable":true,"href":"https:\/\/elcafedepipa.com\/index.php\/wp-json\/wp\/v2\/comments?post=14375"}],"version-history":[{"count":0,"href":"https:\/\/elcafedepipa.com\/index.php\/wp-json\/wp\/v2\/posts\/14375\/revisions"}],"wp:featuredmedia":[{"embeddable":true,"href":"https:\/\/elcafedepipa.com\/index.php\/wp-json\/wp\/v2\/media\/14376"}],"wp:attachment":[{"href":"https:\/\/elcafedepipa.com\/index.php\/wp-json\/wp\/v2\/media?parent=14375"}],"wp:term":[{"taxonomy":"category","embeddable":true,"href":"https:\/\/elcafedepipa.com\/index.php\/wp-json\/wp\/v2\/categories?post=14375"},{"taxonomy":"post_tag","embeddable":true,"href":"https:\/\/elcafedepipa.com\/index.php\/wp-json\/wp\/v2\/tags?post=14375"}],"curies":[{"name":"wp","href":"https:\/\/api.w.org\/{rel}","templated":true}]}}