{"id":14371,"date":"2025-05-29T13:19:35","date_gmt":"2025-05-29T11:19:35","guid":{"rendered":"https:\/\/elcafedepipa.com\/?p=14371"},"modified":"2025-05-29T13:19:36","modified_gmt":"2025-05-29T11:19:36","slug":"lajuntament-de-la-vall-duixo-tanca-el-curs-dels-espais-de-families-amb-una-xarrada-sobre-educacio-sexual-conscient","status":"publish","type":"post","link":"https:\/\/elcafedepipa.com\/index.php\/2025\/05\/29\/lajuntament-de-la-vall-duixo-tanca-el-curs-dels-espais-de-families-amb-una-xarrada-sobre-educacio-sexual-conscient\/","title":{"rendered":"L\u2019Ajuntament de la Vall d\u2019Uix\u00f3 tanca el curs dels Espais de Fam\u00edlies amb una xarrada sobre educaci\u00f3 sexual conscient."},"content":{"rendered":"\n<p>L\u2019Ajuntament de la Vall d\u2019Uix\u00f3 organitza una xarrada dirigida a les fam\u00edlies, pares i mares interessats a abordar la cura del vincle en la parella com la millor educaci\u00f3 afectiu-social que es pot oferir. La sessi\u00f3 s\u2019impartir\u00e0 el dimarts 10 de juny a les 18.00 hores a la Biblioteca Municipal, amb servei gratu\u00eft de ludoteca.<\/p>\n\n\n\n<p>La jornada <strong>\u2018Educaci\u00f3 sexual conscient: cuidar la relaci\u00f3 de parella\u2019<\/strong> tanca el curs del programa municipal <em>Espais de Fam\u00edlies<\/em>, que recull les accions comunit\u00e0ries dirigides a fam\u00edlies amb fills i filles menors. Aix\u00ed, la Regidoria de Serveis Socials ofereix \u201cacompanyament en el creixement, la maduraci\u00f3 i la crian\u00e7a\u201d, tal com ha explicat el regidor de l\u2019\u00e0rea, Jorge Marqu\u00e9s.<\/p>\n\n\n\n<p>Enguany s\u2019ha treballat especialment en el camp de l\u2019educaci\u00f3 afectivosexual, que \u00e9s \u201cimportant en tant que \u00e9s inherent a la vida\u201d i \u201cles fam\u00edlies han de facilitar informaci\u00f3 i educaci\u00f3 als seus fills i filles\u201d. Aix\u00ed, durant el curs s\u2019ha fet una aproximaci\u00f3 a aquest tema de manera saludable per tal que contribu\u00efsca al benestar i siga una eina de prevenci\u00f3 contra els abusos i les viol\u00e8ncies.<\/p>\n\n\n\n<p>L\u2019\u00faltima xarrada del curs ser\u00e0 impartida per <strong>Manolo Mestre Guardiola<\/strong>, psic\u00f2leg expert en sexualitat. En ella s\u2019abordar\u00e0 com la relaci\u00f3 de parella pot ser un model adequat per als fills i filles en el seu desenvolupament afectivosexual. En aquest sentit, la sexualitat va m\u00e9s enll\u00e0 de les relacions sexuals i es treballa des de la creaci\u00f3 de vincles de seguretat i comunicaci\u00f3 d\u2019afectes, fomentant la reflexi\u00f3, l\u2019autoconeixement i l\u2019autoestima.<\/p>\n","protected":false},"excerpt":{"rendered":"<p>L\u2019Ajuntament de la Vall d\u2019Uix\u00f3 organitza una xarrada dirigida a les fam\u00edlies, pares i mares interessats a abordar la cura del vincle en la parella com la millor educaci\u00f3 afectiu-social que es pot oferir. La sessi\u00f3 s\u2019impartir\u00e0 el dimarts 10 de juny a les 18.00 hores a la Biblioteca Municipal, amb servei gratu\u00eft de ludoteca. &#8230; <a title=\"L\u2019Ajuntament de la Vall d\u2019Uix\u00f3 tanca el curs dels Espais de Fam\u00edlies amb una xarrada sobre educaci\u00f3 sexual conscient.\" class=\"read-more\" href=\"https:\/\/elcafedepipa.com\/index.php\/2025\/05\/29\/lajuntament-de-la-vall-duixo-tanca-el-curs-dels-espais-de-families-amb-una-xarrada-sobre-educacio-sexual-conscient\/\" aria-label=\"M\u00e9s informaci\u00f3 sobre L\u2019Ajuntament de la Vall d\u2019Uix\u00f3 tanca el curs dels Espais de Fam\u00edlies amb una xarrada sobre educaci\u00f3 sexual conscient.\">Read more<\/a><\/p>\n","protected":false},"author":2,"featured_media":14373,"comment_status":"closed","ping_status":"closed","sticky":false,"template":"","format":"standard","meta":{"om_disable_all_campaigns":false,"_monsterinsights_skip_tracking":false,"_monsterinsights_sitenote_active":false,"_monsterinsights_sitenote_note":"","_monsterinsights_sitenote_category":0,"_uf_show_specific_survey":0,"_uf_disable_surveys":false,"footnotes":""},"categories":[2],"tags":[],"class_list":["post-14371","post","type-post","status-publish","format-standard","has-post-thumbnail","hentry","category-lavallduixo"],"_links":{"self":[{"href":"https:\/\/elcafedepipa.com\/index.php\/wp-json\/wp\/v2\/posts\/14371","targetHints":{"allow":["GET"]}}],"collection":[{"href":"https:\/\/elcafedepipa.com\/index.php\/wp-json\/wp\/v2\/posts"}],"about":[{"href":"https:\/\/elcafedepipa.com\/index.php\/wp-json\/wp\/v2\/types\/post"}],"author":[{"embeddable":true,"href":"https:\/\/elcafedepipa.com\/index.php\/wp-json\/wp\/v2\/users\/2"}],"replies":[{"embeddable":true,"href":"https:\/\/elcafedepipa.com\/index.php\/wp-json\/wp\/v2\/comments?post=14371"}],"version-history":[{"count":0,"href":"https:\/\/elcafedepipa.com\/index.php\/wp-json\/wp\/v2\/posts\/14371\/revisions"}],"wp:featuredmedia":[{"embeddable":true,"href":"https:\/\/elcafedepipa.com\/index.php\/wp-json\/wp\/v2\/media\/14373"}],"wp:attachment":[{"href":"https:\/\/elcafedepipa.com\/index.php\/wp-json\/wp\/v2\/media?parent=14371"}],"wp:term":[{"taxonomy":"category","embeddable":true,"href":"https:\/\/elcafedepipa.com\/index.php\/wp-json\/wp\/v2\/categories?post=14371"},{"taxonomy":"post_tag","embeddable":true,"href":"https:\/\/elcafedepipa.com\/index.php\/wp-json\/wp\/v2\/tags?post=14371"}],"curies":[{"name":"wp","href":"https:\/\/api.w.org\/{rel}","templated":true}]}}