{"id":14351,"date":"2025-05-28T14:28:18","date_gmt":"2025-05-28T12:28:18","guid":{"rendered":"https:\/\/elcafedepipa.com\/?p=14351"},"modified":"2025-05-28T14:28:19","modified_gmt":"2025-05-28T12:28:19","slug":"nules-vol-donar-visibilitat-al-collectiu-lgtbi-amb-la-campanya-compres-amb-orgull","status":"publish","type":"post","link":"https:\/\/elcafedepipa.com\/index.php\/2025\/05\/28\/nules-vol-donar-visibilitat-al-collectiu-lgtbi-amb-la-campanya-compres-amb-orgull\/","title":{"rendered":"Nules vol donar visibilitat al col\u00b7lectiu LGTBI amb la campanya &#8220;Compres amb orgull&#8221;"},"content":{"rendered":"\n<p>L\u2019Ajuntament de Nules repr\u00e8n enguany una iniciativa amb la qual es pret\u00e9n donar visibilitat al col\u00b7lectiu LGTBI, coincidint amb la celebraci\u00f3 del Dia Internacional de l\u2019Orgull LGTBI que tindr\u00e0 lloc el pr\u00f2xim 28 de juny.<\/p>\n\n\n\n<p>En aquest sentit, els dies de l\u20191 al 30 de juny Nules albergar\u00e0 la campanya anomenada \u201cCompres amb orgull\u201d en la qual participaran una trentena d\u2019establiments del municipi. Precisament, aquesta campanya es repr\u00e8n despr\u00e9s de l\u2019\u00e8xit que va tenir en la seua primera edici\u00f3.<\/p>\n\n\n\n<p>Tot i aix\u00ed, la regidora de Pol\u00edtiques d\u2019Igualtat i de Comer\u00e7, Gemma Carratal\u00e1, apunta que \u201chi ha que portar a terme accions m\u00e9s enll\u00e0 que la tradicional penjada de la bandera o la lectura del manifest per a aix\u00ed donar visibilitat a aquest col\u00b7lectiu, i per aix\u00f2 hem decidit donar continu\u00eftat a la campanya \u201cCompres amb orgull\u201d. De manera que, durant tot el mes de juny els locals de Nules adherits col\u00b7locaran decoraci\u00f3 amb els colors de la diversitat als seus establiments i aparadors i podran aix\u00ed participar en un concurs d&#8217;un premi de 500 euros per a l\u2019aparador que tinga la decoraci\u00f3 m\u00e9s atractiva a criteri d\u2019un jurat expert\u201d.<\/p>\n\n\n\n<p>Per\u00f2 a m\u00e9s, per al ve\u00efnat que compre en aquests establiments en aquest dies tamb\u00e9 hi haur\u00e0 premis. En concret, se sortejaran 50 vals de 100 euros per consumir a qualsevol dels locals participants. Aix\u00ed mateix, l&#8217;acci\u00f3 m\u00e9s gran de la campanya ser\u00e0 la promoci\u00f3 a les xarxes socials, per tant la persona que publique la foto feta en un d\u2019aquests establiments acompanyada pel hashtag #Compresamborgull i que aconsegueixca m\u00e9s m\u2019agrades guanyar\u00e0 500 euros per a consumir als comer\u00e7os adherits a aquesta campanya.<\/p>\n\n\n\n<p><\/p>\n","protected":false},"excerpt":{"rendered":"<p>L\u2019Ajuntament de Nules repr\u00e8n enguany una iniciativa amb la qual es pret\u00e9n donar visibilitat al col\u00b7lectiu LGTBI, coincidint amb la celebraci\u00f3 del Dia Internacional de l\u2019Orgull LGTBI que tindr\u00e0 lloc el pr\u00f2xim 28 de juny. En aquest sentit, els dies de l\u20191 al 30 de juny Nules albergar\u00e0 la campanya anomenada \u201cCompres amb orgull\u201d en &#8230; <a title=\"Nules vol donar visibilitat al col\u00b7lectiu LGTBI amb la campanya &#8220;Compres amb orgull&#8221;\" class=\"read-more\" href=\"https:\/\/elcafedepipa.com\/index.php\/2025\/05\/28\/nules-vol-donar-visibilitat-al-collectiu-lgtbi-amb-la-campanya-compres-amb-orgull\/\" aria-label=\"M\u00e9s informaci\u00f3 sobre Nules vol donar visibilitat al col\u00b7lectiu LGTBI amb la campanya &#8220;Compres amb orgull&#8221;\">Read more<\/a><\/p>\n","protected":false},"author":2,"featured_media":14352,"comment_status":"closed","ping_status":"closed","sticky":false,"template":"","format":"standard","meta":{"om_disable_all_campaigns":false,"_monsterinsights_skip_tracking":false,"_monsterinsights_sitenote_active":false,"_monsterinsights_sitenote_note":"","_monsterinsights_sitenote_category":0,"_uf_show_specific_survey":0,"_uf_disable_surveys":false,"footnotes":""},"categories":[3],"tags":[],"class_list":["post-14351","post","type-post","status-publish","format-standard","has-post-thumbnail","hentry","category-nules"],"_links":{"self":[{"href":"https:\/\/elcafedepipa.com\/index.php\/wp-json\/wp\/v2\/posts\/14351","targetHints":{"allow":["GET"]}}],"collection":[{"href":"https:\/\/elcafedepipa.com\/index.php\/wp-json\/wp\/v2\/posts"}],"about":[{"href":"https:\/\/elcafedepipa.com\/index.php\/wp-json\/wp\/v2\/types\/post"}],"author":[{"embeddable":true,"href":"https:\/\/elcafedepipa.com\/index.php\/wp-json\/wp\/v2\/users\/2"}],"replies":[{"embeddable":true,"href":"https:\/\/elcafedepipa.com\/index.php\/wp-json\/wp\/v2\/comments?post=14351"}],"version-history":[{"count":0,"href":"https:\/\/elcafedepipa.com\/index.php\/wp-json\/wp\/v2\/posts\/14351\/revisions"}],"wp:featuredmedia":[{"embeddable":true,"href":"https:\/\/elcafedepipa.com\/index.php\/wp-json\/wp\/v2\/media\/14352"}],"wp:attachment":[{"href":"https:\/\/elcafedepipa.com\/index.php\/wp-json\/wp\/v2\/media?parent=14351"}],"wp:term":[{"taxonomy":"category","embeddable":true,"href":"https:\/\/elcafedepipa.com\/index.php\/wp-json\/wp\/v2\/categories?post=14351"},{"taxonomy":"post_tag","embeddable":true,"href":"https:\/\/elcafedepipa.com\/index.php\/wp-json\/wp\/v2\/tags?post=14351"}],"curies":[{"name":"wp","href":"https:\/\/api.w.org\/{rel}","templated":true}]}}