{"id":14348,"date":"2025-05-28T14:23:54","date_gmt":"2025-05-28T12:23:54","guid":{"rendered":"https:\/\/elcafedepipa.com\/?p=14348"},"modified":"2025-05-28T14:23:55","modified_gmt":"2025-05-28T12:23:55","slug":"mes-de-600-estudiants-participen-en-la-carrera-de-lies-almenara","status":"publish","type":"post","link":"https:\/\/elcafedepipa.com\/index.php\/2025\/05\/28\/mes-de-600-estudiants-participen-en-la-carrera-de-lies-almenara\/","title":{"rendered":"M\u00e9s de 600 estudiants participen en la carrera de l&#8217;IES Almenara"},"content":{"rendered":"\n<p><\/p>\n\n\n\n<p>Amb el lema \u201cTots iguals, tots de la m\u00e0, perqu\u00e8 l&#8217;educaci\u00f3 no ent\u00e9n de proced\u00e8ncies ni del color de la pell\u201d s&#8217;ha celebrat aquest mat\u00ed la VII edici\u00f3 de la Carrera de l&#8217;IES Almenara amb la finalitat de conscienciar sobre la igualtat de totes les persones en tots els \u00e0mbits, especialment en l&#8217;educatiu.<\/p>\n\n\n\n<p>En la prova, amb un recorregut de 3 km pel nucli urb\u00e0 han participat m\u00e9s de 600 estudiants i professors del centre (ESO, Batxillerat i FP), aix\u00ed com l&#8217;alumnat de sis\u00e9 de prim\u00e0ria dels col\u00b7legis d&#8217;Almenara, Xilxes i la Llosa. La carrera ha comptat amb l&#8217;animaci\u00f3 de la xaranga de l&#8217;institut. Pr\u00e8viament s&#8217;ha guardat un minut de silenci amb els acords del final de l\u2019Himne de la Comunitat Valenciana en mem\u00f2ria de les v\u00edctimes de la Dana.<\/p>\n\n\n\n<p>Tamb\u00e9 s&#8217;han repartit samarretes, entrepans, aigua i fruita als i les participants, aix\u00ed com trofeus als guanyadors i les guanyadores de les respectives categories.<\/p>\n\n\n\n<p>Finalment, cal destacar que la carrera s&#8217;ha organitzat des de l&#8217;IES Almenara amb la col\u00b7laboraci\u00f3 de l&#8217;Ajuntament d&#8217;Almenara, aix\u00ed com Caixa Rural Almenara, Frutas Daniel i l&#8217;AMPA del centre.<\/p>\n\n\n\n<p><\/p>\n","protected":false},"excerpt":{"rendered":"<p>Amb el lema \u201cTots iguals, tots de la m\u00e0, perqu\u00e8 l&#8217;educaci\u00f3 no ent\u00e9n de proced\u00e8ncies ni del color de la pell\u201d s&#8217;ha celebrat aquest mat\u00ed la VII edici\u00f3 de la Carrera de l&#8217;IES Almenara amb la finalitat de conscienciar sobre la igualtat de totes les persones en tots els \u00e0mbits, especialment en l&#8217;educatiu. En la &#8230; <a title=\"M\u00e9s de 600 estudiants participen en la carrera de l&#8217;IES Almenara\" class=\"read-more\" href=\"https:\/\/elcafedepipa.com\/index.php\/2025\/05\/28\/mes-de-600-estudiants-participen-en-la-carrera-de-lies-almenara\/\" aria-label=\"M\u00e9s informaci\u00f3 sobre M\u00e9s de 600 estudiants participen en la carrera de l&#8217;IES Almenara\">Read more<\/a><\/p>\n","protected":false},"author":2,"featured_media":14349,"comment_status":"closed","ping_status":"closed","sticky":false,"template":"","format":"standard","meta":{"om_disable_all_campaigns":false,"_monsterinsights_skip_tracking":false,"_monsterinsights_sitenote_active":false,"_monsterinsights_sitenote_note":"","_monsterinsights_sitenote_category":0,"_uf_show_specific_survey":0,"_uf_disable_surveys":false,"footnotes":""},"categories":[5],"tags":[],"class_list":["post-14348","post","type-post","status-publish","format-standard","has-post-thumbnail","hentry","category-almenara"],"_links":{"self":[{"href":"https:\/\/elcafedepipa.com\/index.php\/wp-json\/wp\/v2\/posts\/14348","targetHints":{"allow":["GET"]}}],"collection":[{"href":"https:\/\/elcafedepipa.com\/index.php\/wp-json\/wp\/v2\/posts"}],"about":[{"href":"https:\/\/elcafedepipa.com\/index.php\/wp-json\/wp\/v2\/types\/post"}],"author":[{"embeddable":true,"href":"https:\/\/elcafedepipa.com\/index.php\/wp-json\/wp\/v2\/users\/2"}],"replies":[{"embeddable":true,"href":"https:\/\/elcafedepipa.com\/index.php\/wp-json\/wp\/v2\/comments?post=14348"}],"version-history":[{"count":0,"href":"https:\/\/elcafedepipa.com\/index.php\/wp-json\/wp\/v2\/posts\/14348\/revisions"}],"wp:featuredmedia":[{"embeddable":true,"href":"https:\/\/elcafedepipa.com\/index.php\/wp-json\/wp\/v2\/media\/14349"}],"wp:attachment":[{"href":"https:\/\/elcafedepipa.com\/index.php\/wp-json\/wp\/v2\/media?parent=14348"}],"wp:term":[{"taxonomy":"category","embeddable":true,"href":"https:\/\/elcafedepipa.com\/index.php\/wp-json\/wp\/v2\/categories?post=14348"},{"taxonomy":"post_tag","embeddable":true,"href":"https:\/\/elcafedepipa.com\/index.php\/wp-json\/wp\/v2\/tags?post=14348"}],"curies":[{"name":"wp","href":"https:\/\/api.w.org\/{rel}","templated":true}]}}