{"id":14329,"date":"2025-05-28T12:53:06","date_gmt":"2025-05-28T10:53:06","guid":{"rendered":"https:\/\/elcafedepipa.com\/?p=14329"},"modified":"2025-05-28T12:53:07","modified_gmt":"2025-05-28T10:53:07","slug":"juanfran-perez-es-una-gran-noticia-per-als-valencians-que-hui-saproven-els-pressupostos-de-la-recuperacio","status":"publish","type":"post","link":"https:\/\/elcafedepipa.com\/index.php\/2025\/05\/28\/juanfran-perez-es-una-gran-noticia-per-als-valencians-que-hui-saproven-els-pressupostos-de-la-recuperacio\/","title":{"rendered":"Juanfran P\u00e9rez: \u201c\u00c9s una gran not\u00edcia per als valencians que hui s\u2019aproven els pressupostos de la recuperaci\u00f3\u201d"},"content":{"rendered":"\n<p>El s\u00edndic del GPP, Juanfran P\u00e9rez Llorca, ha assenyalat que \u201c\u00e9s una gran not\u00edcia per als valencians que hui s\u2019aproven els pressupostos de la recuperaci\u00f3\u201d.<\/p>\n\n\n\n<p>\u201cLa nostra obligaci\u00f3 \u00e9s presentar uns pressupostos, buscar acords i aprovar uns pressupostos que, per desgr\u00e0cia, s\u2019ha convertit en una excepci\u00f3, perqu\u00e8 som una de les poques comunitats amb pressupostos aprovats. Sembla que ara el normal siga no aprovar-los, quan el normal i l\u00f2gic \u00e9s aprovar-los. Hui \u00e9s una gran not\u00edcia per als valencians tindre els pressupostos de la recuperaci\u00f3. \u00c9s molt important per la situaci\u00f3 de la Comunitat Valenciana\u201d, ha afirmat.<\/p>\n\n\n\n<p>Per a Juanfran P\u00e9rez, \u201chui hi ha proves evidents que no tindre pressupostos a Espanya est\u00e0 perjudicant molt la recuperaci\u00f3, perqu\u00e8 no es paguen les ajudes com cal als afectats, perqu\u00e8 no arriben les inversions que fan falta a la Comunitat Valenciana i perqu\u00e8 no s\u2019est\u00e0 tractant el poble valenci\u00e0 com mereix. Entre altres coses, perqu\u00e8 els falta una eina tan important com s\u00f3n els pressupostos. Critiquen els pressupostos aquells que formen part d\u2019un govern que porta dos anys sense aprovar pressupostos\u201d.<\/p>\n\n\n\n<p>Juanfran P\u00e9rez ha assenyalat que \u201chui es posa en evid\u00e8ncia que el Consell de Carlos Maz\u00f3n est\u00e0 centrat en la recuperaci\u00f3, lluny de la polaritzaci\u00f3 o la destrucci\u00f3, com aquells que estan al capdavant del Govern d\u2019Espanya. Crec en les decisions valentes en defensa de la Comunitat, com \u00e9s l\u2019aprovaci\u00f3 d\u2019aquests pressupostos per a apostar per la recuperaci\u00f3. Dos anys despr\u00e9s del Govern del canvi veiem que hi ha una baixada d\u2019impostos, llibertat educativa, creaci\u00f3 d\u2019ocupaci\u00f3, m\u00e9s llibertat, defensa dels nostres interessos&#8230; Hi ha hagut dues cat\u00e0strofes que han marcat molt els \u00faltims mesos de legislatura, com s\u00f3n la DANA i l\u2019incendi de Campanar, i que obliguen a replantejar-se moltes coses. Per\u00f2 hui, malgrat tot el que s\u2019escriu, hi ha un govern solvent que est\u00e0 treballant molt per la recuperaci\u00f3 de la DANA, que est\u00e0 aprovant pressupostos, treballa i est\u00e0 impulsant canvis legislatius\u201d.<\/p>\n\n\n\n<p>El s\u00edndic popular ha indicat que \u201chi ha un president que compleix amb les seues obligacions, que \u00e9s aprovar els pressupostos, mentre que aquells que tant el q\u00fcestionen s\u00f3n incapa\u00e7os de complir amb les seues obligacions en les administracions on governen, especialment el PSOE. Felipe Gonz\u00e1lez va dir que va dimitir pel mer fet de no haver sigut aprovats els pressupostos. El president que tenim hui a Espanya ni tan sols s\u2019atreveix a presentar-los; per tant, si tornara el seny a la pol\u00edtica, el l\u00f2gic seria que el president d\u2019Espanya dimitira i convocara eleccions. En canvi, ac\u00ed tenim un president que s\u00ed que presenta uns pressupostos perqu\u00e8 s\u2019aproven\u201d.<\/p>\n","protected":false},"excerpt":{"rendered":"<p>El s\u00edndic del GPP, Juanfran P\u00e9rez Llorca, ha assenyalat que \u201c\u00e9s una gran not\u00edcia per als valencians que hui s\u2019aproven els pressupostos de la recuperaci\u00f3\u201d. \u201cLa nostra obligaci\u00f3 \u00e9s presentar uns pressupostos, buscar acords i aprovar uns pressupostos que, per desgr\u00e0cia, s\u2019ha convertit en una excepci\u00f3, perqu\u00e8 som una de les poques comunitats amb pressupostos &#8230; <a title=\"Juanfran P\u00e9rez: \u201c\u00c9s una gran not\u00edcia per als valencians que hui s\u2019aproven els pressupostos de la recuperaci\u00f3\u201d\" class=\"read-more\" href=\"https:\/\/elcafedepipa.com\/index.php\/2025\/05\/28\/juanfran-perez-es-una-gran-noticia-per-als-valencians-que-hui-saproven-els-pressupostos-de-la-recuperacio\/\" aria-label=\"M\u00e9s informaci\u00f3 sobre Juanfran P\u00e9rez: \u201c\u00c9s una gran not\u00edcia per als valencians que hui s\u2019aproven els pressupostos de la recuperaci\u00f3\u201d\">Read more<\/a><\/p>\n","protected":false},"author":2,"featured_media":14330,"comment_status":"closed","ping_status":"closed","sticky":false,"template":"","format":"standard","meta":{"om_disable_all_campaigns":false,"_monsterinsights_skip_tracking":false,"_monsterinsights_sitenote_active":false,"_monsterinsights_sitenote_note":"","_monsterinsights_sitenote_category":0,"_uf_show_specific_survey":0,"_uf_disable_surveys":false,"footnotes":""},"categories":[11],"tags":[],"class_list":["post-14329","post","type-post","status-publish","format-standard","has-post-thumbnail","hentry","category-comunitatvalenciana"],"_links":{"self":[{"href":"https:\/\/elcafedepipa.com\/index.php\/wp-json\/wp\/v2\/posts\/14329","targetHints":{"allow":["GET"]}}],"collection":[{"href":"https:\/\/elcafedepipa.com\/index.php\/wp-json\/wp\/v2\/posts"}],"about":[{"href":"https:\/\/elcafedepipa.com\/index.php\/wp-json\/wp\/v2\/types\/post"}],"author":[{"embeddable":true,"href":"https:\/\/elcafedepipa.com\/index.php\/wp-json\/wp\/v2\/users\/2"}],"replies":[{"embeddable":true,"href":"https:\/\/elcafedepipa.com\/index.php\/wp-json\/wp\/v2\/comments?post=14329"}],"version-history":[{"count":0,"href":"https:\/\/elcafedepipa.com\/index.php\/wp-json\/wp\/v2\/posts\/14329\/revisions"}],"wp:featuredmedia":[{"embeddable":true,"href":"https:\/\/elcafedepipa.com\/index.php\/wp-json\/wp\/v2\/media\/14330"}],"wp:attachment":[{"href":"https:\/\/elcafedepipa.com\/index.php\/wp-json\/wp\/v2\/media?parent=14329"}],"wp:term":[{"taxonomy":"category","embeddable":true,"href":"https:\/\/elcafedepipa.com\/index.php\/wp-json\/wp\/v2\/categories?post=14329"},{"taxonomy":"post_tag","embeddable":true,"href":"https:\/\/elcafedepipa.com\/index.php\/wp-json\/wp\/v2\/tags?post=14329"}],"curies":[{"name":"wp","href":"https:\/\/api.w.org\/{rel}","templated":true}]}}