{"id":14326,"date":"2025-05-28T12:49:41","date_gmt":"2025-05-28T10:49:41","guid":{"rendered":"https:\/\/elcafedepipa.com\/?p=14326"},"modified":"2025-05-28T12:49:42","modified_gmt":"2025-05-28T10:49:42","slug":"la-unio-assenyala-que-la-collita-de-cereals-en-la-comunitat-valenciana-torna-a-la-normalitat-encara-que-amb-preus-molt-baixos-per-als-productors","status":"publish","type":"post","link":"https:\/\/elcafedepipa.com\/index.php\/2025\/05\/28\/la-unio-assenyala-que-la-collita-de-cereals-en-la-comunitat-valenciana-torna-a-la-normalitat-encara-que-amb-preus-molt-baixos-per-als-productors\/","title":{"rendered":"LA UNI\u00d3 assenyala que la collita de cereals en la Comunitat Valenciana torna a la normalitat, encara que amb preus molt baixos per als productors"},"content":{"rendered":"\n<p>Despr\u00e9s de tres campanyes amb rendiment zero per la sequera, els productors de cereals de la Comunitat Valenciana tindran per fi una producci\u00f3 que torna a la normalitat.<\/p>\n\n\n\n<p>LA UNI\u00d3 ha realitzat un recorregut per les zones productores cerealistes i els camps dona gust veure&#8217;ls, perqu\u00e8 de no tindre pr\u00e0cticament collita en la passada, un 10% com a m\u00e0xim, s&#8217;ha passat a una producci\u00f3 normal i fins i tot m\u00e9s alta. La collita s&#8217;arreplegar\u00e0 en nom\u00e9s unes setmanes encara que dependr\u00e0 de l&#8217;onada de calor dels pr\u00f2xims dies que podria avan\u00e7ar la recol\u00b7lecci\u00f3.<\/p>\n\n\n\n<p>Les bones dades de la collita de cereal contrasten de ple amb els preus. Des que va comen\u00e7ar l&#8217;any, les cotitzacions de cereal en els grans mercats mundials i en les llotges espanyoles no han fet m\u00e9s que baixar. Fins fa uns dies cotitzava el producte a 190 euros\/hect\u00e0rea, una aut\u00e8ntica ru\u00efna i bastant per davall dels costos de producci\u00f3. Per\u00f2 \u00e9s que a m\u00e9s la llotja de refer\u00e8ncia per als llauradors valencians, la d&#8217;Albacete, ha deixat de cotitzar aquesta setmana i no t\u00e9 preus fins que comence la campanya i veure com evolucionen.<\/p>\n\n\n\n<p>Per contra, els costos de producci\u00f3 pugen, amb importants augments en la la factura el\u00e8ctrica, en combustibles, fertilitzants, etc; que s&#8217;uneix a l&#8217;especulaci\u00f3 de les empreses intermedi\u00e0ries i a l&#8217;augment de les importacions en una situaci\u00f3 que posa en perill la rendibilitat i viabilitat dels productors.<\/p>\n\n\n\n<p>Jos\u00e9 Ram\u00f3n Beltr\u00e1n, productor de cereals de LA UNI\u00d3, indica que \u201caquests preus d&#8217;ara no s\u00f3n rendibles i s\u00f3n m\u00e9s baixos que en la passada campanya, esperem que canvie el mercat i ens permeta cobrir, almenys, els costos de producci\u00f3\u201d.<\/p>\n\n\n\n<p>LA UNI\u00d3 proposa una s\u00e8rie de mesures per als productors. Entre elles, la creaci\u00f3 d&#8217;un observatori de preus i costos que garantisca el compliment de la Llei de la Cadena Aliment\u00e0ria; la concessi\u00f3 d&#8217;ajudes directes de fins a 100 euros per hect\u00e0rea de cereal sembrat, l&#8217;eliminaci\u00f3 de l&#8217;IVA del gasoil B o la devoluci\u00f3 de les cotitzacions socials dels productors.<\/p>\n\n\n\n<p>Altres peticions de l&#8217;organitzaci\u00f3 passen per incloure a tots els cereals dins de les reduccions de m\u00f2duls fiscals, ja que per exemple el Triticale, que \u00e9s el que m\u00e9s augmenta el seu cultiu en la Comunitat Valenciana per la seua adaptaci\u00f3 al canvi clim\u00e0tic i als atacs de la fauna salvatge, ha quedat fora aquest any de les rebaixes fiscals en els m\u00f2duls. Tamb\u00e9 sol\u00b7liciten una millora de l&#8217;asseguran\u00e7a de cultius herbacis que s&#8217;adapte a la realitat del cultiu.<\/p>\n\n\n\n<p>LA UNI\u00d3 reclama aix\u00ed mateix que s&#8217;establisquen contingents m\u00e9s redu\u00efts als cereals m\u00e9s importats des d&#8217;Ucra\u00efna en l&#8217;acord de comer\u00e7 amb aquell pa\u00eds, per a evitar l&#8217;enfonsament dels preus interiors.<\/p>\n","protected":false},"excerpt":{"rendered":"<p>Despr\u00e9s de tres campanyes amb rendiment zero per la sequera, els productors de cereals de la Comunitat Valenciana tindran per fi una producci\u00f3 que torna a la normalitat. LA UNI\u00d3 ha realitzat un recorregut per les zones productores cerealistes i els camps dona gust veure&#8217;ls, perqu\u00e8 de no tindre pr\u00e0cticament collita en la passada, un &#8230; <a title=\"LA UNI\u00d3 assenyala que la collita de cereals en la Comunitat Valenciana torna a la normalitat, encara que amb preus molt baixos per als productors\" class=\"read-more\" href=\"https:\/\/elcafedepipa.com\/index.php\/2025\/05\/28\/la-unio-assenyala-que-la-collita-de-cereals-en-la-comunitat-valenciana-torna-a-la-normalitat-encara-que-amb-preus-molt-baixos-per-als-productors\/\" aria-label=\"M\u00e9s informaci\u00f3 sobre LA UNI\u00d3 assenyala que la collita de cereals en la Comunitat Valenciana torna a la normalitat, encara que amb preus molt baixos per als productors\">Read more<\/a><\/p>\n","protected":false},"author":2,"featured_media":14327,"comment_status":"closed","ping_status":"closed","sticky":false,"template":"","format":"standard","meta":{"om_disable_all_campaigns":false,"_monsterinsights_skip_tracking":false,"_monsterinsights_sitenote_active":false,"_monsterinsights_sitenote_note":"","_monsterinsights_sitenote_category":0,"_uf_show_specific_survey":0,"_uf_disable_surveys":false,"footnotes":""},"categories":[11],"tags":[],"class_list":["post-14326","post","type-post","status-publish","format-standard","has-post-thumbnail","hentry","category-comunitatvalenciana"],"_links":{"self":[{"href":"https:\/\/elcafedepipa.com\/index.php\/wp-json\/wp\/v2\/posts\/14326","targetHints":{"allow":["GET"]}}],"collection":[{"href":"https:\/\/elcafedepipa.com\/index.php\/wp-json\/wp\/v2\/posts"}],"about":[{"href":"https:\/\/elcafedepipa.com\/index.php\/wp-json\/wp\/v2\/types\/post"}],"author":[{"embeddable":true,"href":"https:\/\/elcafedepipa.com\/index.php\/wp-json\/wp\/v2\/users\/2"}],"replies":[{"embeddable":true,"href":"https:\/\/elcafedepipa.com\/index.php\/wp-json\/wp\/v2\/comments?post=14326"}],"version-history":[{"count":0,"href":"https:\/\/elcafedepipa.com\/index.php\/wp-json\/wp\/v2\/posts\/14326\/revisions"}],"wp:featuredmedia":[{"embeddable":true,"href":"https:\/\/elcafedepipa.com\/index.php\/wp-json\/wp\/v2\/media\/14327"}],"wp:attachment":[{"href":"https:\/\/elcafedepipa.com\/index.php\/wp-json\/wp\/v2\/media?parent=14326"}],"wp:term":[{"taxonomy":"category","embeddable":true,"href":"https:\/\/elcafedepipa.com\/index.php\/wp-json\/wp\/v2\/categories?post=14326"},{"taxonomy":"post_tag","embeddable":true,"href":"https:\/\/elcafedepipa.com\/index.php\/wp-json\/wp\/v2\/tags?post=14326"}],"curies":[{"name":"wp","href":"https:\/\/api.w.org\/{rel}","templated":true}]}}