{"id":14323,"date":"2025-05-28T12:47:56","date_gmt":"2025-05-28T10:47:56","guid":{"rendered":"https:\/\/elcafedepipa.com\/?p=14323"},"modified":"2025-05-28T12:47:57","modified_gmt":"2025-05-28T10:47:57","slug":"lajuntament-de-la-vall-duixo-presenta-el-cens-de-ratpenats-urbans-i-organitza-una-observacio","status":"publish","type":"post","link":"https:\/\/elcafedepipa.com\/index.php\/2025\/05\/28\/lajuntament-de-la-vall-duixo-presenta-el-cens-de-ratpenats-urbans-i-organitza-una-observacio\/","title":{"rendered":"L&#8217;Ajuntament de la Vall d\u2019Uix\u00f3 presenta el cens de ratpenats urbans i organitza una observaci\u00f3"},"content":{"rendered":"\n<p>L&#8217;Ajuntament de la Vall d\u2019Uix\u00f3 ha realitzat un cens de ratpenats en l&#8217;entorn urb\u00e0, els resultats del qual es donaran a con\u00e9ixer dem\u00e0. L&#8217;activitat \u2018La nit dels ratpenats urbans\u2019 se celebrar\u00e0 el dijous 29 de maig a les 20.00 hores al centre social de les Llimeres. Despr\u00e9s de la presentaci\u00f3 es far\u00e0 un mostreig i una observaci\u00f3 en directe a la zona de l\u2019Aq\u00fceducte.<\/p>\n\n\n\n<p>El regidor de Medi Ambient i Transici\u00f3 Ecol\u00f2gica, Marc Seguer, ha destacat que aquesta iniciativa s\u2019emmarca dins del projecte de biodiversitat urbana, que ja ha realitzat un cens d\u2019aus urbanes, una campanya de protecci\u00f3 d\u2019aus nidificants, un pla de gesti\u00f3 de l\u2019arbrat urb\u00e0 i ara aquest cens de ratpenats urbans.<\/p>\n\n\n\n<p>En aquest sentit, el regidor ha considerat que \u201cla biodiversitat urbana \u00e9s una de les grans oblidades del medi ambient, encara que \u00e9s una part fonamental pels seus efectes positius\u201d, ja que per exemple els ratpenats s\u00f3n \u201cdepredadors naturals contra les plagues que afecten els cultius\u201d i \u201cun m\u00e8tode de lluita natural contra els insectes\u201d.<\/p>\n\n\n\n<p>Aix\u00ed, la pres\u00e8ncia de ratpenats aporta \u201cmolts beneficis a les ciutats i a les ve\u00efnes i ve\u00efns\u201d. Per aix\u00f2 s\u2019ha realitzat aquest estudi \u201cper con\u00e9ixer la situaci\u00f3 de partida per a poder actuar i prendre mesures concretes\u201d. Els resultats que es presenten dem\u00e0 s\u00f3n \u201csorprenents i interessants\u201d, ja que \u201ca les nits compartim els nostres carrers amb fins a 20 esp\u00e8cies de ratpenats, alguns amb m\u00e9s pres\u00e8ncia i altres amb menys, en viure en zones forestals\u201d, ha assenyalat.<\/p>\n\n\n\n<p>A la ciutat s\u2019ha detectat una major poblaci\u00f3 en zones verdes \u00e0mplies i en \u00e0rees amb vegetaci\u00f3, la qual cosa \u201cdemostra que necessiten zones verdes per a tindre pres\u00e8ncia\u201d. I precisament aquesta major pres\u00e8ncia d\u2019arbrat i vegetaci\u00f3 \u00e9s un altre dels eixos en qu\u00e8 treballa la regidoria, cosa que es materialitzar\u00e0 tamb\u00e9 en una ordenan\u00e7a sobre biodiversitat urbana.<\/p>\n\n\n\n<p>Despr\u00e9s de la presentaci\u00f3 del cens al centre social de les Llimeres, les persones assistents aniran caminant fins a l\u2019Aq\u00fceducte \u2013una de les zones amb m\u00e9s pres\u00e8ncia de ratpenats\u2013 per a participar en la part pr\u00e0ctica. Experts de SEO BirdLife (que han fet l\u2019estudi) mostraran com fan el treball de reconeixement d\u2019esp\u00e8cies. Per a finalitzar, Seguer ha ressaltat que \u201cper a cuidar la biodiversitat cal con\u00e9ixer-la\u201d i per aix\u00f2 s\u2019organitzen \u201caquest tipus d\u2019activitats de divulgaci\u00f3 obertes a la ciutadania\u201d.<\/p>\n","protected":false},"excerpt":{"rendered":"<p>L&#8217;Ajuntament de la Vall d\u2019Uix\u00f3 ha realitzat un cens de ratpenats en l&#8217;entorn urb\u00e0, els resultats del qual es donaran a con\u00e9ixer dem\u00e0. L&#8217;activitat \u2018La nit dels ratpenats urbans\u2019 se celebrar\u00e0 el dijous 29 de maig a les 20.00 hores al centre social de les Llimeres. Despr\u00e9s de la presentaci\u00f3 es far\u00e0 un mostreig i &#8230; <a title=\"L&#8217;Ajuntament de la Vall d\u2019Uix\u00f3 presenta el cens de ratpenats urbans i organitza una observaci\u00f3\" class=\"read-more\" href=\"https:\/\/elcafedepipa.com\/index.php\/2025\/05\/28\/lajuntament-de-la-vall-duixo-presenta-el-cens-de-ratpenats-urbans-i-organitza-una-observacio\/\" aria-label=\"M\u00e9s informaci\u00f3 sobre L&#8217;Ajuntament de la Vall d\u2019Uix\u00f3 presenta el cens de ratpenats urbans i organitza una observaci\u00f3\">Read more<\/a><\/p>\n","protected":false},"author":2,"featured_media":14324,"comment_status":"closed","ping_status":"closed","sticky":false,"template":"","format":"standard","meta":{"om_disable_all_campaigns":false,"_monsterinsights_skip_tracking":false,"_monsterinsights_sitenote_active":false,"_monsterinsights_sitenote_note":"","_monsterinsights_sitenote_category":0,"_uf_show_specific_survey":0,"_uf_disable_surveys":false,"footnotes":""},"categories":[2],"tags":[],"class_list":["post-14323","post","type-post","status-publish","format-standard","has-post-thumbnail","hentry","category-lavallduixo"],"_links":{"self":[{"href":"https:\/\/elcafedepipa.com\/index.php\/wp-json\/wp\/v2\/posts\/14323","targetHints":{"allow":["GET"]}}],"collection":[{"href":"https:\/\/elcafedepipa.com\/index.php\/wp-json\/wp\/v2\/posts"}],"about":[{"href":"https:\/\/elcafedepipa.com\/index.php\/wp-json\/wp\/v2\/types\/post"}],"author":[{"embeddable":true,"href":"https:\/\/elcafedepipa.com\/index.php\/wp-json\/wp\/v2\/users\/2"}],"replies":[{"embeddable":true,"href":"https:\/\/elcafedepipa.com\/index.php\/wp-json\/wp\/v2\/comments?post=14323"}],"version-history":[{"count":0,"href":"https:\/\/elcafedepipa.com\/index.php\/wp-json\/wp\/v2\/posts\/14323\/revisions"}],"wp:featuredmedia":[{"embeddable":true,"href":"https:\/\/elcafedepipa.com\/index.php\/wp-json\/wp\/v2\/media\/14324"}],"wp:attachment":[{"href":"https:\/\/elcafedepipa.com\/index.php\/wp-json\/wp\/v2\/media?parent=14323"}],"wp:term":[{"taxonomy":"category","embeddable":true,"href":"https:\/\/elcafedepipa.com\/index.php\/wp-json\/wp\/v2\/categories?post=14323"},{"taxonomy":"post_tag","embeddable":true,"href":"https:\/\/elcafedepipa.com\/index.php\/wp-json\/wp\/v2\/tags?post=14323"}],"curies":[{"name":"wp","href":"https:\/\/api.w.org\/{rel}","templated":true}]}}