{"id":14317,"date":"2025-05-28T11:14:42","date_gmt":"2025-05-28T09:14:42","guid":{"rendered":"https:\/\/elcafedepipa.com\/?p=14317"},"modified":"2025-05-28T11:14:42","modified_gmt":"2025-05-28T09:14:42","slug":"els-ajuntaments-de-nules-i-de-la-vilavella-acorden-dur-a-terme-diferents-inversions-de-millora","status":"publish","type":"post","link":"https:\/\/elcafedepipa.com\/index.php\/2025\/05\/28\/els-ajuntaments-de-nules-i-de-la-vilavella-acorden-dur-a-terme-diferents-inversions-de-millora\/","title":{"rendered":"Els ajuntaments de Nules i de la Vilavella acorden dur a terme diferents inversions de millora"},"content":{"rendered":"\n<p>La Comunitat d\u2019Abocaments Nules-la Vilavella (EDAR) ha fet balan\u00e7 de la seua gesti\u00f3, amb la qual els comptes es troben sanejats i el deute actual \u00e9s zero, per tant es vol ara dur a terme diferents infraestructures de millora, aix\u00ed ho han manifestat el president de l\u2019entitat i Alcalde de Nules, David Garc\u00eda, i la seua vicepresidenta i Alcaldessa de la Vilavella, Carmen Navarro.<\/p>\n\n\n\n<p>De manera que, des dels dos ajuntaments es vol continuar treballant en la mateixa l\u00ednia que en els darrers anys, en aquest sentit cal assenyalar que l\u2019Ajuntament de la Vilavella aporta a aquesta entitat un 15% de recursos propis mentre que l\u2019Ajuntament de Nules sufraga el 85% provinent tamb\u00e9 de les seues arques municipals per a que els abocaments estiguen controlats i la depuradora es trobe en les millors condicions.<\/p>\n\n\n\n<p>Per tant, la vicepresidenta i Alcaldessa de la Vilavella, Carmen Navarro, comenta al respecte que \u201cels romanents s\u00f3n positius i l\u2019entitat segueix, un any m\u00e9s, totalment sanejada, sens deutes ni factures pendents de pagament. De fet, d\u2019aquesta bona gesti\u00f3 es beneficia la ciutadania\u201d.<\/p>\n\n\n\n<p>En aquest sentit, la gesti\u00f3 dels \u00faltims anys ha comportat que l\u2019entitat registre diferents super\u00e0vits que l\u2019any 2022 van possibilitar reduir l\u2019aportaci\u00f3 dels ajuntaments de Nules i de la Vilavella.<\/p>\n\n\n\n<p>Aix\u00ed doncs, el president i Alcalde de Nules, David Garc\u00eda, explica que ara \u00e9s el moment de poder dur a terme diferents inversions de millora \u201cestem treballant per tenir les infraestructures i serveis que en mat\u00e8ria de sostenibilitat i medi ambient ens marquen les diferents institucions, principalment la Confederaci\u00f3 Hidrogr\u00e0fica del X\u00faquer\u201d.<\/p>\n\n\n\n<p>Tots dos han coincidit a reiterar que l\u2019EDAR Nules-la Vilavella porta des de l\u2019any 2019 amb deute zero i amb uns comptes completament sanejats, aix\u00ed recorden que les dades corresponents als anys 2007 a 2015 eren preocupants \u201cvam haver de pagar el deute amb la Confederaci\u00f3 Hidrogr\u00e0fica del X\u00faquer (CHX) que en l\u2019any 2015 era de 239.159,04 euros, m\u00e9s prop de 30.000 euros d\u2019interessos i d\u2019abonar les factures relatives al servei de Policia d\u2019Abocaments impagades a l\u2019empresa FACSA, que prestava aquest servei, des de mar\u00e7 de l\u2019any 2014 fins a maig de l\u2019any 2015 amb un import total de quasi 140.000 euros\u201d.<\/p>\n\n\n\n<p>Des de la junta directiva de l\u2019EDAR Nules-la Vilavella es destaca que des que varen assumir la gesti\u00f3 de l\u2019entitat no sols s\u2019han pagat la totalitat de les factures pendents de pagament corresponents als c\u00e0nons de la CHX i de FACSA pel servei de Policia d\u2019Abocaments, tamb\u00e9 s\u2019han abaratit els costos amb la nova licitaci\u00f3 d\u2019aquest servei i s\u2019ha negociat amb l\u2019empresa FACSA la condonaci\u00f3 del 50% dels interessos de demora. En concret, la licitaci\u00f3 del servei de la Policia d\u2019Abocaments ha suposat un estalvi anual de 40.000 euros.<\/p>\n","protected":false},"excerpt":{"rendered":"<p>La Comunitat d\u2019Abocaments Nules-la Vilavella (EDAR) ha fet balan\u00e7 de la seua gesti\u00f3, amb la qual els comptes es troben sanejats i el deute actual \u00e9s zero, per tant es vol ara dur a terme diferents infraestructures de millora, aix\u00ed ho han manifestat el president de l\u2019entitat i Alcalde de Nules, David Garc\u00eda, i la &#8230; <a title=\"Els ajuntaments de Nules i de la Vilavella acorden dur a terme diferents inversions de millora\" class=\"read-more\" href=\"https:\/\/elcafedepipa.com\/index.php\/2025\/05\/28\/els-ajuntaments-de-nules-i-de-la-vilavella-acorden-dur-a-terme-diferents-inversions-de-millora\/\" aria-label=\"M\u00e9s informaci\u00f3 sobre Els ajuntaments de Nules i de la Vilavella acorden dur a terme diferents inversions de millora\">Read more<\/a><\/p>\n","protected":false},"author":2,"featured_media":14318,"comment_status":"closed","ping_status":"closed","sticky":false,"template":"","format":"standard","meta":{"om_disable_all_campaigns":false,"_monsterinsights_skip_tracking":false,"_monsterinsights_sitenote_active":false,"_monsterinsights_sitenote_note":"","_monsterinsights_sitenote_category":0,"_uf_show_specific_survey":0,"_uf_disable_surveys":false,"footnotes":""},"categories":[3],"tags":[],"class_list":["post-14317","post","type-post","status-publish","format-standard","has-post-thumbnail","hentry","category-nules"],"_links":{"self":[{"href":"https:\/\/elcafedepipa.com\/index.php\/wp-json\/wp\/v2\/posts\/14317","targetHints":{"allow":["GET"]}}],"collection":[{"href":"https:\/\/elcafedepipa.com\/index.php\/wp-json\/wp\/v2\/posts"}],"about":[{"href":"https:\/\/elcafedepipa.com\/index.php\/wp-json\/wp\/v2\/types\/post"}],"author":[{"embeddable":true,"href":"https:\/\/elcafedepipa.com\/index.php\/wp-json\/wp\/v2\/users\/2"}],"replies":[{"embeddable":true,"href":"https:\/\/elcafedepipa.com\/index.php\/wp-json\/wp\/v2\/comments?post=14317"}],"version-history":[{"count":0,"href":"https:\/\/elcafedepipa.com\/index.php\/wp-json\/wp\/v2\/posts\/14317\/revisions"}],"wp:featuredmedia":[{"embeddable":true,"href":"https:\/\/elcafedepipa.com\/index.php\/wp-json\/wp\/v2\/media\/14318"}],"wp:attachment":[{"href":"https:\/\/elcafedepipa.com\/index.php\/wp-json\/wp\/v2\/media?parent=14317"}],"wp:term":[{"taxonomy":"category","embeddable":true,"href":"https:\/\/elcafedepipa.com\/index.php\/wp-json\/wp\/v2\/categories?post=14317"},{"taxonomy":"post_tag","embeddable":true,"href":"https:\/\/elcafedepipa.com\/index.php\/wp-json\/wp\/v2\/tags?post=14317"}],"curies":[{"name":"wp","href":"https:\/\/api.w.org\/{rel}","templated":true}]}}