{"id":14314,"date":"2025-05-28T11:12:07","date_gmt":"2025-05-28T09:12:07","guid":{"rendered":"https:\/\/elcafedepipa.com\/?p=14314"},"modified":"2025-05-28T11:12:08","modified_gmt":"2025-05-28T09:12:08","slug":"el-centre-fpa-paulo-freire-dalmenara-ampliara-aquest-estiu-les-sessions-de-ioga-i-pilates-amb-horaris-de-vesprada-a-la-platja-casablanca","status":"publish","type":"post","link":"https:\/\/elcafedepipa.com\/index.php\/2025\/05\/28\/el-centre-fpa-paulo-freire-dalmenara-ampliara-aquest-estiu-les-sessions-de-ioga-i-pilates-amb-horaris-de-vesprada-a-la-platja-casablanca\/","title":{"rendered":"El centre FPA Paulo Freire d\u2019Almenara ampliar\u00e0 aquest estiu les sessions de ioga i pilates amb horaris de vesprada a la platja Casablanca."},"content":{"rendered":"\n<p>El Centre de Formaci\u00f3 de Persones Adultes Paulo Freire d&#8217;Almenara ha presentat la programaci\u00f3 per al pr\u00f2xim estiu que comptar\u00e0 amb les novetats de l&#8217;ampliaci\u00f3 de les classes de ioga i pilates tamb\u00e9 a la vesprada, aix\u00ed com les sessions de t\u00e0bata&amp;funcional que s&#8217;incorpora enguany. Les activitats es desenvoluparan des del 30 de juny al 7 d&#8217;agost a la Platja Casablanca.<\/p>\n\n\n\n<p>Aix\u00ed doncs, el ioga es dur\u00e0 a terme en l&#8217;aparcament del xiringuito \u201cles Dunes\u201d amb sessions els dilluns i dimecres de 9.30 a 10.30 al mat\u00ed i els dimarts i dijous, amb sessions de 19.30 a 20.30 hores. En el mateix lloc es faran les classes de t\u00e0bata&amp;funcional els dilluns i dimecres de 10.30 a 11.30 hores.<\/p>\n\n\n\n<p>Les classes de pilates matinals seran en l&#8217;aparcament del xiringuito \u201cles Dunes\u201d els dimarts i dijous de 9.30 a 10.30 hores, mentre que les classes vespertines ser\u00e0 en la pla\u00e7a Els Pescadors els dilluns i dimecres de 20 a 21 hores. En aquest mateix espai hi haur\u00e0 classes de zumba els dimarts i dijous de 20 a 21 hores.<\/p>\n\n\n\n<p>La programaci\u00f3 tamb\u00e9 proposa activitats per a xiquets, xiquetes i adolescents, que es duran a terme en l&#8217;Edifici Miguel Hern\u00e1ndez de la Platja Casablanca. Aix\u00ed, hi haur\u00e0 tallers de pintura i dibuix infantil cada dilluns i dimecres de 10.30 a 12 per a xiquets i xiquetes de 9 a 12 anys i els dimarts i dijous per a les edats de 4 a 8 anys.<\/p>\n\n\n\n<p>Al mateix temps tamb\u00e9 hi haur\u00e0 sessions d&#8217;hip hop, que es duran a terme cada dimarts i dijous. El grup de 5 a 8 anys tindr\u00e0 les classes de 18 a 19 hores, el de 9 a 11 de 19 a 20 hores, i a partir de 12 anys de 19 a 20 hores.<\/p>\n\n\n\n<p>M\u00e9s informaci\u00f3 i inscripcions fins al 30 de juny en el Centre FPA Paulo Freire d&#8217;Almenara, situat al carrer Major, 103 de la localitat. El tel\u00e8fon \u00e9s 962 62 35 20. L&#8217;horari d&#8217;atenci\u00f3 al p\u00fablic \u00e9s de 9 a 12 i de 17 a 20 hores. A partir de l&#8217;1 de juliol podran inscriure&#8217;s en l&#8217;Edifici Miguel Hern\u00e1ndez de la Platja Casablanca en horari matinal. Tamb\u00e9 es poden inscriure a les activitats a trav\u00e9s del qr del cartell anunciador.<\/p>\n","protected":false},"excerpt":{"rendered":"<p>El Centre de Formaci\u00f3 de Persones Adultes Paulo Freire d&#8217;Almenara ha presentat la programaci\u00f3 per al pr\u00f2xim estiu que comptar\u00e0 amb les novetats de l&#8217;ampliaci\u00f3 de les classes de ioga i pilates tamb\u00e9 a la vesprada, aix\u00ed com les sessions de t\u00e0bata&amp;funcional que s&#8217;incorpora enguany. Les activitats es desenvoluparan des del 30 de juny al &#8230; <a title=\"El centre FPA Paulo Freire d\u2019Almenara ampliar\u00e0 aquest estiu les sessions de ioga i pilates amb horaris de vesprada a la platja Casablanca.\" class=\"read-more\" href=\"https:\/\/elcafedepipa.com\/index.php\/2025\/05\/28\/el-centre-fpa-paulo-freire-dalmenara-ampliara-aquest-estiu-les-sessions-de-ioga-i-pilates-amb-horaris-de-vesprada-a-la-platja-casablanca\/\" aria-label=\"M\u00e9s informaci\u00f3 sobre El centre FPA Paulo Freire d\u2019Almenara ampliar\u00e0 aquest estiu les sessions de ioga i pilates amb horaris de vesprada a la platja Casablanca.\">Read more<\/a><\/p>\n","protected":false},"author":2,"featured_media":14315,"comment_status":"closed","ping_status":"closed","sticky":false,"template":"","format":"standard","meta":{"om_disable_all_campaigns":false,"_monsterinsights_skip_tracking":false,"_monsterinsights_sitenote_active":false,"_monsterinsights_sitenote_note":"","_monsterinsights_sitenote_category":0,"_uf_show_specific_survey":0,"_uf_disable_surveys":false,"footnotes":""},"categories":[5],"tags":[],"class_list":["post-14314","post","type-post","status-publish","format-standard","has-post-thumbnail","hentry","category-almenara"],"_links":{"self":[{"href":"https:\/\/elcafedepipa.com\/index.php\/wp-json\/wp\/v2\/posts\/14314","targetHints":{"allow":["GET"]}}],"collection":[{"href":"https:\/\/elcafedepipa.com\/index.php\/wp-json\/wp\/v2\/posts"}],"about":[{"href":"https:\/\/elcafedepipa.com\/index.php\/wp-json\/wp\/v2\/types\/post"}],"author":[{"embeddable":true,"href":"https:\/\/elcafedepipa.com\/index.php\/wp-json\/wp\/v2\/users\/2"}],"replies":[{"embeddable":true,"href":"https:\/\/elcafedepipa.com\/index.php\/wp-json\/wp\/v2\/comments?post=14314"}],"version-history":[{"count":0,"href":"https:\/\/elcafedepipa.com\/index.php\/wp-json\/wp\/v2\/posts\/14314\/revisions"}],"wp:featuredmedia":[{"embeddable":true,"href":"https:\/\/elcafedepipa.com\/index.php\/wp-json\/wp\/v2\/media\/14315"}],"wp:attachment":[{"href":"https:\/\/elcafedepipa.com\/index.php\/wp-json\/wp\/v2\/media?parent=14314"}],"wp:term":[{"taxonomy":"category","embeddable":true,"href":"https:\/\/elcafedepipa.com\/index.php\/wp-json\/wp\/v2\/categories?post=14314"},{"taxonomy":"post_tag","embeddable":true,"href":"https:\/\/elcafedepipa.com\/index.php\/wp-json\/wp\/v2\/tags?post=14314"}],"curies":[{"name":"wp","href":"https:\/\/api.w.org\/{rel}","templated":true}]}}