{"id":14311,"date":"2025-05-28T11:07:33","date_gmt":"2025-05-28T09:07:33","guid":{"rendered":"https:\/\/elcafedepipa.com\/?p=14311"},"modified":"2025-05-28T11:07:34","modified_gmt":"2025-05-28T09:07:34","slug":"bastidas-lesquerra-no-suporta-que-el-consell-de-mazon-desbloquege-les-residencies-de-majors-o-millore-la-renda-valenciana-dinclusio","status":"publish","type":"post","link":"https:\/\/elcafedepipa.com\/index.php\/2025\/05\/28\/bastidas-lesquerra-no-suporta-que-el-consell-de-mazon-desbloquege-les-residencies-de-majors-o-millore-la-renda-valenciana-dinclusio\/","title":{"rendered":"Bastidas: &#8220;L&#8217;esquerra no suporta que el Consell de Maz\u00f3n desbloquege les resid\u00e8ncies de majors o millore la renda valenciana d&#8217;inclusi\u00f3&#8221;"},"content":{"rendered":"\n<p>La portaveu de Serveis Socials del GPP, Elena Bastidas, ha assenyalat que \u201cl\u2019esquerra valenciana no suporta que el Consell de Maz\u00f3n desbloquege les resid\u00e8ncies de majors o millore la Renda Valenciana d\u2019Inclusi\u00f3\u201d.<\/p>\n\n\n\n<p>Bastidas ha respost aix\u00ed a les acusacions del PSPV sobre el manteniment dels serveis socials per part del Consell. \u201cEl Bot\u00e0nic va deixar un d\u00e8ficit de 24.000 places en resid\u00e8ncies, un Pla Convivint fantasma amb tot just el 0,6% executat, i una administraci\u00f3 sense capacitat per a l\u2019execuci\u00f3 i gesti\u00f3\u201d.<\/p>\n\n\n\n<p>La portaveu popular ha assenyalat que \u201cla diputada socialista S\u00edlvia G\u00f3mez ha triat per a les seues cr\u00edtiques el mateix dia en qu\u00e8 s\u2019han licitat les primeres resid\u00e8ncies de majors, que el Bot\u00e0nic mantenia amb contractes caducats des de 2019 (amb la conseq\u00fcent degradaci\u00f3 del servei i dels sous dels professionals). I tamb\u00e9 el dia en qu\u00e8 el Consell ha aprovat l\u2019avantprojecte de llei per a la millora de la Renda Valenciana d\u2019Inclusi\u00f3\u201d.<\/p>\n\n\n\n<p>Bastidas ha destacat que, \u201ca m\u00e9s de les licitacions d\u2019avui, el Consell ja ha publicat la resoluci\u00f3 per al finan\u00e7ament dels serveis socials municipals amb 313,6 milions d\u2019euros durant els pr\u00f2xims quatre anys, la qual cosa suposa un increment de 18 milions d\u2019euros respecte a 2024 i un creixement de m\u00e9s de 46 milions respecte a 2023. A\u00e7\u00f2 s\u00f3n fets i realitats enfront de la demag\u00f2gia de l\u2019oposici\u00f3\u201d.<\/p>\n\n\n\n<p>\u201cA m\u00e9s \u2014ha continuat\u2014 hem licitat els centres Dona, als quals s\u2019han presentat 20 empreses (enfront de les zero que es van presentar en la seua licitaci\u00f3, obligant-los a deixar els contractes caducats)\u201d.<\/p>\n\n\n\n<p>Respecte a les cr\u00edtiques pel trasllat provisional dels malalts mentals del CEEM d\u2019Alboc\u00e0sser, Bastidas ha lamentat que \u201cutilitzen q\u00fcestions tan sensibles com la salut mental i l\u2019atenci\u00f3 a les persones amb discapacitat per a fer pol\u00edtica amb falsedats. Tots saben que \u00e9s una mesura temporal per a garantir un entorn segur i digne per als usuaris del servei. Igual que amb les persones majors de la resid\u00e8ncia Sagrada Fam\u00edlia de la Vall d\u2019Uix\u00f3, on l\u2019Ajuntament ni ha realitzat les reformes necess\u00e0ries ni ha buscat solucions per a una resid\u00e8ncia que \u00e9s municipal i de la qual \u00e9s responsable en la seua gesti\u00f3\u201d.<\/p>\n","protected":false},"excerpt":{"rendered":"<p>La portaveu de Serveis Socials del GPP, Elena Bastidas, ha assenyalat que \u201cl\u2019esquerra valenciana no suporta que el Consell de Maz\u00f3n desbloquege les resid\u00e8ncies de majors o millore la Renda Valenciana d\u2019Inclusi\u00f3\u201d. Bastidas ha respost aix\u00ed a les acusacions del PSPV sobre el manteniment dels serveis socials per part del Consell. \u201cEl Bot\u00e0nic va deixar &#8230; <a title=\"Bastidas: &#8220;L&#8217;esquerra no suporta que el Consell de Maz\u00f3n desbloquege les resid\u00e8ncies de majors o millore la renda valenciana d&#8217;inclusi\u00f3&#8221;\" class=\"read-more\" href=\"https:\/\/elcafedepipa.com\/index.php\/2025\/05\/28\/bastidas-lesquerra-no-suporta-que-el-consell-de-mazon-desbloquege-les-residencies-de-majors-o-millore-la-renda-valenciana-dinclusio\/\" aria-label=\"M\u00e9s informaci\u00f3 sobre Bastidas: &#8220;L&#8217;esquerra no suporta que el Consell de Maz\u00f3n desbloquege les resid\u00e8ncies de majors o millore la renda valenciana d&#8217;inclusi\u00f3&#8221;\">Read more<\/a><\/p>\n","protected":false},"author":2,"featured_media":14312,"comment_status":"closed","ping_status":"closed","sticky":false,"template":"","format":"standard","meta":{"om_disable_all_campaigns":false,"_monsterinsights_skip_tracking":false,"_monsterinsights_sitenote_active":false,"_monsterinsights_sitenote_note":"","_monsterinsights_sitenote_category":0,"_uf_show_specific_survey":0,"_uf_disable_surveys":false,"footnotes":""},"categories":[11],"tags":[],"class_list":["post-14311","post","type-post","status-publish","format-standard","has-post-thumbnail","hentry","category-comunitatvalenciana"],"_links":{"self":[{"href":"https:\/\/elcafedepipa.com\/index.php\/wp-json\/wp\/v2\/posts\/14311","targetHints":{"allow":["GET"]}}],"collection":[{"href":"https:\/\/elcafedepipa.com\/index.php\/wp-json\/wp\/v2\/posts"}],"about":[{"href":"https:\/\/elcafedepipa.com\/index.php\/wp-json\/wp\/v2\/types\/post"}],"author":[{"embeddable":true,"href":"https:\/\/elcafedepipa.com\/index.php\/wp-json\/wp\/v2\/users\/2"}],"replies":[{"embeddable":true,"href":"https:\/\/elcafedepipa.com\/index.php\/wp-json\/wp\/v2\/comments?post=14311"}],"version-history":[{"count":0,"href":"https:\/\/elcafedepipa.com\/index.php\/wp-json\/wp\/v2\/posts\/14311\/revisions"}],"wp:featuredmedia":[{"embeddable":true,"href":"https:\/\/elcafedepipa.com\/index.php\/wp-json\/wp\/v2\/media\/14312"}],"wp:attachment":[{"href":"https:\/\/elcafedepipa.com\/index.php\/wp-json\/wp\/v2\/media?parent=14311"}],"wp:term":[{"taxonomy":"category","embeddable":true,"href":"https:\/\/elcafedepipa.com\/index.php\/wp-json\/wp\/v2\/categories?post=14311"},{"taxonomy":"post_tag","embeddable":true,"href":"https:\/\/elcafedepipa.com\/index.php\/wp-json\/wp\/v2\/tags?post=14311"}],"curies":[{"name":"wp","href":"https:\/\/api.w.org\/{rel}","templated":true}]}}