{"id":14301,"date":"2025-05-27T14:07:07","date_gmt":"2025-05-27T12:07:07","guid":{"rendered":"https:\/\/elcafedepipa.com\/?p=14301"},"modified":"2025-05-27T14:07:07","modified_gmt":"2025-05-27T12:07:07","slug":"el-pp-de-nules-reivindica-la-proteccio-de-les-casetes-i-lampliacio-del-local-de-jubilats","status":"publish","type":"post","link":"https:\/\/elcafedepipa.com\/index.php\/2025\/05\/27\/el-pp-de-nules-reivindica-la-proteccio-de-les-casetes-i-lampliacio-del-local-de-jubilats\/","title":{"rendered":"El PP de Nules reivindica la protecci\u00f3 de Les Casetes i l&#8217;ampliaci\u00f3 del local de jubilats"},"content":{"rendered":"\n<p>El Partit Popular de Nules ha reivindicat la protecci\u00f3 de Les Casetes i l&#8217;ampliaci\u00f3 del local de jubilats com a exemple de gesti\u00f3 \u00fatil del PP al servici dels ve\u00efns. Ho ha fet el portaveu del PP en el municipi i president local, Jos\u00e9 Adsuara, amb motiu dels dos anys de gesti\u00f3 des de l&#8217;oposici\u00f3 \u201ca les demandes, inquietuds i necessitats del nostre municipi. Perqu\u00e8 per a nosaltres Nules sempre ha sigut el primer\u201d.<\/p>\n\n\n\n<p>Adsuara ha destacat l&#8217;aprovaci\u00f3 de la Llei de Protecci\u00f3 i Ordenaci\u00f3 de la Costa Valenciana, el passat 15 de maig en Les Corts, com un \u201cpas definitiu\u201d per a protegir les platges i posar en valor les vivendes singulars que s\u00f3n Les Casetes. \u201cHui estan m\u00e9s prop de la declaraci\u00f3 com B\u00e9 de Rellev\u00e0ncia Local gr\u00e0cies a la implicaci\u00f3 i el comprom\u00eds d&#8217;un Consell governat pel Partit Popular\u201d.<\/p>\n\n\n\n<p>El mateix que ha desbloquejat, \u201cper fi\u201d, la cessi\u00f3 del local de l\u2019Ocapa per a l&#8217;ampliaci\u00f3 de l&#8217;Associaci\u00f3 de Jubilats Cantalobos. \u201cEl que els nostres pensionistes i jubilats ens reclamaven des de fa set anys \u00e9s el que hem fet possible amb un govern del PP en la Generalitat Valenciana\u201d.<\/p>\n\n\n\n<p>Des de la Diputaci\u00f3 governada per Marta Barrachina, la inversi\u00f3 a Nules ha perm\u00e9s restaurar el gui\u00f3 i la imatge de Sant Vicent. En una localitat \u201cen la qual la pressi\u00f3 fiscal puja i els servicis baixen\u201d. De fet, explica Adsuara, \u201cha sigut i continua sent el nostre cavall de batalla, exigir la rebaixa d&#8217;impostos i taxes que cada any pugen per\u00f2 no ho fan al nivell dels recursos i prestacions que s&#8217;oferixen a la poblaci\u00f3\u201d.<\/p>\n\n\n\n<p>Des del PP, \u201ccontinuarem exercint d&#8217;altaveus de la nostra localitat. Elevant les queixes i plantejant solucions, promovent projectes d&#8217;inter\u00e9s i utilitat per als nostres ve\u00efns. Perqu\u00e8 enfront d&#8217;un alcalde populista, l\u00edder d&#8217;un govern d&#8217;esquerres, que utilitza el nostre poble per a aconseguir altres objectius personals, hi ha eixida. Nosaltres sabem que Nules \u00e9s l&#8217;\u00fanica cosa. \u00c9s el primer\u201d, ha concl\u00f2s Adsuara.<\/p>\n","protected":false},"excerpt":{"rendered":"<p>El Partit Popular de Nules ha reivindicat la protecci\u00f3 de Les Casetes i l&#8217;ampliaci\u00f3 del local de jubilats com a exemple de gesti\u00f3 \u00fatil del PP al servici dels ve\u00efns. Ho ha fet el portaveu del PP en el municipi i president local, Jos\u00e9 Adsuara, amb motiu dels dos anys de gesti\u00f3 des de l&#8217;oposici\u00f3 &#8230; <a title=\"El PP de Nules reivindica la protecci\u00f3 de Les Casetes i l&#8217;ampliaci\u00f3 del local de jubilats\" class=\"read-more\" href=\"https:\/\/elcafedepipa.com\/index.php\/2025\/05\/27\/el-pp-de-nules-reivindica-la-proteccio-de-les-casetes-i-lampliacio-del-local-de-jubilats\/\" aria-label=\"M\u00e9s informaci\u00f3 sobre El PP de Nules reivindica la protecci\u00f3 de Les Casetes i l&#8217;ampliaci\u00f3 del local de jubilats\">Read more<\/a><\/p>\n","protected":false},"author":2,"featured_media":14302,"comment_status":"closed","ping_status":"closed","sticky":false,"template":"","format":"standard","meta":{"om_disable_all_campaigns":false,"_monsterinsights_skip_tracking":false,"_monsterinsights_sitenote_active":false,"_monsterinsights_sitenote_note":"","_monsterinsights_sitenote_category":0,"_uf_show_specific_survey":0,"_uf_disable_surveys":false,"footnotes":""},"categories":[3],"tags":[],"class_list":["post-14301","post","type-post","status-publish","format-standard","has-post-thumbnail","hentry","category-nules"],"_links":{"self":[{"href":"https:\/\/elcafedepipa.com\/index.php\/wp-json\/wp\/v2\/posts\/14301","targetHints":{"allow":["GET"]}}],"collection":[{"href":"https:\/\/elcafedepipa.com\/index.php\/wp-json\/wp\/v2\/posts"}],"about":[{"href":"https:\/\/elcafedepipa.com\/index.php\/wp-json\/wp\/v2\/types\/post"}],"author":[{"embeddable":true,"href":"https:\/\/elcafedepipa.com\/index.php\/wp-json\/wp\/v2\/users\/2"}],"replies":[{"embeddable":true,"href":"https:\/\/elcafedepipa.com\/index.php\/wp-json\/wp\/v2\/comments?post=14301"}],"version-history":[{"count":0,"href":"https:\/\/elcafedepipa.com\/index.php\/wp-json\/wp\/v2\/posts\/14301\/revisions"}],"wp:featuredmedia":[{"embeddable":true,"href":"https:\/\/elcafedepipa.com\/index.php\/wp-json\/wp\/v2\/media\/14302"}],"wp:attachment":[{"href":"https:\/\/elcafedepipa.com\/index.php\/wp-json\/wp\/v2\/media?parent=14301"}],"wp:term":[{"taxonomy":"category","embeddable":true,"href":"https:\/\/elcafedepipa.com\/index.php\/wp-json\/wp\/v2\/categories?post=14301"},{"taxonomy":"post_tag","embeddable":true,"href":"https:\/\/elcafedepipa.com\/index.php\/wp-json\/wp\/v2\/tags?post=14301"}],"curies":[{"name":"wp","href":"https:\/\/api.w.org\/{rel}","templated":true}]}}