{"id":14298,"date":"2025-05-27T14:05:15","date_gmt":"2025-05-27T12:05:15","guid":{"rendered":"https:\/\/elcafedepipa.com\/?p=14298"},"modified":"2025-05-27T14:05:16","modified_gmt":"2025-05-27T12:05:16","slug":"lajuntament-de-la-vall-duixo-obrira-la-torre-de-benissahat-com-a-espai-turistic-i-cultural","status":"publish","type":"post","link":"https:\/\/elcafedepipa.com\/index.php\/2025\/05\/27\/lajuntament-de-la-vall-duixo-obrira-la-torre-de-benissahat-com-a-espai-turistic-i-cultural\/","title":{"rendered":"L\u2019Ajuntament de la Vall d\u2019Uix\u00f3 obrir\u00e0 la Torre de Benissahat com a espai tur\u00edstic i cultural."},"content":{"rendered":"\n<p>L\u2019obertura ser\u00e0 parcial a causa que la Generalitat Valenciana ha retirat una subvenci\u00f3 ja concedida per a acabar les obres.<\/p>\n\n\n\n<p>L\u2019Ajuntament de la Vall d\u2019Uix\u00f3 obrir\u00e0 en les pr\u00f2ximes setmanes un nou espai tur\u00edstic i cultural a la planta baixa de la Torre de Benissahat. Aquesta zona ja est\u00e0 equipada amb il\u00b7luminaci\u00f3 i bany accessible. Tan prompte com s\u2019instal\u00b7le el mobiliari, s\u2019obrir\u00e0 parcialment al p\u00fablic aquesta construcci\u00f3 del segle XIII, clau per a explicar la hist\u00f2ria de la ciutat.<\/p>\n\n\n\n<p>Amb la seua pr\u00f2xima obertura es dona resposta a una reivindicaci\u00f3 hist\u00f2rica per recuperar per al poble la torre, que era de propietat privada i va ser adquirida amb fons municipals en 2022. Posteriorment s\u2019iniciaren els treballs de rehabilitaci\u00f3 amb una subvenci\u00f3 auton\u00f2mica, per\u00f2 amb el canvi de govern a la Generalitat Valenciana es va retirar una altra ajuda ja concedida i l\u2019\u00faltima fase de les obres ha quedat pendent.<\/p>\n\n\n\n<p>En aquest sentit, falta instal\u00b7lar l\u2019ascensor, acabar l\u2019interior i les finestres de la primera i segona planta, aix\u00ed com els equipaments i el mobiliari. L\u2019alcaldessa, Tania Ba\u00f1os, ha lamentat que el PP i Vox \u201chagen eliminat aquestes ajudes que ja ten\u00edem concedides\u201d, i ha afegit que \u201cno podem acabar les plantes superiors ni mostrar-les als visitants\u201d.<\/p>\n\n\n\n<p>Tot i aix\u00f2, s\u2019obrir\u00e0 la planta baixa com a espai tur\u00edstic i cultural, on es podran fer petites exposicions, presentacions de llibres o acollir actes programats tant per l\u2019Ajuntament com per les associacions culturals. Aix\u00ed mateix, \u201ccontinuarem reivindicant a la Generalitat Valenciana els diners que ens corresponen\u201d i tamb\u00e9 s\u2019estan estudiant \u201cnoves vies de finan\u00e7ament alternatives, tamb\u00e9 del Govern d\u2019Espanya\u201d.<\/p>\n\n\n\n<p>Les fases realitzades fins ara han consistit en les cales arqueol\u00f2giques i la documentaci\u00f3, la consolidaci\u00f3 de l\u2019estructura, forjats i coberta \u2014refor\u00e7ada amb noves bigues\u2014 amb t\u00e8cniques espec\u00edfiques per a elements patrimonials i hist\u00f2rics, la retirada de capes constructives sobre l\u2019original i la recuperaci\u00f3 d\u2019arcs, antics buits de finestres, envans i pedra.<\/p>\n\n\n\n<p>Juntament amb l\u2019alcaldessa, tamb\u00e9 han visitat la Torre de Benissahat el regidor de Patrimoni i primer tinent d\u2019alcaldessa, Fernando Dar\u00f2s; el regidor d\u2019Urbanisme, Vicente Pitarch; i el regidor de Turisme, Javier Ferreres. Tots han coincidit en l\u2019\u201caposta pel patrimoni\u201d amb aquesta actuaci\u00f3 i amb les de recuperaci\u00f3 de la F\u00e0brica de la Llum i el seu entorn, el Cam\u00ed de l\u2019Aigua o l\u2019edifici annex a l\u2019ajuntament.<\/p>\n\n\n\n<p>La Torre de Benissahat \u00e9s un dels pocs vestigis arquitect\u00f2nics que han arribat fins als nostres dies de l\u2019antiga Alqueria de Benissahat. Aquesta formava part de la xarxa de sis alqueries musulmanes situades al llarg de la s\u00e8quia i que configuren l\u2019origen del nucli urb\u00e0 de la Vall d\u2019Uix\u00f3. Amb la seua restauraci\u00f3 i obertura parcial es continua donant forma al relat tur\u00edstic que complementa les Coves de Sant Josep.<\/p>\n\n\n\n<p><\/p>\n","protected":false},"excerpt":{"rendered":"<p>L\u2019obertura ser\u00e0 parcial a causa que la Generalitat Valenciana ha retirat una subvenci\u00f3 ja concedida per a acabar les obres. L\u2019Ajuntament de la Vall d\u2019Uix\u00f3 obrir\u00e0 en les pr\u00f2ximes setmanes un nou espai tur\u00edstic i cultural a la planta baixa de la Torre de Benissahat. Aquesta zona ja est\u00e0 equipada amb il\u00b7luminaci\u00f3 i bany accessible. &#8230; <a title=\"L\u2019Ajuntament de la Vall d\u2019Uix\u00f3 obrir\u00e0 la Torre de Benissahat com a espai tur\u00edstic i cultural.\" class=\"read-more\" href=\"https:\/\/elcafedepipa.com\/index.php\/2025\/05\/27\/lajuntament-de-la-vall-duixo-obrira-la-torre-de-benissahat-com-a-espai-turistic-i-cultural\/\" aria-label=\"M\u00e9s informaci\u00f3 sobre L\u2019Ajuntament de la Vall d\u2019Uix\u00f3 obrir\u00e0 la Torre de Benissahat com a espai tur\u00edstic i cultural.\">Read more<\/a><\/p>\n","protected":false},"author":2,"featured_media":14299,"comment_status":"closed","ping_status":"closed","sticky":false,"template":"","format":"standard","meta":{"om_disable_all_campaigns":false,"_monsterinsights_skip_tracking":false,"_monsterinsights_sitenote_active":false,"_monsterinsights_sitenote_note":"","_monsterinsights_sitenote_category":0,"_uf_show_specific_survey":0,"_uf_disable_surveys":false,"footnotes":""},"categories":[2],"tags":[],"class_list":["post-14298","post","type-post","status-publish","format-standard","has-post-thumbnail","hentry","category-lavallduixo"],"_links":{"self":[{"href":"https:\/\/elcafedepipa.com\/index.php\/wp-json\/wp\/v2\/posts\/14298","targetHints":{"allow":["GET"]}}],"collection":[{"href":"https:\/\/elcafedepipa.com\/index.php\/wp-json\/wp\/v2\/posts"}],"about":[{"href":"https:\/\/elcafedepipa.com\/index.php\/wp-json\/wp\/v2\/types\/post"}],"author":[{"embeddable":true,"href":"https:\/\/elcafedepipa.com\/index.php\/wp-json\/wp\/v2\/users\/2"}],"replies":[{"embeddable":true,"href":"https:\/\/elcafedepipa.com\/index.php\/wp-json\/wp\/v2\/comments?post=14298"}],"version-history":[{"count":0,"href":"https:\/\/elcafedepipa.com\/index.php\/wp-json\/wp\/v2\/posts\/14298\/revisions"}],"wp:featuredmedia":[{"embeddable":true,"href":"https:\/\/elcafedepipa.com\/index.php\/wp-json\/wp\/v2\/media\/14299"}],"wp:attachment":[{"href":"https:\/\/elcafedepipa.com\/index.php\/wp-json\/wp\/v2\/media?parent=14298"}],"wp:term":[{"taxonomy":"category","embeddable":true,"href":"https:\/\/elcafedepipa.com\/index.php\/wp-json\/wp\/v2\/categories?post=14298"},{"taxonomy":"post_tag","embeddable":true,"href":"https:\/\/elcafedepipa.com\/index.php\/wp-json\/wp\/v2\/tags?post=14298"}],"curies":[{"name":"wp","href":"https:\/\/api.w.org\/{rel}","templated":true}]}}