{"id":14281,"date":"2025-05-27T12:54:08","date_gmt":"2025-05-27T10:54:08","guid":{"rendered":"https:\/\/elcafedepipa.com\/?p=14281"},"modified":"2025-05-27T12:54:09","modified_gmt":"2025-05-27T10:54:09","slug":"el-pspv-psoe-denuncia-el-pla-de-mazon-i-camarero-per-a-deixar-caure-les-residencies-publiques-per-a-privatitzar-la-seua-gestio","status":"publish","type":"post","link":"https:\/\/elcafedepipa.com\/index.php\/2025\/05\/27\/el-pspv-psoe-denuncia-el-pla-de-mazon-i-camarero-per-a-deixar-caure-les-residencies-publiques-per-a-privatitzar-la-seua-gestio\/","title":{"rendered":"El PSPV-PSOE denuncia el pla de Maz\u00f3n i Camarero per a deixar caure les resid\u00e8ncies p\u00fabliques per a privatitzar la seua gesti\u00f3"},"content":{"rendered":"\n<p>El PSPV-PSOE ha denunciat aquest dimarts que Maz\u00f3n i Camarero \u201chan posat l\u2019accelerador\u201d en el seu pla de desmantellament dels serveis socials p\u00fablics amb l\u2019\u00fanic objectiu \u201cd\u2019afavorir el negoci privat a costa de la dignitat i l\u2019atenci\u00f3 de les persones m\u00e9s vulnerables\u201d. La coportaveu socialista de Serveis Socials a les Corts, Silvia G\u00f3mez, ha assenyalat que \u201cres els importa quan hi ha diners pel mig, encara que aix\u00f2 signifique repetir el model Cotino i retallar en el m\u00e9s essencial, com s\u00f3n els drets i la vida de les persones\u201d.<\/p>\n\n\n\n<p>En una roda de premsa acompanyada de les alcaldesses socialistes de la Vall d\u2019Uix\u00f3, Tania Ba\u00f1os, i d\u2019Alboc\u00e0sser, Isabel Albalat, G\u00f3mez ha advertit que el Consell \u201cest\u00e0 deixant caure deliberadament els recursos socials de gesti\u00f3 p\u00fablica mentre obri la porta a la seua privatitzaci\u00f3 amb una modificaci\u00f3 vergonyosa de la llei de serveis socials inclusius\u201d.<\/p>\n\n\n\n<p>Els casos de la Vall d\u2019Uix\u00f3 i Alboc\u00e0sser, ha subratllat, s\u00f3n \u201cdos exemples clars del menyspreu del govern de Maz\u00f3n i VOX a les persones majors, amb depend\u00e8ncia o malalties mentals cr\u00f2niques\u201d. A la Vall, s\u2019ha comunicat el tancament de la resid\u00e8ncia de persones majors sense cap alternativa per als usuaris i usu\u00e0ries, mentre que a Alboc\u00e0sser, s\u2019ha ordenat el desallotjament imminent del centre per a malalts mentals cr\u00f2nics \u2014sense informar a l\u2019Ajuntament\u2014 que, ara, seran traslladats a unes altres instal\u00b7lacions ubicades a dues hores de la localitat i amb poques garanties per a les treballadores.<\/p>\n\n\n\n<p>\u201cEstem davant de les conseq\u00fc\u00e8ncies d\u2019una pol\u00edtica feta per i per a uns pocs, que baixa impostos a les grans elits econ\u00f2miques mentre empobreix els serveis p\u00fablics que necessiten la majoria dels valencians i valencianes\u201d, ha afirmat G\u00f3mez. \u201cHan destru\u00eft el Pla Convivint i han dit obertament als ajuntaments que no construiran m\u00e9s infraestructures socials p\u00fabliques, per\u00f2 s\u00ed que poden contactar amb empreses privades. Aix\u00f2 \u00e9s el mateix esquema que vam vore amb Cotino\u201d, ha afegit.<\/p>\n\n\n\n<p><strong>El cas de la Vall d\u2019Uix\u00f3<br><\/strong>L\u2019alcaldessa de la Vall d\u2019Uix\u00f3, Tania Ba\u00f1os, ha lamentat que la consellera Susana Camerero haja \u201cignorat\u201d durant mesos les prop de 50 peticions de reuni\u00f3 i que l\u2019\u00fanica resposta del seu gabinet haja per a comunicar el tancament de la Llar Sagrada Fam\u00edlia sense cap alternativa sobre la taula. \u201cPotser la consellera est\u00e0 massa ocupada intentant salvar-li els mobles judicialment al president Maz\u00f3n i per aix\u00f2 no t\u00e9 temps per escoltar als alcaldes i alcaldesses que li traslladem problemes reals\u201d, ha assenyalat. \u201cLa Vall d\u2019Uix\u00f3 no mereix aquest tracte\u201d.<\/p>\n\n\n\n<p>Davant aquesta situaci\u00f3, ha explicat, \u201cdes de l\u2019Ajuntament hem hagut d\u2019assumir al nostre risc i compte la cerca d\u2019una soluci\u00f3 per a garantir la seguretat dels residents i per a evitar que siguen traslladats a altres municipis. \u201cAra podran continuar vivint a la Vall, en unes instal\u00b7lacions noves i dignes temporalment, a l\u2019espera que la Generalitat constru\u00efsca una nova resid\u00e8ncia a la nostra ciutat\u201d, ha afirmat. Al fil d\u2019aix\u00f2, ha recordat que el consistori ja s\u2019ha avan\u00e7at i ha oferit a la consellera terrenys p\u00fablics al Carmadai per a construir una nova resid\u00e8ncia.<\/p>\n\n\n\n<p>Per un altre costat, Ba\u00f1os ha desmuntat els intents de la Conselleria de responsabilitzar l\u2019Ajuntament de no haver fet obres estructurals en la resid\u00e8ncia per a evitar el tancament. \u201cEstem parlant d\u2019una compet\u00e8ncia exclusivament auton\u00f2mica. Demanar a un ajuntament que invertisca 10 milions d\u2019euros en una resid\u00e8ncia \u00e9s com demanar-li que constru\u00efsca una escola. No tenim ni la compet\u00e8ncia, ni la capacitat legal ni econ\u00f2mica per fer-ho\u201d, ha incidit.<\/p>\n\n\n\n<p><strong>Isabel Albalat: \u201cSe\u2019ls trenca la vida\u201d<\/strong><br>En el cas d\u2019Alboc\u00e0sser, Isabel Albalat ha explicat que \u201cfa prop de dues setmanes, de sobte, ens van comunicar que el centre de malalts mentals cr\u00f2nics que funciona des de 2005 est\u00e0 en ru\u00efnes i que cal desallotjar-lo\u201d. Albalat ha fet la cara roja a Maz\u00f3n i Camarero per haver abocat el centre a aquesta situaci\u00f3. \u201c\u00c9s la Generalitat qui ha de mantindre aquestes instal\u00b7lacions, i no ho ha fet. Ara volen tancar el centre i enviar els residents a un pol\u00edgon industrial de B\u00e9tera, lluny de les seues vides, de les seues rutines i del poble on estan plenament integrats\u201d, ha criticat. \u201cEl centre no \u00e9s un hospital, \u00e9s sa casa. A Alboc\u00e0sser viuen, treballen, van al bar\u2026 Se\u2019ls trenca la vida\u201d.<\/p>\n\n\n\n<p>L\u2019alcaldessa ha denunciat que \u201cla situaci\u00f3 actual del centre \u00e9s d\u2019absoluta incertesa\u201d. \u201cEl desallotjament encara no s\u2019ha executat, per\u00f2 l\u2019abastiment d\u2019aliments ja comen\u00e7a a fallar. Els treballador no saben qu\u00e8 ser\u00e0 del seu futur laboral. I, a m\u00e9s, quan vam intentar accedir al centre amb un t\u00e8cnic per a comprovar l\u2019estat real de l\u2019edifici, ens van impedir l\u2019entrada. Aix\u00f2 no \u00e9s una manera de governar ni de respectar un poble que ha estat sempre al costat d\u2019aquest projecte i d\u2019aquesta gent\u201d.<\/p>\n\n\n\n<p>El PSPV registrar\u00e0 preguntes parlament\u00e0ries i una Proposici\u00f3 No de Llei per a exigir el manteniment de tots els recursos socials p\u00fablics i impedir el seu trasllat. \u201cGovernar \u00e9s protegir els m\u00e9s vulnerables, no entregar-los als interessos privats\u201d, ha afegit G\u00f3mez.<\/p>\n\n\n\n<p>Per la seua banda, Tania Ba\u00f1os, com a vicesecret\u00e0ria general del PSPV, ha tancat afirmant que \u201cla gran majoria dels valencians i valencianes han de votar el Partit Socialista per a fer presidenta a Diana Morant i construir un model de benestar basat en els drets, no en el mercat. No podem deixar la vida de les persones en mans del mercat. La sanitat, l\u2019educaci\u00f3 i les resid\u00e8ncies han de ser p\u00fabliques\u201d.<\/p>\n","protected":false},"excerpt":{"rendered":"<p>El PSPV-PSOE ha denunciat aquest dimarts que Maz\u00f3n i Camarero \u201chan posat l\u2019accelerador\u201d en el seu pla de desmantellament dels serveis socials p\u00fablics amb l\u2019\u00fanic objectiu \u201cd\u2019afavorir el negoci privat a costa de la dignitat i l\u2019atenci\u00f3 de les persones m\u00e9s vulnerables\u201d. La coportaveu socialista de Serveis Socials a les Corts, Silvia G\u00f3mez, ha assenyalat &#8230; <a title=\"El PSPV-PSOE denuncia el pla de Maz\u00f3n i Camarero per a deixar caure les resid\u00e8ncies p\u00fabliques per a privatitzar la seua gesti\u00f3\" class=\"read-more\" href=\"https:\/\/elcafedepipa.com\/index.php\/2025\/05\/27\/el-pspv-psoe-denuncia-el-pla-de-mazon-i-camarero-per-a-deixar-caure-les-residencies-publiques-per-a-privatitzar-la-seua-gestio\/\" aria-label=\"M\u00e9s informaci\u00f3 sobre El PSPV-PSOE denuncia el pla de Maz\u00f3n i Camarero per a deixar caure les resid\u00e8ncies p\u00fabliques per a privatitzar la seua gesti\u00f3\">Read more<\/a><\/p>\n","protected":false},"author":2,"featured_media":14282,"comment_status":"closed","ping_status":"closed","sticky":false,"template":"","format":"standard","meta":{"om_disable_all_campaigns":false,"_monsterinsights_skip_tracking":false,"_monsterinsights_sitenote_active":false,"_monsterinsights_sitenote_note":"","_monsterinsights_sitenote_category":0,"_uf_show_specific_survey":0,"_uf_disable_surveys":false,"footnotes":""},"categories":[2],"tags":[],"class_list":["post-14281","post","type-post","status-publish","format-standard","has-post-thumbnail","hentry","category-lavallduixo"],"_links":{"self":[{"href":"https:\/\/elcafedepipa.com\/index.php\/wp-json\/wp\/v2\/posts\/14281","targetHints":{"allow":["GET"]}}],"collection":[{"href":"https:\/\/elcafedepipa.com\/index.php\/wp-json\/wp\/v2\/posts"}],"about":[{"href":"https:\/\/elcafedepipa.com\/index.php\/wp-json\/wp\/v2\/types\/post"}],"author":[{"embeddable":true,"href":"https:\/\/elcafedepipa.com\/index.php\/wp-json\/wp\/v2\/users\/2"}],"replies":[{"embeddable":true,"href":"https:\/\/elcafedepipa.com\/index.php\/wp-json\/wp\/v2\/comments?post=14281"}],"version-history":[{"count":0,"href":"https:\/\/elcafedepipa.com\/index.php\/wp-json\/wp\/v2\/posts\/14281\/revisions"}],"wp:featuredmedia":[{"embeddable":true,"href":"https:\/\/elcafedepipa.com\/index.php\/wp-json\/wp\/v2\/media\/14282"}],"wp:attachment":[{"href":"https:\/\/elcafedepipa.com\/index.php\/wp-json\/wp\/v2\/media?parent=14281"}],"wp:term":[{"taxonomy":"category","embeddable":true,"href":"https:\/\/elcafedepipa.com\/index.php\/wp-json\/wp\/v2\/categories?post=14281"},{"taxonomy":"post_tag","embeddable":true,"href":"https:\/\/elcafedepipa.com\/index.php\/wp-json\/wp\/v2\/tags?post=14281"}],"curies":[{"name":"wp","href":"https:\/\/api.w.org\/{rel}","templated":true}]}}