{"id":14271,"date":"2025-05-26T13:34:52","date_gmt":"2025-05-26T11:34:52","guid":{"rendered":"https:\/\/elcafedepipa.com\/?p=14271"},"modified":"2025-05-26T13:34:53","modified_gmt":"2025-05-26T11:34:53","slug":"vicent-melia-crea-una-capsula-del-temps-artistica-amb-la-participacio-del-public","status":"publish","type":"post","link":"https:\/\/elcafedepipa.com\/index.php\/2025\/05\/26\/vicent-melia-crea-una-capsula-del-temps-artistica-amb-la-participacio-del-public\/","title":{"rendered":"Vicent Meli\u00e0 crea una c\u00e0psula del temps \u2018art\u00edstica\u2019 amb la participaci\u00f3 del p\u00fablic."},"content":{"rendered":"\n<p>A partir de la ic\u00f2nica cita \u201cMoments que es perdran en el temps, com ll\u00e0grimes en la pluja\u201d de la pel\u00b7l\u00edcula <em>Blade Runner<\/em> (1982) del director Ridley Scott, l\u2019artista Vicent Meli\u00e0 Bombo\u00ed ha creat el seu \u00faltim projecte art\u00edstic que en aquesta ocasi\u00f3 t\u00e9 una vessant participativa. Es tracta d\u2019una c\u00e0psula del temps. L\u2019artista ha volgut que el projecte fora col\u00b7laboratiu i per aix\u00f2 durant uns dies ha repartit quatre recipients que formaran part de la c\u00e0psula perqu\u00e8 qui ho desitge puga introduir un missatge, poema, dibuix o fotografia per al futur. Aquests recipients estaran fins dijous 29 a la Llibreria Abacus, l\u2019Editorial Unaria, el taller de l\u2019artista Luis Bolumar i l\u2019alqueria del creador, Cinc lleons i un gat. Divendres 30 de maig l\u2019artista segellar\u00e0 la c\u00e0psula en algun lloc del terme municipal de Castell\u00f3 perqu\u00e8 en un futur alg\u00fa trobe aquests petits-grans tresors.<\/p>\n\n\n\n<p>Una c\u00e0psula del temps que, en paraules de l\u2019autor, \u201cpret\u00e9n capturar alguns moments creatius, amb l\u2019\u00fanic objectiu que puguen traspassar la nostra limitada l\u00ednia de temps personal i aix\u00ed viatjar en el temps cap a una altra dimensi\u00f3 futura i desconeguda, en la qual potser altres individus o \u00e9ssers intel\u00b7ligents, immersos en un altre espai i temps, puguen reinterpretar o desxifrar aquests missatges enviats des del nostre present per al futur\u201d. \u201cDurant la nostra exist\u00e8ncia vivim instants creatius de gran impacte emocional, que amb el pas del temps, la majoria desapareixeran de la mem\u00f2ria tant individual com col\u00b7lectiva. La meua intenci\u00f3 \u00e9s capturar alguna d\u2019aquestes ll\u00e0grimes emocionals\u201d, afegeix.<\/p>\n\n\n\n<p>El prop\u00f2sit \u00e9s clar: \u201cLa nostra societat actual es dirigeix com una nau sense control (igual que ho fa \u2018La nau dels bojos\u2019 d\u2019El Bosco) cap a una gran nebulosa d\u2019incertesa, per aix\u00f2, aquesta intervenci\u00f3 de La C\u00e0psula del Temps busca que els creatius vegen imprescindible preparar un kit d<\/p>\n","protected":false},"excerpt":{"rendered":"<p>A partir de la ic\u00f2nica cita \u201cMoments que es perdran en el temps, com ll\u00e0grimes en la pluja\u201d de la pel\u00b7l\u00edcula Blade Runner (1982) del director Ridley Scott, l\u2019artista Vicent Meli\u00e0 Bombo\u00ed ha creat el seu \u00faltim projecte art\u00edstic que en aquesta ocasi\u00f3 t\u00e9 una vessant participativa. Es tracta d\u2019una c\u00e0psula del temps. L\u2019artista ha &#8230; <a title=\"Vicent Meli\u00e0 crea una c\u00e0psula del temps \u2018art\u00edstica\u2019 amb la participaci\u00f3 del p\u00fablic.\" class=\"read-more\" href=\"https:\/\/elcafedepipa.com\/index.php\/2025\/05\/26\/vicent-melia-crea-una-capsula-del-temps-artistica-amb-la-participacio-del-public\/\" aria-label=\"M\u00e9s informaci\u00f3 sobre Vicent Meli\u00e0 crea una c\u00e0psula del temps \u2018art\u00edstica\u2019 amb la participaci\u00f3 del p\u00fablic.\">Read more<\/a><\/p>\n","protected":false},"author":2,"featured_media":14272,"comment_status":"closed","ping_status":"closed","sticky":false,"template":"","format":"standard","meta":{"om_disable_all_campaigns":false,"_monsterinsights_skip_tracking":false,"_monsterinsights_sitenote_active":false,"_monsterinsights_sitenote_note":"","_monsterinsights_sitenote_category":0,"_uf_show_specific_survey":0,"_uf_disable_surveys":false,"footnotes":""},"categories":[10],"tags":[],"class_list":["post-14271","post","type-post","status-publish","format-standard","has-post-thumbnail","hentry","category-provinciadecastello"],"_links":{"self":[{"href":"https:\/\/elcafedepipa.com\/index.php\/wp-json\/wp\/v2\/posts\/14271","targetHints":{"allow":["GET"]}}],"collection":[{"href":"https:\/\/elcafedepipa.com\/index.php\/wp-json\/wp\/v2\/posts"}],"about":[{"href":"https:\/\/elcafedepipa.com\/index.php\/wp-json\/wp\/v2\/types\/post"}],"author":[{"embeddable":true,"href":"https:\/\/elcafedepipa.com\/index.php\/wp-json\/wp\/v2\/users\/2"}],"replies":[{"embeddable":true,"href":"https:\/\/elcafedepipa.com\/index.php\/wp-json\/wp\/v2\/comments?post=14271"}],"version-history":[{"count":0,"href":"https:\/\/elcafedepipa.com\/index.php\/wp-json\/wp\/v2\/posts\/14271\/revisions"}],"wp:featuredmedia":[{"embeddable":true,"href":"https:\/\/elcafedepipa.com\/index.php\/wp-json\/wp\/v2\/media\/14272"}],"wp:attachment":[{"href":"https:\/\/elcafedepipa.com\/index.php\/wp-json\/wp\/v2\/media?parent=14271"}],"wp:term":[{"taxonomy":"category","embeddable":true,"href":"https:\/\/elcafedepipa.com\/index.php\/wp-json\/wp\/v2\/categories?post=14271"},{"taxonomy":"post_tag","embeddable":true,"href":"https:\/\/elcafedepipa.com\/index.php\/wp-json\/wp\/v2\/tags?post=14271"}],"curies":[{"name":"wp","href":"https:\/\/api.w.org\/{rel}","templated":true}]}}