{"id":14255,"date":"2025-05-26T10:01:48","date_gmt":"2025-05-26T08:01:48","guid":{"rendered":"https:\/\/elcafedepipa.com\/?p=14255"},"modified":"2025-05-26T10:01:49","modified_gmt":"2025-05-26T08:01:49","slug":"centrats-en-nules-cen-pone-en-valor-10-anos-de-gobierno-en-nules","status":"publish","type":"post","link":"https:\/\/elcafedepipa.com\/index.php\/2025\/05\/26\/centrats-en-nules-cen-pone-en-valor-10-anos-de-gobierno-en-nules\/","title":{"rendered":"Centrats en Nules (CeN) pone en valor 10 a\u00f1os de gobierno en Nules:"},"content":{"rendered":"\n<p>La plataforma ve\u00efnal <em>Centrats en Nules (CeN)<\/em> va commemorar ahir dissabte 24 de maig de 2025 el des\u00e8 aniversari de les eleccions que van propiciar l\u2019acc\u00e9s a l\u2019alcaldia de David Garc\u00eda. L\u2019acte va tindre lloc en un local multifuncional ple de gom a gom, amb m\u00e9s de 600 persones assistents a l\u2019esdeveniment i al posterior dinar que es va celebrar en el mateix espai.<\/p>\n\n\n\n<p>L\u2019acte va estar presentat per la jove Nadia Cubedo i va comptar amb la projecci\u00f3 de diversos v\u00eddeos que van servir per resumir la gesti\u00f3 d\u2019aquests deu anys. En ells hi van participar regidors, militants de CeN, exalcaldes, representants d\u2019associacions i de la societat civil del municipi.<\/p>\n\n\n\n<p>Van intervindre, com a convidats, l\u2019alcalde independent d\u2019Alberic, To\u00f1o Carratal\u00e1, i Jos\u00e9 Miguel Saval, exsubdelegat del Govern d\u2019Espanya amb Mariano Rajoy a la prov\u00edncia d\u2019Alacant. Ambd\u00f3s van posar en valor la capacitat de treball i de generaci\u00f3 de consensos entorn de projectes compartits per part de l\u2019alcalde David Garc\u00eda.<\/p>\n\n\n\n<p>L\u2019alcalde va agrair \u201cel suport aclaparador i emotiu rebut en un dia tan especial\u201d, afegint que \u201cel projecte continua creixent cada dia i s\u2019erigeix com un dic d\u2019esperan\u00e7a davant la pol\u00edtica de divisions i enfrontament permanent a la qual ens volen sotmetre els partits tradicionals\u201d. Va reivindicar tamb\u00e9 que \u201c\u00e9s vital que el projecte continue escalant per tindre veu en totes les administracions on es prenen decisions que afecten el nostre poble i poder defensar els interessos dels nostres ve\u00efns davant la inacci\u00f3 dels de sempre\u201d.<\/p>\n\n\n\n<p>Garc\u00eda va afirmar que \u201ca Nules, fa deu anys, vam posar fi a les pol\u00edtiques per a uns pocs, on se sotmetia i perseguia la poblaci\u00f3 que no comulgava amb el partit del rodillo, en un govern caciquil que la meua fam\u00edlia i jo mateix vam patir en primera persona\u201d. En aquest sentit, va posar com a exemple \u201cel calvari que van patir alguns ve\u00efns i treballadors municipals, com Paco, que en pau descanse, a qui van humiliar i denigrar fins a nivells propis de r\u00e8gims dictatorials, deixant en evid\u00e8ncia el nivell hum\u00e0 dels que van deixar de governar fa una d\u00e8cada i que hui pretenen continuar donant-nos lli\u00e7ons\u201d. L\u2019alcalde va concloure que \u201cNules \u00e9s lliure novament des de fa deu anys i cap ve\u00ed o empleat p\u00fablic pot dir que haja patit persecuci\u00f3 per part del seu ajuntament, el de tots i totes, per raons pol\u00edtiques, ideol\u00f2giques o de qualsevol altra \u00edndole\u201d.<\/p>\n\n\n\n<p>CeN defensa que \u00e9s un punt de trobada on es posa en valor all\u00f2 que ens uneix, i que \u00e9s l\u2019\u00fanica plataforma capa\u00e7 d\u2019agrupar persones aparentment molt diferents, com van demostrar les assist\u00e8ncies d\u2019ahir a l\u2019acte d\u2019exalcaldes del municipi de formacions com AP\/PP, UCD o PSPV-PSOE, aix\u00ed com exregidors d\u2019aquests partits i tamb\u00e9 d\u2019UV, CDS o PCE, units per una gran il\u00b7lusi\u00f3 en un projecte que vol continuar treballant i defensant Nules davant qui calga.<\/p>\n\n\n\n<p>L\u2019acte, al qual van assistir diversos alcaldes independents de la prov\u00edncia, com el de Morella, Bernab\u00e9 Sang\u00fcesa, o Carmen Navarro, de la Vilavella, entre altres, va servir per continuar impulsant el projecte d\u2019Uni\u00f3 Municipalista, la confederaci\u00f3 de partits independents que presideix a nivell estatal el mateix David Garc\u00eda i que t\u00e9 com a objectiu convertir-se en la tercera for\u00e7a pol\u00edtica en les eleccions municipals de 2027 i obtindre representaci\u00f3 significativa tant a la Diputaci\u00f3 de Castell\u00f3 com a Les Corts Valencianes.<\/p>\n","protected":false},"excerpt":{"rendered":"<p>La plataforma ve\u00efnal Centrats en Nules (CeN) va commemorar ahir dissabte 24 de maig de 2025 el des\u00e8 aniversari de les eleccions que van propiciar l\u2019acc\u00e9s a l\u2019alcaldia de David Garc\u00eda. L\u2019acte va tindre lloc en un local multifuncional ple de gom a gom, amb m\u00e9s de 600 persones assistents a l\u2019esdeveniment i al posterior &#8230; <a title=\"Centrats en Nules (CeN) pone en valor 10 a\u00f1os de gobierno en Nules:\" class=\"read-more\" href=\"https:\/\/elcafedepipa.com\/index.php\/2025\/05\/26\/centrats-en-nules-cen-pone-en-valor-10-anos-de-gobierno-en-nules\/\" aria-label=\"M\u00e9s informaci\u00f3 sobre Centrats en Nules (CeN) pone en valor 10 a\u00f1os de gobierno en Nules:\">Read more<\/a><\/p>\n","protected":false},"author":2,"featured_media":14256,"comment_status":"closed","ping_status":"closed","sticky":false,"template":"","format":"standard","meta":{"om_disable_all_campaigns":false,"_monsterinsights_skip_tracking":false,"_monsterinsights_sitenote_active":false,"_monsterinsights_sitenote_note":"","_monsterinsights_sitenote_category":0,"_uf_show_specific_survey":0,"_uf_disable_surveys":false,"footnotes":""},"categories":[3],"tags":[],"class_list":["post-14255","post","type-post","status-publish","format-standard","has-post-thumbnail","hentry","category-nules"],"_links":{"self":[{"href":"https:\/\/elcafedepipa.com\/index.php\/wp-json\/wp\/v2\/posts\/14255","targetHints":{"allow":["GET"]}}],"collection":[{"href":"https:\/\/elcafedepipa.com\/index.php\/wp-json\/wp\/v2\/posts"}],"about":[{"href":"https:\/\/elcafedepipa.com\/index.php\/wp-json\/wp\/v2\/types\/post"}],"author":[{"embeddable":true,"href":"https:\/\/elcafedepipa.com\/index.php\/wp-json\/wp\/v2\/users\/2"}],"replies":[{"embeddable":true,"href":"https:\/\/elcafedepipa.com\/index.php\/wp-json\/wp\/v2\/comments?post=14255"}],"version-history":[{"count":0,"href":"https:\/\/elcafedepipa.com\/index.php\/wp-json\/wp\/v2\/posts\/14255\/revisions"}],"wp:featuredmedia":[{"embeddable":true,"href":"https:\/\/elcafedepipa.com\/index.php\/wp-json\/wp\/v2\/media\/14256"}],"wp:attachment":[{"href":"https:\/\/elcafedepipa.com\/index.php\/wp-json\/wp\/v2\/media?parent=14255"}],"wp:term":[{"taxonomy":"category","embeddable":true,"href":"https:\/\/elcafedepipa.com\/index.php\/wp-json\/wp\/v2\/categories?post=14255"},{"taxonomy":"post_tag","embeddable":true,"href":"https:\/\/elcafedepipa.com\/index.php\/wp-json\/wp\/v2\/tags?post=14255"}],"curies":[{"name":"wp","href":"https:\/\/api.w.org\/{rel}","templated":true}]}}