{"id":14252,"date":"2025-05-26T09:53:58","date_gmt":"2025-05-26T07:53:58","guid":{"rendered":"https:\/\/elcafedepipa.com\/?p=14252"},"modified":"2025-05-26T09:53:59","modified_gmt":"2025-05-26T07:53:59","slug":"lajuntament-de-la-vall-duixo-dona-la-benvinguda-a-la-seua-incubadora-digital-a-cinc-empreses-innovadores","status":"publish","type":"post","link":"https:\/\/elcafedepipa.com\/index.php\/2025\/05\/26\/lajuntament-de-la-vall-duixo-dona-la-benvinguda-a-la-seua-incubadora-digital-a-cinc-empreses-innovadores\/","title":{"rendered":"L&#8217;Ajuntament de la Vall d\u2019Uix\u00f3 dona la benvinguda a la seua incubadora digital a cinc empreses innovadores."},"content":{"rendered":"\n<p>Aix\u00ed es posa en marxa el programa d\u2019incubadora empresarial, que t\u00e9 com a objectius \u201ctrencar amb la barrera d\u2019acc\u00e9s a un espai f\u00edsic on iniciar o fer cr\u00e9ixer una activitat\u201d i \u201ccrear un ecosistema innovador\u201d, tal com ha explicat l\u2019alcaldessa, Tania Ba\u00f1os.<\/p>\n\n\n\n<p>Despr\u00e9s d\u2019un proc\u00e9s de licitaci\u00f3 p\u00fablica, les empreses que participen en aquest projecte s\u00f3n Comunitat Energ\u00e8tica la Plana, House of Apps, Gestocasa, FIUM i UrbanAlert. Totes elles paguen 50 euros al mes per un despatx de 10 m\u00b2 amb acc\u00e9s per control electr\u00f2nic i \u00fas dels espais comuns. Podran utilitzar-lo durant tres anys, amb un any prorrogable.<\/p>\n\n\n\n<p>L\u2019incubadora empresarial s\u2019ubica al Centre de Transformaci\u00f3 Digital, un projecte cofinan\u00e7at per la Uni\u00f3 Europea-Next Generation EU a trav\u00e9s del Pla de Recuperaci\u00f3, Transformaci\u00f3 i Resili\u00e8ncia. Amb una inversi\u00f3 de m\u00e9s de mig mili\u00f3 d\u2019euros es va recuperar la primera planta del Mercat Municipal, que estava quasi en ru\u00efnes i sense \u00fas.<\/p>\n\n\n\n<p>El regidor de Projectes Europeus i Economia, Jorge Garc\u00eda, ha assenyalat que es va decidir \u201cdonar-li vida i futur\u201d a aquest espai, que des de fa m\u00e9s d\u2019un any ofereix formaci\u00f3 en compet\u00e8ncies digitals i digitalitzaci\u00f3 de comer\u00e7os i empreses. Per a aix\u00f2 compta amb set despatxos, una sala de formaci\u00f3, dues sales de reunions, una zona coworking i un c\u00f3rner d\u2019eines digitals.<\/p>\n\n\n\n<p>Per a l\u2019alcaldessa \u00e9s un exemple de \u201cl\u2019aposta municipal per la captaci\u00f3 de talent\u201d i per \u201coferir oportunitats per crear m\u00e9s teixit econ\u00f2mic i generar inversions\u201d. Amb aquest espai d\u2019innovaci\u00f3, formaci\u00f3, coneixement i talent \u201cintentem capgirar el model de ciutat, perqu\u00e8 des d\u2019un hub digital en un municipi de Castell\u00f3 es pot fomentar el treball col\u00b7laboratiu, la innovaci\u00f3 i la transformaci\u00f3 digital\u201d.<\/p>\n\n\n\n<p>De fet, projectes com aquest han valgut a l\u2019Ajuntament de la Vall d\u2019Uix\u00f3 el reconeixement com a Ciutat de la Ci\u00e8ncia i la Innovaci\u00f3. Aix\u00ed, Ba\u00f1os ha destacat que aquest \u00e9s \u201cl\u2019inici d\u2019una s\u00e8rie de projectes que aporten valor afegit i productivitat a l\u2019economia local i del nostre territori\u201d.<\/p>\n\n\n\n<p><strong>EMPRESAS EN L\u2019INCUBADORA<\/strong><\/p>\n\n\n\n<p><strong>Comunitat Energ\u00e8tica la Plana Coop<\/strong> subministra b\u00e9ns i serveis relacionats amb les energies renovables, aix\u00ed com processos de digitalitzaci\u00f3 de l\u2019energia i consultoria especialitzada.<\/p>\n\n\n\n<p><strong>House of Apps<\/strong> desenvolupa solucions de programari en el n\u00favol. Ofereix consultoria i disseny d\u2019arquitectures avan\u00e7ades al n\u00favol, aix\u00ed com la implementaci\u00f3 i suport de programari personalitzat.<\/p>\n\n\n\n<p><strong>Gestocasa<\/strong> est\u00e0 centrada en l\u2019administraci\u00f3 de finques amb servei digitalitzat en l\u00ednia, en qu\u00e8 a trav\u00e9s del seu programari i amb la desc\u00e0rrega d\u2019una app es poden realitzar juntes en l\u00ednia o votacions, entre altres accions.<\/p>\n\n\n\n<p><strong>FIUM<\/strong>, del creador de continguts V\u00edctor Abad, consisteix en una revista trimestral que aborda la hist\u00f2ria de la F1. L\u2019impulsor va fundar l\u2019any 2017 el portal efe.uno, un spin-off natural del seu canal de YouTube i de les seues plataformes de creaci\u00f3 de contingut.<\/p>\n\n\n\n<p><strong>UrbanAlert<\/strong> contempla una aplicaci\u00f3 m\u00f2bil innovadora que t\u00e9 com a objectiu facilitar la gesti\u00f3, protecci\u00f3 i comunicaci\u00f3 durant situacions d\u2019emerg\u00e8ncia, incid\u00e8ncies i esdeveniments rellevants als municipis.<\/p>\n","protected":false},"excerpt":{"rendered":"<p>Aix\u00ed es posa en marxa el programa d\u2019incubadora empresarial, que t\u00e9 com a objectius \u201ctrencar amb la barrera d\u2019acc\u00e9s a un espai f\u00edsic on iniciar o fer cr\u00e9ixer una activitat\u201d i \u201ccrear un ecosistema innovador\u201d, tal com ha explicat l\u2019alcaldessa, Tania Ba\u00f1os. Despr\u00e9s d\u2019un proc\u00e9s de licitaci\u00f3 p\u00fablica, les empreses que participen en aquest projecte &#8230; <a title=\"L&#8217;Ajuntament de la Vall d\u2019Uix\u00f3 dona la benvinguda a la seua incubadora digital a cinc empreses innovadores.\" class=\"read-more\" href=\"https:\/\/elcafedepipa.com\/index.php\/2025\/05\/26\/lajuntament-de-la-vall-duixo-dona-la-benvinguda-a-la-seua-incubadora-digital-a-cinc-empreses-innovadores\/\" aria-label=\"M\u00e9s informaci\u00f3 sobre L&#8217;Ajuntament de la Vall d\u2019Uix\u00f3 dona la benvinguda a la seua incubadora digital a cinc empreses innovadores.\">Read more<\/a><\/p>\n","protected":false},"author":2,"featured_media":14253,"comment_status":"closed","ping_status":"closed","sticky":false,"template":"","format":"standard","meta":{"om_disable_all_campaigns":false,"_monsterinsights_skip_tracking":false,"_monsterinsights_sitenote_active":false,"_monsterinsights_sitenote_note":"","_monsterinsights_sitenote_category":0,"_uf_show_specific_survey":0,"_uf_disable_surveys":false,"footnotes":""},"categories":[2],"tags":[],"class_list":["post-14252","post","type-post","status-publish","format-standard","has-post-thumbnail","hentry","category-lavallduixo"],"_links":{"self":[{"href":"https:\/\/elcafedepipa.com\/index.php\/wp-json\/wp\/v2\/posts\/14252","targetHints":{"allow":["GET"]}}],"collection":[{"href":"https:\/\/elcafedepipa.com\/index.php\/wp-json\/wp\/v2\/posts"}],"about":[{"href":"https:\/\/elcafedepipa.com\/index.php\/wp-json\/wp\/v2\/types\/post"}],"author":[{"embeddable":true,"href":"https:\/\/elcafedepipa.com\/index.php\/wp-json\/wp\/v2\/users\/2"}],"replies":[{"embeddable":true,"href":"https:\/\/elcafedepipa.com\/index.php\/wp-json\/wp\/v2\/comments?post=14252"}],"version-history":[{"count":0,"href":"https:\/\/elcafedepipa.com\/index.php\/wp-json\/wp\/v2\/posts\/14252\/revisions"}],"wp:featuredmedia":[{"embeddable":true,"href":"https:\/\/elcafedepipa.com\/index.php\/wp-json\/wp\/v2\/media\/14253"}],"wp:attachment":[{"href":"https:\/\/elcafedepipa.com\/index.php\/wp-json\/wp\/v2\/media?parent=14252"}],"wp:term":[{"taxonomy":"category","embeddable":true,"href":"https:\/\/elcafedepipa.com\/index.php\/wp-json\/wp\/v2\/categories?post=14252"},{"taxonomy":"post_tag","embeddable":true,"href":"https:\/\/elcafedepipa.com\/index.php\/wp-json\/wp\/v2\/tags?post=14252"}],"curies":[{"name":"wp","href":"https:\/\/api.w.org\/{rel}","templated":true}]}}