{"id":14249,"date":"2025-05-26T09:47:35","date_gmt":"2025-05-26T07:47:35","guid":{"rendered":"https:\/\/elcafedepipa.com\/?p=14249"},"modified":"2025-05-26T09:47:36","modified_gmt":"2025-05-26T07:47:36","slug":"lecha-pp-els-ports-rebra-en-2025-una-injeccio-historica-de-172-milions-gracies-al-compromis-amb-linterior-de-la-generalitat-i-la-diputacio","status":"publish","type":"post","link":"https:\/\/elcafedepipa.com\/index.php\/2025\/05\/26\/lecha-pp-els-ports-rebra-en-2025-una-injeccio-historica-de-172-milions-gracies-al-compromis-amb-linterior-de-la-generalitat-i-la-diputacio\/","title":{"rendered":"Lecha (PP): \u201cEls Ports rebr\u00e0 en 2025 una injecci\u00f3 hist\u00f2rica de 17,2 milions gr\u00e0cies al comprom\u00eds amb l\u2019interior de la Generalitat i la Diputaci\u00f3\u201d"},"content":{"rendered":"\n<p>La profitosa alian\u00e7a entre la Generalitat Valenciana i la Diputaci\u00f3 de Castell\u00f3 permetr\u00e0 injectar a la comarca dels Ports un total de 17.213.242,4 euros al llarg de l\u2019any 2025. Es tracta d\u2019un impacte econ\u00f2mic hist\u00f2ric que, segons el Partit Popular, demostra el comprom\u00eds dels governs del PP amb el territori i respon a l\u2019objectiu de reactivar la comarca.<\/p>\n\n\n\n<p>Aix\u00ed ho ha manifestat Jes\u00fas Lecha, vicesecretari d\u2019Estrat\u00e8gia Pol\u00edtica i Comissions d\u2019Estudi del Partit Popular de Castell\u00f3, qui ha destacat la inversi\u00f3 aprovada pels presidents Carlos Maz\u00f3n i Marta Barrachina mitjan\u00e7ant el Fons de Cooperaci\u00f3. A aquesta aportaci\u00f3 se sumen les quantitats contemplades per la Generalitat Valenciana en el pressupost de 2025, que, segons Lecha, suposen un reconeixement a l\u2019esfor\u00e7 i la const\u00e0ncia de les fam\u00edlies que viuen a la comarca. El PSPV-PSOE, ha afegit, ja ha anunciat el seu vot contrari a aquests comptes.<\/p>\n\n\n\n<p>Entre les inversions previstes es troben actuacions a la Pobla de Benifass\u00e0 i a Morella, on es destinaran 3,4 milions d\u2019euros per garantir l\u2019atenci\u00f3 social, refor\u00e7ar l\u2019assist\u00e8ncia als usuaris de la resid\u00e8ncia de la tercera edat i assegurar el subministrament d\u2019aigua per a la ramaderia. A m\u00e9s, el municipi de Forcall rebr\u00e0 1.082.736 euros a trav\u00e9s del programa de resid\u00e8ncies.<\/p>\n\n\n\n<p>Tamb\u00e9 destaquen les inversions en l\u2019\u00e0mbit educatiu a Vilafranca i Cinctorres, que superen conjuntament els 470.000 euros, aix\u00ed com actuacions en la totalitat dels municipis de la comarca, que, amb una aportaci\u00f3 de 1.456.881,02 euros a trav\u00e9s del Fons de Cooperaci\u00f3, garantiran inversions \u00fatils per als pobles.<\/p>\n\n\n\n<p>En l\u2019\u00e0mbit del transport, es preveu una important inversi\u00f3 per recuperar el servei entre municipis de la comarca, que va quedar redu\u00eft durant l\u2019etapa de govern de PSPV i Comprom\u00eds fins al punt de desapar\u00e8ixer connexions essencials. Amb el PP al capdavant de la Generalitat, s\u2019afirma que es pret\u00e9n restablir aquestes connexions vitals i garantir als ve\u00efns un servei digne, sota el principi que viure a l\u2019interior no ha de ser un desavantatge, sin\u00f3 una realitat protegida amb recursos i serveis.<\/p>\n\n\n\n<p>Dels 9.296.318,34 euros previstos per a la comarca, 60.000 euros es destinaran a la redacci\u00f3 de projectes per a la millora de l\u2019acc\u00e9s nord a Morella i per a la terminal de transport p\u00fablic. En mat\u00e8ria de carreteres, hi ha dues partides destacades: 2.583.333,33 euros i 3.626.666,67 euros per a la l\u00ednia 1 de Castell\u00f3 Nord. Aix\u00ed mateix, es contempla una inversi\u00f3 de 3.026.318,34 euros per a la prevenci\u00f3 d\u2019incendis forestals a la comarca.<\/p>\n\n\n\n<p>A aquestes quantitats s\u2019afegeixen 2.079.000 euros procedents del Pla E\u00f2lic, gestionat a trav\u00e9s del Fons de Compensaci\u00f3 que tramita l\u2019Institut Valenci\u00e0 de Competitivitat Empresarial (IVACE), amb destinaci\u00f3 a inversions al territori dels Ports.<\/p>\n\n\n\n<p>Aquest comprom\u00eds es tradueix en accions concretes, com les previstes en el marc del conveni subscrit entre la Generalitat, la Diputaci\u00f3 i la Cambra de Comer\u00e7. Segons Lecha, el treball conjunt per identificar els sectors estrat\u00e8gics de la comarca i dissenyar plans de desenvolupament suposa una garantia de futur, amb la implicaci\u00f3 de tots els agents locals i institucionals. &#8220;Complim&#8221;, ha concl\u00f2s.<\/p>\n","protected":false},"excerpt":{"rendered":"<p>La profitosa alian\u00e7a entre la Generalitat Valenciana i la Diputaci\u00f3 de Castell\u00f3 permetr\u00e0 injectar a la comarca dels Ports un total de 17.213.242,4 euros al llarg de l\u2019any 2025. Es tracta d\u2019un impacte econ\u00f2mic hist\u00f2ric que, segons el Partit Popular, demostra el comprom\u00eds dels governs del PP amb el territori i respon a l\u2019objectiu de &#8230; <a title=\"Lecha (PP): \u201cEls Ports rebr\u00e0 en 2025 una injecci\u00f3 hist\u00f2rica de 17,2 milions gr\u00e0cies al comprom\u00eds amb l\u2019interior de la Generalitat i la Diputaci\u00f3\u201d\" class=\"read-more\" href=\"https:\/\/elcafedepipa.com\/index.php\/2025\/05\/26\/lecha-pp-els-ports-rebra-en-2025-una-injeccio-historica-de-172-milions-gracies-al-compromis-amb-linterior-de-la-generalitat-i-la-diputacio\/\" aria-label=\"M\u00e9s informaci\u00f3 sobre Lecha (PP): \u201cEls Ports rebr\u00e0 en 2025 una injecci\u00f3 hist\u00f2rica de 17,2 milions gr\u00e0cies al comprom\u00eds amb l\u2019interior de la Generalitat i la Diputaci\u00f3\u201d\">Read more<\/a><\/p>\n","protected":false},"author":2,"featured_media":14250,"comment_status":"closed","ping_status":"closed","sticky":false,"template":"","format":"standard","meta":{"om_disable_all_campaigns":false,"_monsterinsights_skip_tracking":false,"_monsterinsights_sitenote_active":false,"_monsterinsights_sitenote_note":"","_monsterinsights_sitenote_category":0,"_uf_show_specific_survey":0,"_uf_disable_surveys":false,"footnotes":""},"categories":[11],"tags":[],"class_list":["post-14249","post","type-post","status-publish","format-standard","has-post-thumbnail","hentry","category-comunitatvalenciana"],"_links":{"self":[{"href":"https:\/\/elcafedepipa.com\/index.php\/wp-json\/wp\/v2\/posts\/14249","targetHints":{"allow":["GET"]}}],"collection":[{"href":"https:\/\/elcafedepipa.com\/index.php\/wp-json\/wp\/v2\/posts"}],"about":[{"href":"https:\/\/elcafedepipa.com\/index.php\/wp-json\/wp\/v2\/types\/post"}],"author":[{"embeddable":true,"href":"https:\/\/elcafedepipa.com\/index.php\/wp-json\/wp\/v2\/users\/2"}],"replies":[{"embeddable":true,"href":"https:\/\/elcafedepipa.com\/index.php\/wp-json\/wp\/v2\/comments?post=14249"}],"version-history":[{"count":0,"href":"https:\/\/elcafedepipa.com\/index.php\/wp-json\/wp\/v2\/posts\/14249\/revisions"}],"wp:featuredmedia":[{"embeddable":true,"href":"https:\/\/elcafedepipa.com\/index.php\/wp-json\/wp\/v2\/media\/14250"}],"wp:attachment":[{"href":"https:\/\/elcafedepipa.com\/index.php\/wp-json\/wp\/v2\/media?parent=14249"}],"wp:term":[{"taxonomy":"category","embeddable":true,"href":"https:\/\/elcafedepipa.com\/index.php\/wp-json\/wp\/v2\/categories?post=14249"},{"taxonomy":"post_tag","embeddable":true,"href":"https:\/\/elcafedepipa.com\/index.php\/wp-json\/wp\/v2\/tags?post=14249"}],"curies":[{"name":"wp","href":"https:\/\/api.w.org\/{rel}","templated":true}]}}