{"id":14246,"date":"2025-05-26T09:40:38","date_gmt":"2025-05-26T07:40:38","guid":{"rendered":"https:\/\/elcafedepipa.com\/?p=14246"},"modified":"2025-05-26T09:40:39","modified_gmt":"2025-05-26T07:40:39","slug":"laura-chulia-el-govern-de-sanchez-fa-propaganda-dajudes-inexistents-mentre-deixa-a-la-seua-sort-empreses-i-families-afectades-per-la-riuada","status":"publish","type":"post","link":"https:\/\/elcafedepipa.com\/index.php\/2025\/05\/26\/laura-chulia-el-govern-de-sanchez-fa-propaganda-dajudes-inexistents-mentre-deixa-a-la-seua-sort-empreses-i-families-afectades-per-la-riuada\/","title":{"rendered":"Laura Chuli\u00e0: \u201cEl Govern de S\u00e1nchez fa propaganda d\u2019ajudes inexistents mentre deixa a la seua sort empreses i fam\u00edlies afectades per la riuada\u201d"},"content":{"rendered":"\n<p>La portaveu adjunta del Grup Parlamentari Popular a Les Corts, Laura Chuli\u00e0, ha denunciat que \u201cel Govern de Pedro S\u00e1nchez presumeix d\u2019unes ajudes que no paga i abandona les empreses i fam\u00edlies damnificades per la riuada\u201d. La diputada ha assenyalat directament la gesti\u00f3 de les ajudes de l\u2019Executiu socialista, que mant\u00e9 milers de valencians en una situaci\u00f3 de total desatenci\u00f3.<\/p>\n\n\n\n<p>Chuli\u00e0 ha lamentat l\u2019aband\u00f3 dels parcs empresarials, amb un 85% de negocis que, ahir, diumenge 25 de maig del 2025, encara no han cobrat la totalitat de les indemnitzacions del Consorci de Segurs, tal com han denunciat els representants de les zones industrials afectades. \u201cEls pagaments no arriben a les empreses, que es veuen obligades a endeutar-se o a posar diners de la seua butxaca per no haver de tancar. Esperem no haver d\u2019enfrontar-nos a una segona trag\u00e8dia: la dels acomiadaments\u201d, ha advertit. Gaireb\u00e9 34.000 treballadors estan o han estat en situaci\u00f3 d\u2019ERTO des del dia de la riuada.<\/p>\n\n\n\n<p>La s\u00edndica adjunta del GPP ha recalcat que hi ha prop de 5.000 aut\u00f2noms que, despr\u00e9s de perdre els seus negocis, encara no perceben la prestaci\u00f3 per cessament d\u2019activitat que l\u2019Executiu va prometre prorrogar fa <strong>quatre mesos<\/strong> i que encara no ha activat. Chuli\u00e0 ha criticat que S\u00e1nchez haja \u201cdeixat novament en l\u2019estacada un dels col\u00b7lectius m\u00e9s colpejats per la riuada, generant una situaci\u00f3 d\u2019inseguretat i incertesa per a milers de fam\u00edlies\u201d.<\/p>\n\n\n\n<p>De fet, set mesos despr\u00e9s de la trag\u00e8dia, el 90% de les fam\u00edlies que van sol\u00b7licitar les ajudes de primera necessitat continuen esperant: m\u00e9s de 38.000 llars, segons dades d\u2019execuci\u00f3 del Govern. Tampoc han rebut la indemnitzaci\u00f3 del Consorci de Segurs tots els valencians que van perdre el seu vehicle, malgrat que estos fons provenen de les p\u00f2lisses dels propis assegurats i compten amb un termini de tres mesos per realitzar els pagaments.<\/p>\n\n\n\n<p>Per tot aix\u00f2, Chuli\u00e0 ha retret a Pedro S\u00e1nchez que el seu model \u201calimenta la cat\u00e0strofe i eleva la pressi\u00f3 fiscal a les fam\u00edlies i empreses en estar subjectes a interessos i impostos\u201d. I \u00e9s que el Govern ha disparat la seua recaptaci\u00f3 a la prov\u00edncia de Val\u00e8ncia, amb un 26% m\u00e9s d\u2019ingressos que en el mateix per\u00edode de l\u2019any anterior.<\/p>\n\n\n\n<p>La portaveu popular ha destacat que, \u201cmentre S\u00e1nchez guanya diners amb la trag\u00e8dia, la Generalitat fa un esfor\u00e7 per arribar all\u00e0 on l\u2019Estat no actua\u201d. Com a mostra d\u2019aix\u00f2 ha citat el finan\u00e7ament a cost zero per a empreses i aut\u00f2noms, els pagaments directes als ajuntaments per millorar \u00e0rees industrials, les ajudes al lloguer per a les fam\u00edlies o les indemnitzacions per vehicles sinistrats, \u201csense condicions ni exig\u00e8ncies\u201d.<\/p>\n\n\n\n<p>Finalment, Chuli\u00e0 ha exigit al president del Govern \u201cque deixe la propaganda i comence a pagar el que deu\u201d. \u201cSi volen ajuda, que la demanen, va dir aquell que l\u2019\u00fanic que ha fet \u00e9s bloquejar fons, cobrar impostos i carregar sobre les espatlles de la Generalitat l\u2019esfor\u00e7 de la reconstrucci\u00f3\u201d, ha concl\u00f2s.<\/p>\n","protected":false},"excerpt":{"rendered":"<p>La portaveu adjunta del Grup Parlamentari Popular a Les Corts, Laura Chuli\u00e0, ha denunciat que \u201cel Govern de Pedro S\u00e1nchez presumeix d\u2019unes ajudes que no paga i abandona les empreses i fam\u00edlies damnificades per la riuada\u201d. La diputada ha assenyalat directament la gesti\u00f3 de les ajudes de l\u2019Executiu socialista, que mant\u00e9 milers de valencians en &#8230; <a title=\"Laura Chuli\u00e0: \u201cEl Govern de S\u00e1nchez fa propaganda d\u2019ajudes inexistents mentre deixa a la seua sort empreses i fam\u00edlies afectades per la riuada\u201d\" class=\"read-more\" href=\"https:\/\/elcafedepipa.com\/index.php\/2025\/05\/26\/laura-chulia-el-govern-de-sanchez-fa-propaganda-dajudes-inexistents-mentre-deixa-a-la-seua-sort-empreses-i-families-afectades-per-la-riuada\/\" aria-label=\"M\u00e9s informaci\u00f3 sobre Laura Chuli\u00e0: \u201cEl Govern de S\u00e1nchez fa propaganda d\u2019ajudes inexistents mentre deixa a la seua sort empreses i fam\u00edlies afectades per la riuada\u201d\">Read more<\/a><\/p>\n","protected":false},"author":2,"featured_media":14247,"comment_status":"closed","ping_status":"closed","sticky":false,"template":"","format":"standard","meta":{"om_disable_all_campaigns":false,"_monsterinsights_skip_tracking":false,"_monsterinsights_sitenote_active":false,"_monsterinsights_sitenote_note":"","_monsterinsights_sitenote_category":0,"_uf_show_specific_survey":0,"_uf_disable_surveys":false,"footnotes":""},"categories":[11],"tags":[],"class_list":["post-14246","post","type-post","status-publish","format-standard","has-post-thumbnail","hentry","category-comunitatvalenciana"],"_links":{"self":[{"href":"https:\/\/elcafedepipa.com\/index.php\/wp-json\/wp\/v2\/posts\/14246","targetHints":{"allow":["GET"]}}],"collection":[{"href":"https:\/\/elcafedepipa.com\/index.php\/wp-json\/wp\/v2\/posts"}],"about":[{"href":"https:\/\/elcafedepipa.com\/index.php\/wp-json\/wp\/v2\/types\/post"}],"author":[{"embeddable":true,"href":"https:\/\/elcafedepipa.com\/index.php\/wp-json\/wp\/v2\/users\/2"}],"replies":[{"embeddable":true,"href":"https:\/\/elcafedepipa.com\/index.php\/wp-json\/wp\/v2\/comments?post=14246"}],"version-history":[{"count":0,"href":"https:\/\/elcafedepipa.com\/index.php\/wp-json\/wp\/v2\/posts\/14246\/revisions"}],"wp:featuredmedia":[{"embeddable":true,"href":"https:\/\/elcafedepipa.com\/index.php\/wp-json\/wp\/v2\/media\/14247"}],"wp:attachment":[{"href":"https:\/\/elcafedepipa.com\/index.php\/wp-json\/wp\/v2\/media?parent=14246"}],"wp:term":[{"taxonomy":"category","embeddable":true,"href":"https:\/\/elcafedepipa.com\/index.php\/wp-json\/wp\/v2\/categories?post=14246"},{"taxonomy":"post_tag","embeddable":true,"href":"https:\/\/elcafedepipa.com\/index.php\/wp-json\/wp\/v2\/tags?post=14246"}],"curies":[{"name":"wp","href":"https:\/\/api.w.org\/{rel}","templated":true}]}}