{"id":14235,"date":"2025-05-23T14:15:17","date_gmt":"2025-05-23T12:15:17","guid":{"rendered":"https:\/\/elcafedepipa.com\/?p=14235"},"modified":"2025-05-23T14:15:33","modified_gmt":"2025-05-23T12:15:33","slug":"lajuntament-dalmenara-presenta-la-programacio-de-vacances-actives-per-a-conciliar-la-vida-laboral-i-familiar-durant-el-mes-de-juliol","status":"publish","type":"post","link":"https:\/\/elcafedepipa.com\/index.php\/2025\/05\/23\/lajuntament-dalmenara-presenta-la-programacio-de-vacances-actives-per-a-conciliar-la-vida-laboral-i-familiar-durant-el-mes-de-juliol\/","title":{"rendered":"L&#8217;Ajuntament d&#8217;Almenara presenta la programaci\u00f3 de \u201cVacances Actives\u201d"},"content":{"rendered":"\n<p>Amb el lema \u201cVacances Actives\u201d l&#8217;Ajuntament d&#8217;Almenara ha presentat la programaci\u00f3 prevista amb la finalitat de conciliar la vida laboral i familiar al llarg del mes de juliol en el municipi amb propostes per a diverses edats amb activitats educatives, l\u00fadiques i d&#8217;oci, esportives i d&#8217;aventura a trav\u00e9s de l\u2019Escola d\u2019Estiu, el Campus Esportiu i l\u2019Estiu Jove.<\/p>\n\n\n\n<p>Del 30 de juny al 31 de juliol en el col\u00b7legi d&#8217;Almenara se celebrar\u00e0 una nova edici\u00f3 de l\u2019Escoleta d\u2019Estiu destinada a l&#8217;alumnat escolaritzat des d&#8217;Infantil 3 anys fins a sis\u00e9 de prim\u00e0ria amb activitats educatives, l\u00fadiques i esportives.<\/p>\n\n\n\n<p>Les inscripcions estaran obertes en el Casal Jove a partir del pr\u00f2xim dilluns 26 de maig per a les persones empadronades a Almenara amb un preu de 30 euros. El termini estar\u00e0 obert fins al 30 de maig o fins a esgotar places. A m\u00e9s s&#8217;obrir\u00e0 un per\u00edode d&#8217;inscripcions per a persones no empadronades (preu: 40 euros) del 2 al 6 de juny en el cas que hi haja places. L&#8217;horari ser\u00e0 de dilluns a divendres de 9.30 a 14 hores i a m\u00e9s els dimarts 27 de maig i 3 de juny de 17 a 19 hores.<\/p>\n\n\n\n<p><strong>CAMPUS ESPORTIU ALMENARA<\/strong><\/p>\n\n\n\n<p>D&#8217;altra banda, del 30 de juny al 31 de juliol se celebrar\u00e0 una nova edici\u00f3 del Campus Esportiu d\u2019Almenara, destinat als xiquets i xiquetes que hagen nascut entre 2011 i 2019. Se celebrar\u00e0 en el poliesportiu municipal de 9 a 13.30 hores.<\/p>\n\n\n\n<p>Seran cinc setmanes d&#8217;activitats esportives i h\u00e0bits saludables, amb esports col\u00b7lectius i individuals, activitats en el medi natural, tallers formatius i manualitats. A m\u00e9s, cada grup tindr\u00e0 dues classes de nataci\u00f3 setmanals.<\/p>\n\n\n\n<p>El preu del Campus ser\u00e0 de 150 euros per persona, i inclour\u00e0 dues samarretes. Pr\u00f2ximament s&#8217;informar\u00e0 del per\u00edode d&#8217;inscripcions des de la regidoria d&#8217;Esports.<\/p>\n\n\n\n<p><strong>ESTIU JOVE<\/strong><\/p>\n\n\n\n<p>Enguany la regidoria de Joventut presenta una renovada programaci\u00f3 de l\u2019Estiu Jove que abastar\u00e0 des de l&#8217;1 al 31 de juliol destinada als i les joves que cursen des de 1r fins a 4t d&#8217;ESO (12 a 16 anys) amb una s\u00e8rie de propostes que es duran a terme en l\u2019Edifici Miguel Hern\u00e1ndez i a la Platja Casablanca.<\/p>\n\n\n\n<p>Aix\u00ed, els dilluns es duran a terme activitats art\u00edstiques, els dimarts activitats tecnol\u00f2giques, els dimecres activitats aqu\u00e0tiques a la Platja Casablanca, els dijous activitats esportives i l\u00fadiques i finalment els divendres, activitats especials.<\/p>\n\n\n\n<p>La inscripci\u00f3 ser\u00e0 per activitats, amb un preu de 15 euros per cada activitat. Aquesta es podr\u00e0 dur a terme en el Casal Jove per a les persones empadronades a Almenara des de dilluns que ve, 26 de maig, fins al 30 de maig o fins que s&#8217;esgoten les places, que s\u00f3n limitades. Hi haur\u00e0 un per\u00edode per a persones no empadronades entre el 2 i el 6 de juny si hi haguera places disponibles. L&#8217;horari ser\u00e0 de dilluns a divendres de 9.30 a 14 hores i a m\u00e9s els dimarts 27 de maig i 3 de juny de 17 a 19 hores.<\/p>\n\n\n\n<figure class=\"wp-block-image\"><img decoding=\"async\" src=\"https:\/\/attachment.outlook.live.net\/owa\/MSA%3Acc5365c3f7dd9ce4d9b90e6c827db01b594c6660eeea802e5a4261ecbb1a3b77%40shadow.outlook.com\/service.svc\/s\/GetAttachmentThumbnail?id=AQMkAGM4YzkwMAItZGZjOC1jNTQ1LTAwAi0wMAoARgAAA9cCEmx8MKRJt8qcbetlCk8HALfylbCfFZBMsjL0Guod8mwAAAIBDAAAALfylbCfFZBMsjL0Guod8mwAAAC6OqugAAAAARIAEAAYtjYCi6hgT70p77KtzH%2FF&amp;thumbnailType=2&amp;isc=1&amp;token=eyJhbGciOiJSUzI1NiIsInR5cCI6IkpXVCIsImtpZCI6IlZuRzc0RUFBRUMxb0l0K0dXVU1vYW9QNy9HRT0iLCJ4NXQiOiJWbkc3NEVBQUVDMW9JdCtHV1VNb2FvUDcvR0U9Iiwibm9uY2UiOiJ4N1VTbUpLai1BZnlHUkYtZm5GWW5UYS1VYWNRYTZmRG45UUQwRG9NMGlFUTVWVV96WjNwWUltY1hHT2R1VG5JM1RPVHlfZHVucGtDOWZSU3dTUjdFMFdhNTB6ci1GTm1RV281YXVCdjd4V1oyQWllUzNscER2QUNNbHlaalRZQUd2cXVFUlNkMDRBdUN0YzF2LTUzcWhrV2h3VUd1cWxoRlpaaF9lUUpucUEiLCJpc3Nsb2MiOiJBTTZQUjA4TUI0MjMyIiwic3JzbiI6NjM4ODM0NzU3NjEyMjMzMzYyfQ.eyJzYXAtdmVyc2lvbiI6IjMyIiwiYXBwaWQiOiJhZjNlYmJiYS1jMjNmLTQ5MmEtYWE5My04MzQyMTY5NmVjNGIiLCJpc3NyaW5nIjoiV1ciLCJhcHBpZGFjciI6IjIiLCJhcHBfZGlzcGxheW5hbWUiOiIiLCJ1dGkiOiI1ZTAxMzdmZC1mZjE4LTQzOWQtOWJiNC0zMzU5NjhlZjI0M2QiLCJpYXQiOjE3NDgwMDIyOTIsInZlciI6IlNUSS5Vc2VyLkNhbGxiYWNrVG9rZW4uVjEiLCJ0aWQiOiI4NGRmOWU3ZmU5ZjY0MGFmYjQzNWFhYWFhYWFhYWFhYSIsInRydXN0ZWRmb3JkZWxlZ2F0aW9uIjoiZmFsc2UiLCJ0b3BvbG9neSI6IntcIlR5cGVcIjpcIk1hY2hpbmVcIixcIlZhbHVlXCI6XCJBTTZQUjA4TUI0MjMyLmV1cnByZDA4LnByb2Qub3V0bG9vay5jb21cIn0iLCJyZXF1ZXN0b3JfYXBwaWQiOiIxNTdjZGZiZi03Mzk4LTRhNTYtOTZjMy1lOTNlOWFiMzA5YjUiLCJyZXF1ZXN0b3JfYXBwX2Rpc3BsYXluYW1lIjoiT2ZmaWNlIDM2NSBFeGNoYW5nZSBNaWNyb3NlcnZpY2UiLCJzY3AiOiJPd2FBdHRhY2htZW50cy5SZWFkIiwib2lkIjoiYzhjOTAwMDAtZGZjOC1jNTQ1LTAwMDAtMDAwMDAwMDAwMDAwIiwicHVpZCI6IkM4QzkwMDAwREZDOEM1NDUiLCJzbXRwIjoiY2M1MzY1YzNmN2RkOWNlNGQ5YjkwZTZjODI3ZGIwMWI1OTRjNjY2MGVlZWE4MDJlNWE0MjYxZWNiYjFhM2I3N0BzaGFkb3cub3V0bG9vay5jb20iLCJ1cG4iOiJjYzUzNjVjM2Y3ZGQ5Y2U0ZDliOTBlNmM4MjdkYjAxYjU5NGM2NjYwZWVlYTgwMmU1YTQyNjFlY2JiMWEzYjc3QHNoYWRvdy5vdXRsb29rLmNvbSIsInVzZXJjYWxsYmFja3VzZXJjb250ZXh0aWQiOiIzMjJhNDc4YWI5ZjY0Y2Q0OWQxMTNiNGU3MDc3MTg3MyIsImVwayI6IntcImt0eVwiOlwiUlNBXCIsXCJuXCI6XCI1Z1JuS3FnTUlXOWoyR05ycVc1NEhjSk13aXpoRGl4b21ZS1ZBY3lQVGVPQm4wQ3pRNTRJXzhtWXBnUVZlcWJwMHZOX1NsYi1Xd1ZGSjN0eHg2cUpaYmcxN3VobThHcXRzUHlmS3hFMUM5cGpZcnFLVVBpSEpDVi0wNHZ1YnRJeENZcnZhUVFHWVdaaU5hdDZoLTYzRHlCOXBGanFDdTdHOWYwRzhrZ0ZIZC0yNW04UmtYS2tGSk1fNWVSdkFiNlRsb2w0TzRJdjhBR08wY1otR3FYV0Z6N2ZLSUtnRlFOa2dsYktqbHhzdmVPZDI0LUkwb3BTV0tBWW9QXzRLLVM3UzRZaHNGeTFPTFZEOHZrYVN6akMzdHBtU0o0ZmV2Vmo1QzdBcExvNjdPYm13dzZMY3VUVVFZakhqZzBOWVZ2NjhfaWc4eF9vWk56M3EtUlJ6U1U3SFFcIixcImVcIjpcIkFRQUJcIixcImFsZ1wiOlwiUlMyNTZcIixcImV4cFwiOlwiMTc0ODA5MjI4OFwiLFwiZXhwX2RpZmZcIjpcIjg2NDAwXCIsXCJraWRcIjpcIlhYQWNSclJrWHRxcHJxc0JsUXhiX0VYc0Z3MFwifS5oMzBPS0hvVWtmLzFmQjB2UVN1WTNhVDE3emlDR09CYlc0TE9odTk2dmZqSHQxaHpaRnBaK2JsRWdZelBmU25tcHlQemdGbHNRMFQzNGJTWC9mL3NIQnc4WGVweE5yTmdjSWJSbjFucGJDeTB2b1JUVjFJcmt4YlUyZENuZW50eGNzSENMeEVnVFpLTnpSbE8xU01idm9ScUxobnR3c1YwM0R3bmR4Q0lJdTNMZ3JaamJqVXBuSGZkd1BiaFYxbWhhOFV1M0Rac08weEcycmlsd1JiN2krR2JPb2M0ejNyZ0JONXY3MFUrS0VXNTQ5OVJiT0llVTZIc3I0bHF5MjFqTlJid3crSnoyZGErUFkvUlZIUWJhaEdiSWVTempST3FUaERPM1lGMVdma1RlR01seUlHU3ljVHdlSTZBQ3NrOXUwb2p3enNkcmxRaXh4QkFGUWxGWnc9PSIsIm5iZiI6MTc0ODAwMjI5MiwiZXhwIjoxNzQ4MDAyNTkyLCJpc3MiOiJodHRwczovL3N1YnN0cmF0ZS5vZmZpY2UuY29tL3N0cy8iLCJhdWQiOiJodHRwczovL291dGxvb2sub2ZmaWNlLmNvbSIsInNzZWMiOiJFN1VHQ2c4SjRONi81U2ZwIn0.wN5UyNaBc6yGSAHwxFqm6l0FSvfai9awJaJ0Ev4KnWWvmCG6Cs3QJEYAYejtADTBrxegcBWARZ_G3krGVHQbxZFa_vsgu5pTe1jyejnGKuIjRl2mcNx-9-Tmx92S6E_MSvG2gtzwWrz16W_gpbpOqR2jDjFc-GJ6v_UkW_-6CGmF3vjqf0RQXiP4N1Jm2Aqnd65towOII_L4fFWi6ztsEpcStUB_TLiFbPhL_eh1_fgjWPjh_n3GQ71V0BE39Fm8lB4Ej838nV8LsVpXSRzhqMOpV6Hd0wLuEGqtcDU8EaKWoLDPu4V5Es-VZYfkLAnumj04pFhjwkwF9KhBcIhgRQ&amp;X-OWA-CANARY=X-OWA-CANARY_cookie_is_null_or_empty&amp;owa=outlook.office.com&amp;scriptVer=20250516009.09&amp;clientId=9D102550BD6B4DD893AD89D9C51CE92B&amp;animation=true&amp;persistenceId=dfe7cb4f-a6bf-4148-b72c-84af090c5629\" alt=\"Visualitzaci\u00f3 pr\u00e8via de la imatge\"\/><\/figure>\n","protected":false},"excerpt":{"rendered":"<p>Amb el lema \u201cVacances Actives\u201d l&#8217;Ajuntament d&#8217;Almenara ha presentat la programaci\u00f3 prevista amb la finalitat de conciliar la vida laboral i familiar al llarg del mes de juliol en el municipi amb propostes per a diverses edats amb activitats educatives, l\u00fadiques i d&#8217;oci, esportives i d&#8217;aventura a trav\u00e9s de l\u2019Escola d\u2019Estiu, el Campus Esportiu i &#8230; <a title=\"L&#8217;Ajuntament d&#8217;Almenara presenta la programaci\u00f3 de \u201cVacances Actives\u201d\" class=\"read-more\" href=\"https:\/\/elcafedepipa.com\/index.php\/2025\/05\/23\/lajuntament-dalmenara-presenta-la-programacio-de-vacances-actives-per-a-conciliar-la-vida-laboral-i-familiar-durant-el-mes-de-juliol\/\" aria-label=\"M\u00e9s informaci\u00f3 sobre L&#8217;Ajuntament d&#8217;Almenara presenta la programaci\u00f3 de \u201cVacances Actives\u201d\">Read more<\/a><\/p>\n","protected":false},"author":2,"featured_media":14236,"comment_status":"closed","ping_status":"closed","sticky":false,"template":"","format":"standard","meta":{"om_disable_all_campaigns":false,"_monsterinsights_skip_tracking":false,"_monsterinsights_sitenote_active":false,"_monsterinsights_sitenote_note":"","_monsterinsights_sitenote_category":0,"_uf_show_specific_survey":0,"_uf_disable_surveys":false,"footnotes":""},"categories":[1],"tags":[],"class_list":["post-14235","post","type-post","status-publish","format-standard","has-post-thumbnail","hentry","category-non-classe"],"_links":{"self":[{"href":"https:\/\/elcafedepipa.com\/index.php\/wp-json\/wp\/v2\/posts\/14235","targetHints":{"allow":["GET"]}}],"collection":[{"href":"https:\/\/elcafedepipa.com\/index.php\/wp-json\/wp\/v2\/posts"}],"about":[{"href":"https:\/\/elcafedepipa.com\/index.php\/wp-json\/wp\/v2\/types\/post"}],"author":[{"embeddable":true,"href":"https:\/\/elcafedepipa.com\/index.php\/wp-json\/wp\/v2\/users\/2"}],"replies":[{"embeddable":true,"href":"https:\/\/elcafedepipa.com\/index.php\/wp-json\/wp\/v2\/comments?post=14235"}],"version-history":[{"count":0,"href":"https:\/\/elcafedepipa.com\/index.php\/wp-json\/wp\/v2\/posts\/14235\/revisions"}],"wp:featuredmedia":[{"embeddable":true,"href":"https:\/\/elcafedepipa.com\/index.php\/wp-json\/wp\/v2\/media\/14236"}],"wp:attachment":[{"href":"https:\/\/elcafedepipa.com\/index.php\/wp-json\/wp\/v2\/media?parent=14235"}],"wp:term":[{"taxonomy":"category","embeddable":true,"href":"https:\/\/elcafedepipa.com\/index.php\/wp-json\/wp\/v2\/categories?post=14235"},{"taxonomy":"post_tag","embeddable":true,"href":"https:\/\/elcafedepipa.com\/index.php\/wp-json\/wp\/v2\/tags?post=14235"}],"curies":[{"name":"wp","href":"https:\/\/api.w.org\/{rel}","templated":true}]}}