{"id":14223,"date":"2025-05-23T10:15:14","date_gmt":"2025-05-23T08:15:14","guid":{"rendered":"https:\/\/elcafedepipa.com\/?p=14223"},"modified":"2025-05-23T10:15:14","modified_gmt":"2025-05-23T08:15:14","slug":"alfondeguilla-registra-com-a-marca-nacional-el-seu-emblema-turistic-alfondeguilla-porta-de-la-serra-despada","status":"publish","type":"post","link":"https:\/\/elcafedepipa.com\/index.php\/2025\/05\/23\/alfondeguilla-registra-com-a-marca-nacional-el-seu-emblema-turistic-alfondeguilla-porta-de-la-serra-despada\/","title":{"rendered":"Alfondeguilla registra com a marca nacional el seu emblema tur\u00edstic \u2018Alfondeguilla porta de la Serra d\u2019Espad\u00e0"},"content":{"rendered":"\n<p>L&#8217;Oficina Espanyola de Patents i Marques ha registrat, a sol\u00b7licitud de l&#8217;Ajuntament d&#8217;Alfondeguilla, en el Butllet\u00ed Oficial de la Propietat Intel\u00b7lectual la marca nacional \u2018Alfondeguilla porta de la Serra d\u2019Espad\u00e0\u2019 com a emblema tur\u00edstic.<\/p>\n\n\n\n<p>L&#8217;alcalde, Salvador Ventura, ha assegurat que \u201camb el registre de &#8216;Alfondeguilla porta de la Serra d\u2019Espad\u00e0&#8217; com la nostra marca nacional, no nom\u00e9s protegim la nostra identitat, sin\u00f3 que obrim una porta a un futur ple d&#8217;oportunitats. Aquest emblema no \u00e9s nom\u00e9s un logotip; \u00e9s un s\u00edmbol de la nostra riquesa natural, de la nostra hist\u00f2ria i del que estem construint junts per al turisme\u201d.<\/p>\n\n\n\n<p>A mitjan 2024, l&#8217;Ajuntament d&#8217;Alfondeguilla estrenava la seua nova marca tur\u00edstica, un logotip que representa la bellesa natural del municipi i la seua ubicaci\u00f3 privilegiada al Parc Natural de la Serra d\u2019Espad\u00e0.<\/p>\n\n\n\n<p>El logotip mostra tres muntanyes de diferents colors sobre un fons verd ondulat. Simbolitza els diversos aspectes del paisatge d\u2019Alfondeguilla: la vegetaci\u00f3, l\u2019aigua, les flors i el sol.<\/p>\n\n\n\n<p>Un s\u00edmbol de la riquesa natural d\u2019Alfondeguilla<\/p>\n\n\n\n<p>Les tres muntanyes del logotip representen els tres elements principals del paisatge d\u2019Alfondeguilla. Aix\u00ed, el verd simbolitza l\u2019abundant vegetaci\u00f3 de sureres i pins, evocant frescor, vida i creixement; el blau representa l\u2019aigua de fonts i rius, transmetent tranquil\u00b7litat i puresa, i subratllant la import\u00e0ncia de l\u2019aigua com a font de vida; el color rosa s\u00f3n les flors silvestres i la bellesa dels paisatges durant la primavera i l\u2019estiu, infonent serenitat i estima per all\u00f2 natural; per la seua banda, el taronja suggereix el resplendor del sol ponent a les muntanyes, aportant calidesa, vitalitat i una sensaci\u00f3 de creativitat, omplint la Serra d\u2019energia solar.<\/p>\n\n\n\n<p>Al centre de les muntanyes del logotip hi ha una clau, que convida a l\u2019exploraci\u00f3 i al descobriment dels secrets naturals d\u2019Alfondeguilla.<\/p>\n\n\n\n<p>La marca tur\u00edstica d\u2019Alfondeguilla se sost\u00e9 sobre una forma verda ondulada que representa el terreny variat i els suaus turons de la Serra d\u2019Espad\u00e0, suggerint moviment i vida.<\/p>\n\n\n\n<p>Una nova etapa per al turisme d\u2019Alfondeguilla<\/p>\n\n\n\n<p>L\u2019Ajuntament d\u2019Alfondeguilla est\u00e0 conven\u00e7ut que la nova marca tur\u00edstica ajudar\u00e0 a promocionar el municipi com una destinaci\u00f3 tur\u00edstica ideal per als amants de la natura i l\u2019aventura. &#8220;Estem molt contents amb la nova marca tur\u00edstica&#8221;, ha declarat l\u2019alcalde d\u2019Alfondeguilla, Salvador Ventura. &#8220;Creiem que \u00e9s un s\u00edmbol perfecte de la bellesa natural del nostre municipi i que ens ajudar\u00e0 a atraure m\u00e9s visitants&#8221;.<\/p>\n","protected":false},"excerpt":{"rendered":"<p>L&#8217;Oficina Espanyola de Patents i Marques ha registrat, a sol\u00b7licitud de l&#8217;Ajuntament d&#8217;Alfondeguilla, en el Butllet\u00ed Oficial de la Propietat Intel\u00b7lectual la marca nacional \u2018Alfondeguilla porta de la Serra d\u2019Espad\u00e0\u2019 com a emblema tur\u00edstic. L&#8217;alcalde, Salvador Ventura, ha assegurat que \u201camb el registre de &#8216;Alfondeguilla porta de la Serra d\u2019Espad\u00e0&#8217; com la nostra marca nacional, &#8230; <a title=\"Alfondeguilla registra com a marca nacional el seu emblema tur\u00edstic \u2018Alfondeguilla porta de la Serra d\u2019Espad\u00e0\" class=\"read-more\" href=\"https:\/\/elcafedepipa.com\/index.php\/2025\/05\/23\/alfondeguilla-registra-com-a-marca-nacional-el-seu-emblema-turistic-alfondeguilla-porta-de-la-serra-despada\/\" aria-label=\"M\u00e9s informaci\u00f3 sobre Alfondeguilla registra com a marca nacional el seu emblema tur\u00edstic \u2018Alfondeguilla porta de la Serra d\u2019Espad\u00e0\">Read more<\/a><\/p>\n","protected":false},"author":2,"featured_media":14224,"comment_status":"closed","ping_status":"closed","sticky":false,"template":"","format":"standard","meta":{"om_disable_all_campaigns":false,"_monsterinsights_skip_tracking":false,"_monsterinsights_sitenote_active":false,"_monsterinsights_sitenote_note":"","_monsterinsights_sitenote_category":0,"_uf_show_specific_survey":0,"_uf_disable_surveys":false,"footnotes":""},"categories":[9],"tags":[],"class_list":["post-14223","post","type-post","status-publish","format-standard","has-post-thumbnail","hentry","category-alfondeguilla"],"_links":{"self":[{"href":"https:\/\/elcafedepipa.com\/index.php\/wp-json\/wp\/v2\/posts\/14223","targetHints":{"allow":["GET"]}}],"collection":[{"href":"https:\/\/elcafedepipa.com\/index.php\/wp-json\/wp\/v2\/posts"}],"about":[{"href":"https:\/\/elcafedepipa.com\/index.php\/wp-json\/wp\/v2\/types\/post"}],"author":[{"embeddable":true,"href":"https:\/\/elcafedepipa.com\/index.php\/wp-json\/wp\/v2\/users\/2"}],"replies":[{"embeddable":true,"href":"https:\/\/elcafedepipa.com\/index.php\/wp-json\/wp\/v2\/comments?post=14223"}],"version-history":[{"count":0,"href":"https:\/\/elcafedepipa.com\/index.php\/wp-json\/wp\/v2\/posts\/14223\/revisions"}],"wp:featuredmedia":[{"embeddable":true,"href":"https:\/\/elcafedepipa.com\/index.php\/wp-json\/wp\/v2\/media\/14224"}],"wp:attachment":[{"href":"https:\/\/elcafedepipa.com\/index.php\/wp-json\/wp\/v2\/media?parent=14223"}],"wp:term":[{"taxonomy":"category","embeddable":true,"href":"https:\/\/elcafedepipa.com\/index.php\/wp-json\/wp\/v2\/categories?post=14223"},{"taxonomy":"post_tag","embeddable":true,"href":"https:\/\/elcafedepipa.com\/index.php\/wp-json\/wp\/v2\/tags?post=14223"}],"curies":[{"name":"wp","href":"https:\/\/api.w.org\/{rel}","templated":true}]}}