{"id":14220,"date":"2025-05-23T10:10:43","date_gmt":"2025-05-23T08:10:43","guid":{"rendered":"https:\/\/elcafedepipa.com\/?p=14220"},"modified":"2025-05-23T10:10:44","modified_gmt":"2025-05-23T08:10:44","slug":"lajuntament-de-la-vall-duixo-ofereix-un-nou-servei-gratuit-dactualitzacio-de-documentacio","status":"publish","type":"post","link":"https:\/\/elcafedepipa.com\/index.php\/2025\/05\/23\/lajuntament-de-la-vall-duixo-ofereix-un-nou-servei-gratuit-dactualitzacio-de-documentacio\/","title":{"rendered":"L\u2019Ajuntament de la Vall d\u2019Uix\u00f3 ofereix un nou servei gratu\u00eft d\u2019actualitzaci\u00f3 de documentaci\u00f3"},"content":{"rendered":"\n<p>L\u2019Ajuntament de la Vall d\u2019Uix\u00f3 ha posat en marxa un <strong>nou servei gratu\u00eft per a la ciutadania<\/strong>, mitjan\u00e7ant la instal\u00b7laci\u00f3 d\u2019un <strong>Punt d\u2019Actualitzaci\u00f3 de Documentaci\u00f3 (PAD)<\/strong>. Aquest dispositiu permet:<\/p>\n\n\n\n<ul class=\"wp-block-list\">\n<li><strong>Renovar el xip del DNI<\/strong>, incloent-hi el canvi de contrasenya per a fer tr\u00e0mits electr\u00f2nics.<\/li>\n\n\n\n<li><strong>Renovar el certificat digital<\/strong>, per a operar per internet sense necessitat del document f\u00edsic.<\/li>\n\n\n\n<li><strong>Sol\u00b7licitar el DNI digital<\/strong>, per portar-lo al tel\u00e8fon m\u00f2bil.<\/li>\n<\/ul>\n\n\n\n<p>La <strong>regidora de Serveis Administratius<\/strong>, <strong>Zaida Moreno<\/strong>, ha destacat que aquest nou punt <strong>\u00e9s gratu\u00eft i no requereix cita pr\u00e8via<\/strong>, i que \u201cla ciutadania pot realitzar aquestes gestions sense haver de despla\u00e7ar-se a les oficines de la Policia Nacional m\u00e9s pr\u00f2ximes\u201d, com ara <strong>Vila-real, Castell\u00f3 o Sagunt<\/strong>. En aquest sentit, ha remarcat que amb aquest PAD \u201ccontinuem ampliant els serveis per facilitar les gestions als ve\u00efns i ve\u00efnes de la Vall\u201d.<\/p>\n\n\n\n<p>El PAD est\u00e0 ubicat a l\u2019entrada del <strong>Palau de Vivel<\/strong> (seu provisional de l\u2019Ajuntament per les obres a l\u2019edifici de la pla\u00e7a del Centre) i es pot utilitzar <strong>de dilluns a divendres, de 8.00 a 14.00 hores<\/strong>. Les persones interessades han d&#8217;acudir <strong>presencialment<\/strong>, portar el <strong>DNI f\u00edsic<\/strong> i <strong>verificar la seua identitat amb la petjada dactilar<\/strong> per completar les gestions.<\/p>\n\n\n\n<p>Aquest nou servei \u00e9s possible gr\u00e0cies a un <strong>conveni signat entre l\u2019Ajuntament de la Vall d\u2019Uix\u00f3 i el Ministeri de l\u2019Interior del Govern d\u2019Espanya<\/strong>. Moreno ha agra\u00eft especialment \u201cla sensibilitat i l\u2019inter\u00e9s per instal\u00b7lar-lo a la nostra ciutat\u201d a la <strong>Subdelegaci\u00f3 del Govern<\/strong> i a la <strong>Policia Nacional<\/strong>.<\/p>\n","protected":false},"excerpt":{"rendered":"<p>L\u2019Ajuntament de la Vall d\u2019Uix\u00f3 ha posat en marxa un nou servei gratu\u00eft per a la ciutadania, mitjan\u00e7ant la instal\u00b7laci\u00f3 d\u2019un Punt d\u2019Actualitzaci\u00f3 de Documentaci\u00f3 (PAD). Aquest dispositiu permet: La regidora de Serveis Administratius, Zaida Moreno, ha destacat que aquest nou punt \u00e9s gratu\u00eft i no requereix cita pr\u00e8via, i que \u201cla ciutadania pot realitzar &#8230; <a title=\"L\u2019Ajuntament de la Vall d\u2019Uix\u00f3 ofereix un nou servei gratu\u00eft d\u2019actualitzaci\u00f3 de documentaci\u00f3\" class=\"read-more\" href=\"https:\/\/elcafedepipa.com\/index.php\/2025\/05\/23\/lajuntament-de-la-vall-duixo-ofereix-un-nou-servei-gratuit-dactualitzacio-de-documentacio\/\" aria-label=\"M\u00e9s informaci\u00f3 sobre L\u2019Ajuntament de la Vall d\u2019Uix\u00f3 ofereix un nou servei gratu\u00eft d\u2019actualitzaci\u00f3 de documentaci\u00f3\">Read more<\/a><\/p>\n","protected":false},"author":2,"featured_media":14221,"comment_status":"closed","ping_status":"closed","sticky":false,"template":"","format":"standard","meta":{"om_disable_all_campaigns":false,"_monsterinsights_skip_tracking":false,"_monsterinsights_sitenote_active":false,"_monsterinsights_sitenote_note":"","_monsterinsights_sitenote_category":0,"_uf_show_specific_survey":0,"_uf_disable_surveys":false,"footnotes":""},"categories":[2],"tags":[],"class_list":["post-14220","post","type-post","status-publish","format-standard","has-post-thumbnail","hentry","category-lavallduixo"],"_links":{"self":[{"href":"https:\/\/elcafedepipa.com\/index.php\/wp-json\/wp\/v2\/posts\/14220","targetHints":{"allow":["GET"]}}],"collection":[{"href":"https:\/\/elcafedepipa.com\/index.php\/wp-json\/wp\/v2\/posts"}],"about":[{"href":"https:\/\/elcafedepipa.com\/index.php\/wp-json\/wp\/v2\/types\/post"}],"author":[{"embeddable":true,"href":"https:\/\/elcafedepipa.com\/index.php\/wp-json\/wp\/v2\/users\/2"}],"replies":[{"embeddable":true,"href":"https:\/\/elcafedepipa.com\/index.php\/wp-json\/wp\/v2\/comments?post=14220"}],"version-history":[{"count":0,"href":"https:\/\/elcafedepipa.com\/index.php\/wp-json\/wp\/v2\/posts\/14220\/revisions"}],"wp:featuredmedia":[{"embeddable":true,"href":"https:\/\/elcafedepipa.com\/index.php\/wp-json\/wp\/v2\/media\/14221"}],"wp:attachment":[{"href":"https:\/\/elcafedepipa.com\/index.php\/wp-json\/wp\/v2\/media?parent=14220"}],"wp:term":[{"taxonomy":"category","embeddable":true,"href":"https:\/\/elcafedepipa.com\/index.php\/wp-json\/wp\/v2\/categories?post=14220"},{"taxonomy":"post_tag","embeddable":true,"href":"https:\/\/elcafedepipa.com\/index.php\/wp-json\/wp\/v2\/tags?post=14220"}],"curies":[{"name":"wp","href":"https:\/\/api.w.org\/{rel}","templated":true}]}}