{"id":14206,"date":"2025-05-22T13:55:52","date_gmt":"2025-05-22T11:55:52","guid":{"rendered":"https:\/\/elcafedepipa.com\/?p=14206"},"modified":"2025-05-22T13:57:22","modified_gmt":"2025-05-22T11:57:22","slug":"el-pspv-destaca-la-inversio-historica-del-govern-despanya-per-a-connectar-dignament-linterior-amb-la-costa-amb-70-milions-per-a-acabar-amb-el-tracat-sinuos-de-ln-232","status":"publish","type":"post","link":"https:\/\/elcafedepipa.com\/index.php\/2025\/05\/22\/el-pspv-destaca-la-inversio-historica-del-govern-despanya-per-a-connectar-dignament-linterior-amb-la-costa-amb-70-milions-per-a-acabar-amb-el-tracat-sinuos-de-ln-232\/","title":{"rendered":"El PP de Nules acusa l\u2019alcalde d\u2019aprofitar el seu c\u00e0rrec amb fins pol\u00edtics i li exigix que cesse l\u2019assetjament a les associacions locals"},"content":{"rendered":"\n<p>El Partit Popular de Nules ha acusat l\u2019alcalde de Nules d\u2019aprofitar el seu c\u00e0rrec amb fins pol\u00edtics i li ha exigit que cesse l\u2019assetjament a les associacions del municipi. Aix\u00ed ho ha reclamat Jos\u00e9 Adsuara, portaveu del PP al municipi, despr\u00e9s d\u2019escoltar les queixes i la preocupaci\u00f3 de moltes entitats convidades per David Garc\u00eda, en qualitat de president de Centrats en Nules, a un acte de partit que tindr\u00e0 lloc este dissabte 24 de maig a la localitat.<\/p>\n\n\n\n<p>\u00abSi vol buscar vots i fer un m\u00edting, el que ha de fer \u00e9s dir-ho clarament. No confondre les associacions de Nules, aprofitant-se del seu c\u00e0rrec d\u2019alcalde, per a conv\u00e8ncer-les que assistisquen a un acte que \u00e9s cent per cent pol\u00edtic\u00bb, ha declarat Adsuara.<\/p>\n\n\n\n<p>Perqu\u00e8 les conseq\u00fc\u00e8ncies \u00abes tradu\u00efxen en un malestar intern entre molts col\u00b7lectius que temen que, si no assisteixen, la resposta tinga conseq\u00fc\u00e8ncies sobre les ajudes municipals que l\u2019ajuntament distribu\u00efx cada any entre les associacions c\u00edviques de la localitat\u00bb. Esta por, explica Adsuara, \u00ab\u00e9s el que ha portat moltes entitats a confirmar la seua assist\u00e8ncia. No obstant aix\u00f2, en altres s\u2019ha produ\u00eft una divisi\u00f3 d\u2019opinions entre els seus membres que est\u00e0 generant un malestar indegut dins de les entitats locals del nostre municipi. Tot per l\u2019inter\u00e9s pol\u00edtic de l\u2019alcalde en fer campanya al seu favor a dos anys de les eleccions\u00bb.<\/p>\n\n\n\n<p>El Partit Popular ha traslladat als col\u00b7lectius \u00abel seu suport absolut\u00bb i ha anunciat la seua intenci\u00f3 d\u2019exigir \u00abllum i taqu\u00edgrafs\u00bb a nivell municipal per a garantir als ve\u00efns de Nules que \u00abl\u2019assist\u00e8ncia a la convocat\u00f2ria pol\u00edtica amb menjar gratu\u00eft no es tradu\u00efx en c\u00e0stigs i premis\u00bb.<\/p>\n\n\n\n<p>Finalment, Adsuara demana a l\u2019alcalde \u00abque tinga capacitat de diferenciar entre pol\u00edtica i gesti\u00f3 municipal\u00bb i li demana \u00abque no exercisca pressions sobre les entitats locals de Nules ni castigue aquells que decidisquen no acudir al seu m\u00edting. Nules no s\u2019ho mereix\u00bb, ha concl\u00f2s el portaveu del PP a la localitat.<\/p>\n","protected":false},"excerpt":{"rendered":"<p>El Partit Popular de Nules ha acusat l\u2019alcalde de Nules d\u2019aprofitar el seu c\u00e0rrec amb fins pol\u00edtics i li ha exigit que cesse l\u2019assetjament a les associacions del municipi. Aix\u00ed ho ha reclamat Jos\u00e9 Adsuara, portaveu del PP al municipi, despr\u00e9s d\u2019escoltar les queixes i la preocupaci\u00f3 de moltes entitats convidades per David Garc\u00eda, en &#8230; <a title=\"El PP de Nules acusa l\u2019alcalde d\u2019aprofitar el seu c\u00e0rrec amb fins pol\u00edtics i li exigix que cesse l\u2019assetjament a les associacions locals\" class=\"read-more\" href=\"https:\/\/elcafedepipa.com\/index.php\/2025\/05\/22\/el-pspv-destaca-la-inversio-historica-del-govern-despanya-per-a-connectar-dignament-linterior-amb-la-costa-amb-70-milions-per-a-acabar-amb-el-tracat-sinuos-de-ln-232\/\" aria-label=\"M\u00e9s informaci\u00f3 sobre El PP de Nules acusa l\u2019alcalde d\u2019aprofitar el seu c\u00e0rrec amb fins pol\u00edtics i li exigix que cesse l\u2019assetjament a les associacions locals\">Read more<\/a><\/p>\n","protected":false},"author":2,"featured_media":14208,"comment_status":"closed","ping_status":"closed","sticky":false,"template":"","format":"standard","meta":{"om_disable_all_campaigns":false,"_monsterinsights_skip_tracking":false,"_monsterinsights_sitenote_active":false,"_monsterinsights_sitenote_note":"","_monsterinsights_sitenote_category":0,"_uf_show_specific_survey":0,"_uf_disable_surveys":false,"footnotes":""},"categories":[3,10],"tags":[],"class_list":["post-14206","post","type-post","status-publish","format-standard","has-post-thumbnail","hentry","category-nules","category-provinciadecastello"],"_links":{"self":[{"href":"https:\/\/elcafedepipa.com\/index.php\/wp-json\/wp\/v2\/posts\/14206","targetHints":{"allow":["GET"]}}],"collection":[{"href":"https:\/\/elcafedepipa.com\/index.php\/wp-json\/wp\/v2\/posts"}],"about":[{"href":"https:\/\/elcafedepipa.com\/index.php\/wp-json\/wp\/v2\/types\/post"}],"author":[{"embeddable":true,"href":"https:\/\/elcafedepipa.com\/index.php\/wp-json\/wp\/v2\/users\/2"}],"replies":[{"embeddable":true,"href":"https:\/\/elcafedepipa.com\/index.php\/wp-json\/wp\/v2\/comments?post=14206"}],"version-history":[{"count":0,"href":"https:\/\/elcafedepipa.com\/index.php\/wp-json\/wp\/v2\/posts\/14206\/revisions"}],"wp:featuredmedia":[{"embeddable":true,"href":"https:\/\/elcafedepipa.com\/index.php\/wp-json\/wp\/v2\/media\/14208"}],"wp:attachment":[{"href":"https:\/\/elcafedepipa.com\/index.php\/wp-json\/wp\/v2\/media?parent=14206"}],"wp:term":[{"taxonomy":"category","embeddable":true,"href":"https:\/\/elcafedepipa.com\/index.php\/wp-json\/wp\/v2\/categories?post=14206"},{"taxonomy":"post_tag","embeddable":true,"href":"https:\/\/elcafedepipa.com\/index.php\/wp-json\/wp\/v2\/tags?post=14206"}],"curies":[{"name":"wp","href":"https:\/\/api.w.org\/{rel}","templated":true}]}}