{"id":14192,"date":"2025-05-22T11:40:38","date_gmt":"2025-05-22T09:40:38","guid":{"rendered":"https:\/\/elcafedepipa.com\/?p=14192"},"modified":"2025-05-22T11:41:10","modified_gmt":"2025-05-22T09:41:10","slug":"joves-pv-la-vall-duixoreclama-millores-urgents-al-servei-dautobus-entre-la-vall-duixo-i-valencia","status":"publish","type":"post","link":"https:\/\/elcafedepipa.com\/index.php\/2025\/05\/22\/joves-pv-la-vall-duixoreclama-millores-urgents-al-servei-dautobus-entre-la-vall-duixo-i-valencia\/","title":{"rendered":"Joves PV la Vall d\u2019Uixo\u0301 reclama millores urgents al servei d\u2019autobu\u0301s entre la Vall d\u2019Uixo\u0301 i Vale\u0300ncia"},"content":{"rendered":"\n<p><strong>La formaci\u00f3 juvenil nacionalista exigeix explicacions a la Generalitat Valenciana i solucions immediates davant el mal funcionament del nou servei de transport p\u00fablic<\/strong><\/p>\n\n\n\n<p>El passat <strong>16 de maig<\/strong> va entrar en vigor el <strong>nou contracte del servei de transport p\u00fablic regular de viatgers per carretera CV-102 Val\u00e8ncia &#8211; Metropolitana Nord<\/strong>, que inclou la <strong>l\u00ednia 113 entre la Vall d\u2019Uix\u00f3 i Val\u00e8ncia<\/strong>. Tanmateix, els primers dies de funcionament han estat marcats per <strong>numeroses queixes<\/strong> dels usuaris a causa de <strong>retards, manca d\u2019informaci\u00f3 i descoordinaci\u00f3 hor\u00e0ria<\/strong>.<\/p>\n\n\n\n<blockquote class=\"wp-block-quote is-layout-flow wp-block-quote-is-layout-flow\">\n<p>\u201cEls primers dies estan sent ca\u00f2tics: autobusos amb retards importants o que ixen abans de l\u2019hora prevista, deixant molta gent sense possibilitat de tornar a casa tal com tenien previst. Aix\u00f2 est\u00e0 generant un greu perjudici a les persones usu\u00e0ries\u201d, ha denunciat <strong>Guillem Roig<\/strong>, secretari comarcal de <strong>Joves PV Plana Baixa<\/strong>.<\/p>\n<\/blockquote>\n\n\n\n<p>A m\u00e9s, Roig ha criticat la <strong>falta de comunicaci\u00f3<\/strong>, ja que \u201cla informaci\u00f3 sobre els nous horaris ha arribat tard i malament; la majoria d\u2019usuaris nom\u00e9s se\u2019n van assabentar un parell de dies abans\u201d.<\/p>\n\n\n\n<p>Una situaci\u00f3 similar ja es va viure amb la <strong>l\u00ednia 360 Castell\u00f3 &#8211; la Vall d\u2019Uix\u00f3<\/strong>, evidenciant, segons la formaci\u00f3, un patr\u00f3 de <strong>mala gesti\u00f3 per part de la Generalitat Valenciana<\/strong>.<\/p>\n\n\n\n<blockquote class=\"wp-block-quote is-layout-flow wp-block-quote-is-layout-flow\">\n<p>\u201cUna vegada m\u00e9s, la Generalitat demostra la seua incapacitat per gestionar un servei b\u00e0sic, i qui en paga les conseq\u00fc\u00e8ncies s\u00f3n els ciutadans i ciutadanes, que veuen com el seu dia a dia es veu afectat per la neglig\u00e8ncia del Partit Popular\u201d, ha afirmat <strong>M\u00f2nica \u00c1lvaro<\/strong>, diputada de <strong>Comprom\u00eds<\/strong> a les <strong>Corts Valencianes<\/strong>.<\/p>\n<\/blockquote>\n\n\n\n<p>\u00c1lvaro ha anunciat que ja ha registrat una <strong>bateria de preguntes parlament\u00e0ries<\/strong> per a <strong>con\u00e9ixer de primera m\u00e0<\/strong> la situaci\u00f3 de la l\u00ednia 113 i exigir a la Generalitat <strong>mesures urgents per restablir la normalitat del servei<\/strong>.<\/p>\n\n\n\n<p>Des de <strong>Joves PV la Vall d\u2019Uix\u00f3<\/strong>, s\u2019ha exigit tamb\u00e9 a l\u2019<strong>Autoritat de Transport Metropolit\u00e0 de Val\u00e8ncia (ATMV)<\/strong> que <strong>assumisca responsabilitats<\/strong> i <strong>garantisca un servei digne i fiable per a les persones usu\u00e0ries de la comarca<\/strong>, especialment aquelles que el fan servir di\u00e0riament per motius laborals, acad\u00e8mics o personals.<\/p>\n\n\n\n<p><\/p>\n","protected":false},"excerpt":{"rendered":"<p>La formaci\u00f3 juvenil nacionalista exigeix explicacions a la Generalitat Valenciana i solucions immediates davant el mal funcionament del nou servei de transport p\u00fablic El passat 16 de maig va entrar en vigor el nou contracte del servei de transport p\u00fablic regular de viatgers per carretera CV-102 Val\u00e8ncia &#8211; Metropolitana Nord, que inclou la l\u00ednia 113 &#8230; <a title=\"Joves PV la Vall d\u2019Uixo\u0301 reclama millores urgents al servei d\u2019autobu\u0301s entre la Vall d\u2019Uixo\u0301 i Vale\u0300ncia\" class=\"read-more\" href=\"https:\/\/elcafedepipa.com\/index.php\/2025\/05\/22\/joves-pv-la-vall-duixoreclama-millores-urgents-al-servei-dautobus-entre-la-vall-duixo-i-valencia\/\" aria-label=\"M\u00e9s informaci\u00f3 sobre Joves PV la Vall d\u2019Uixo\u0301 reclama millores urgents al servei d\u2019autobu\u0301s entre la Vall d\u2019Uixo\u0301 i Vale\u0300ncia\">Read more<\/a><\/p>\n","protected":false},"author":2,"featured_media":14193,"comment_status":"closed","ping_status":"closed","sticky":false,"template":"","format":"standard","meta":{"om_disable_all_campaigns":false,"_monsterinsights_skip_tracking":false,"_monsterinsights_sitenote_active":false,"_monsterinsights_sitenote_note":"","_monsterinsights_sitenote_category":0,"_uf_show_specific_survey":0,"_uf_disable_surveys":false,"footnotes":""},"categories":[2],"tags":[],"class_list":["post-14192","post","type-post","status-publish","format-standard","has-post-thumbnail","hentry","category-lavallduixo"],"_links":{"self":[{"href":"https:\/\/elcafedepipa.com\/index.php\/wp-json\/wp\/v2\/posts\/14192","targetHints":{"allow":["GET"]}}],"collection":[{"href":"https:\/\/elcafedepipa.com\/index.php\/wp-json\/wp\/v2\/posts"}],"about":[{"href":"https:\/\/elcafedepipa.com\/index.php\/wp-json\/wp\/v2\/types\/post"}],"author":[{"embeddable":true,"href":"https:\/\/elcafedepipa.com\/index.php\/wp-json\/wp\/v2\/users\/2"}],"replies":[{"embeddable":true,"href":"https:\/\/elcafedepipa.com\/index.php\/wp-json\/wp\/v2\/comments?post=14192"}],"version-history":[{"count":0,"href":"https:\/\/elcafedepipa.com\/index.php\/wp-json\/wp\/v2\/posts\/14192\/revisions"}],"wp:featuredmedia":[{"embeddable":true,"href":"https:\/\/elcafedepipa.com\/index.php\/wp-json\/wp\/v2\/media\/14193"}],"wp:attachment":[{"href":"https:\/\/elcafedepipa.com\/index.php\/wp-json\/wp\/v2\/media?parent=14192"}],"wp:term":[{"taxonomy":"category","embeddable":true,"href":"https:\/\/elcafedepipa.com\/index.php\/wp-json\/wp\/v2\/categories?post=14192"},{"taxonomy":"post_tag","embeddable":true,"href":"https:\/\/elcafedepipa.com\/index.php\/wp-json\/wp\/v2\/tags?post=14192"}],"curies":[{"name":"wp","href":"https:\/\/api.w.org\/{rel}","templated":true}]}}