{"id":14182,"date":"2025-05-22T09:54:04","date_gmt":"2025-05-22T07:54:04","guid":{"rendered":"https:\/\/elcafedepipa.com\/?p=14182"},"modified":"2025-05-22T09:54:05","modified_gmt":"2025-05-22T07:54:05","slug":"nules-ja-coneix-a-la-nova-reina-de-la-vila-per-a-2025","status":"publish","type":"post","link":"https:\/\/elcafedepipa.com\/index.php\/2025\/05\/22\/nules-ja-coneix-a-la-nova-reina-de-la-vila-per-a-2025\/","title":{"rendered":"Nules ja coneix a la nova Reina de la Vila per a 2025"},"content":{"rendered":"\n<p>Nules ja coneix a la que ser\u00e0 la nova Reina de la Vila 2025, Laura G\u00f3mez Recatal\u00e1, una jove de 18 anys, que al llarg d\u2019aquest any ostentar\u00e0 la m\u00e0xima representaci\u00f3 de la localitat.<\/p>\n\n\n\n<p>Laura G\u00f3mez ha estat rebuda a l\u2019Ajuntament de Nules per l\u2019Alcalde de Nules, David Garc\u00eda, i la regidora de Festes, Blanca Silvestre, els quals en representaci\u00f3 de la Corporaci\u00f3 Municipal li han agra\u00eft el seu comprom\u00eds de representar, al llarg de tots aquests mesos, al poble de Nules.<\/p>\n\n\n\n<p>Aix\u00ed, Laura G\u00f3mez ser\u00e0 juntament amb les dames de la cort d\u2019honor la protagonista de les festes patronals en honor a Sant Bartomeu, que se celebren al mes d\u2019agost, i en honor a la Mare de D\u00e9u de la Soledat, que tenen lloc al mes d\u2019octubre.<\/p>\n\n\n\n<p>No obstant aix\u00f2, l\u2019acte de proclamaci\u00f3 de la nova Reina de la Vila de Nules i de les dames tindr\u00e0 lloc dimecres, 2 de juliol, a la sala d\u2019exposicions de la Biblioteca Municipal Jos\u00e9 Vicente Felip Monlle\u00f3. Un acte que, a m\u00e9s, servir\u00e0 tamb\u00e9 d\u2019acomiadament de la Reina de la Vila 2024, Nora Cano Mendo, i de les seues dames d\u2019honor.<\/p>\n\n\n\n<p>Encara que l\u2019acte de presentaci\u00f3 amb tot el seu esplendor se celebrar\u00e0 dissabte, 26 de juliol, al Teatre Alc\u00e1zar.<\/p>\n","protected":false},"excerpt":{"rendered":"<p>Nules ja coneix a la que ser\u00e0 la nova Reina de la Vila 2025, Laura G\u00f3mez Recatal\u00e1, una jove de 18 anys, que al llarg d\u2019aquest any ostentar\u00e0 la m\u00e0xima representaci\u00f3 de la localitat. Laura G\u00f3mez ha estat rebuda a l\u2019Ajuntament de Nules per l\u2019Alcalde de Nules, David Garc\u00eda, i la regidora de Festes, Blanca &#8230; <a title=\"Nules ja coneix a la nova Reina de la Vila per a 2025\" class=\"read-more\" href=\"https:\/\/elcafedepipa.com\/index.php\/2025\/05\/22\/nules-ja-coneix-a-la-nova-reina-de-la-vila-per-a-2025\/\" aria-label=\"M\u00e9s informaci\u00f3 sobre Nules ja coneix a la nova Reina de la Vila per a 2025\">Read more<\/a><\/p>\n","protected":false},"author":2,"featured_media":14183,"comment_status":"closed","ping_status":"closed","sticky":false,"template":"","format":"standard","meta":{"om_disable_all_campaigns":false,"_monsterinsights_skip_tracking":false,"_monsterinsights_sitenote_active":false,"_monsterinsights_sitenote_note":"","_monsterinsights_sitenote_category":0,"_uf_show_specific_survey":0,"_uf_disable_surveys":false,"footnotes":""},"categories":[3],"tags":[],"class_list":["post-14182","post","type-post","status-publish","format-standard","has-post-thumbnail","hentry","category-nules"],"_links":{"self":[{"href":"https:\/\/elcafedepipa.com\/index.php\/wp-json\/wp\/v2\/posts\/14182","targetHints":{"allow":["GET"]}}],"collection":[{"href":"https:\/\/elcafedepipa.com\/index.php\/wp-json\/wp\/v2\/posts"}],"about":[{"href":"https:\/\/elcafedepipa.com\/index.php\/wp-json\/wp\/v2\/types\/post"}],"author":[{"embeddable":true,"href":"https:\/\/elcafedepipa.com\/index.php\/wp-json\/wp\/v2\/users\/2"}],"replies":[{"embeddable":true,"href":"https:\/\/elcafedepipa.com\/index.php\/wp-json\/wp\/v2\/comments?post=14182"}],"version-history":[{"count":0,"href":"https:\/\/elcafedepipa.com\/index.php\/wp-json\/wp\/v2\/posts\/14182\/revisions"}],"wp:featuredmedia":[{"embeddable":true,"href":"https:\/\/elcafedepipa.com\/index.php\/wp-json\/wp\/v2\/media\/14183"}],"wp:attachment":[{"href":"https:\/\/elcafedepipa.com\/index.php\/wp-json\/wp\/v2\/media?parent=14182"}],"wp:term":[{"taxonomy":"category","embeddable":true,"href":"https:\/\/elcafedepipa.com\/index.php\/wp-json\/wp\/v2\/categories?post=14182"},{"taxonomy":"post_tag","embeddable":true,"href":"https:\/\/elcafedepipa.com\/index.php\/wp-json\/wp\/v2\/tags?post=14182"}],"curies":[{"name":"wp","href":"https:\/\/api.w.org\/{rel}","templated":true}]}}