{"id":14179,"date":"2025-05-22T09:48:28","date_gmt":"2025-05-22T07:48:28","guid":{"rendered":"https:\/\/elcafedepipa.com\/?p=14179"},"modified":"2025-05-22T09:48:29","modified_gmt":"2025-05-22T07:48:29","slug":"dolon-pp-compromis-vol-eliminar-mes-de-50-milions-deuros-dels-concerts-educatius-per-financar-nomines","status":"publish","type":"post","link":"https:\/\/elcafedepipa.com\/index.php\/2025\/05\/22\/dolon-pp-compromis-vol-eliminar-mes-de-50-milions-deuros-dels-concerts-educatius-per-financar-nomines\/","title":{"rendered":"Dol\u00f3n (PP): \u201cComprom\u00eds vol eliminar m\u00e9s de 50 milions d\u2019euros dels concerts educatius per finan\u00e7ar n\u00f2mines\u201d"},"content":{"rendered":"\n<p>El diputat del Partit Popular, Eduardo Dol\u00f3n, ha denunciat durant la Comissi\u00f3 d\u2019Economia celebrada hui que <strong>Comprom\u00eds ha presentat una esmena als pressupostos amb qu\u00e8 pret\u00e9n detraure m\u00e9s de 50 milions d\u2019euros destinats a l\u2019educaci\u00f3 concertada<\/strong>. Segons Dol\u00f3n, l\u2019objectiu d\u2019aquesta proposta seria \u201cdestinar-los a un increment en les partides de despeses de personal\u201d.<\/p>\n\n\n\n<p>Dol\u00f3n ha qualificat la mesura de \u201cnova sinvergonzoneria de Comprom\u00eds, amb qu\u00e8 volen enganyar els docents de la Comunitat Valenciana\u201d. En concret, ha afirmat que \u201cproposen en una esmena augmentar en 230 milions d\u2019euros els sous dels docents, per\u00f2 sense explicar que eixa xifra eixiria, principalment, d\u2019eliminar \u00edntegrament la partida dels concerts amb centres educatius\u201d.<\/p>\n\n\n\n<p>Segons el diputat popular, aquesta proposta \u201cimplicaria, de facto, el tancament dels col\u00b7legis concertats, deixant sense pla\u00e7a educativa concertada a uns 260.000 alumnes a la Comunitat Valenciana\u201d. Aix\u00ed mateix, ha assenyalat que \u201ces tracta d\u2019una nova mostra de la hipocresia de Comprom\u00eds i de Joan Baldov\u00ed, que quan estaven en el govern del Bot\u00e0nic ja prometeren el 2018 i el 2019 una pujada salarial als docents, per\u00f2 sense complir\u201d.<\/p>\n\n\n\n<p>Dol\u00f3n ha criticat que \u201cla pol\u00edtica educativa de l\u2019esquerra nom\u00e9s busca enfrontar el model p\u00fablic amb el concertat\u201d, mentre que el govern de Carlos Maz\u00f3n \u201caposta per la llibertat educativa i per garantir tots dos models amb una major inversi\u00f3\u201d.<\/p>\n\n\n\n<p>Finalment, ha remarcat que <strong>els pressupostos de la Generalitat per a enguany contemplen un augment en les partides destinades a Educaci\u00f3<\/strong>, i ha reiterat el rebuig frontal del PP a qualsevol mesura que \u201cpose en perill l\u2019educaci\u00f3 concertada i la llibertat de les fam\u00edlies per triar centre\u201d.<\/p>\n\n\n\n<p><\/p>\n","protected":false},"excerpt":{"rendered":"<p>El diputat del Partit Popular, Eduardo Dol\u00f3n, ha denunciat durant la Comissi\u00f3 d\u2019Economia celebrada hui que Comprom\u00eds ha presentat una esmena als pressupostos amb qu\u00e8 pret\u00e9n detraure m\u00e9s de 50 milions d\u2019euros destinats a l\u2019educaci\u00f3 concertada. Segons Dol\u00f3n, l\u2019objectiu d\u2019aquesta proposta seria \u201cdestinar-los a un increment en les partides de despeses de personal\u201d. Dol\u00f3n ha &#8230; <a title=\"Dol\u00f3n (PP): \u201cComprom\u00eds vol eliminar m\u00e9s de 50 milions d\u2019euros dels concerts educatius per finan\u00e7ar n\u00f2mines\u201d\" class=\"read-more\" href=\"https:\/\/elcafedepipa.com\/index.php\/2025\/05\/22\/dolon-pp-compromis-vol-eliminar-mes-de-50-milions-deuros-dels-concerts-educatius-per-financar-nomines\/\" aria-label=\"M\u00e9s informaci\u00f3 sobre Dol\u00f3n (PP): \u201cComprom\u00eds vol eliminar m\u00e9s de 50 milions d\u2019euros dels concerts educatius per finan\u00e7ar n\u00f2mines\u201d\">Read more<\/a><\/p>\n","protected":false},"author":2,"featured_media":14180,"comment_status":"closed","ping_status":"closed","sticky":false,"template":"","format":"standard","meta":{"om_disable_all_campaigns":false,"_monsterinsights_skip_tracking":false,"_monsterinsights_sitenote_active":false,"_monsterinsights_sitenote_note":"","_monsterinsights_sitenote_category":0,"_uf_show_specific_survey":0,"_uf_disable_surveys":false,"footnotes":""},"categories":[11],"tags":[],"class_list":["post-14179","post","type-post","status-publish","format-standard","has-post-thumbnail","hentry","category-comunitatvalenciana"],"_links":{"self":[{"href":"https:\/\/elcafedepipa.com\/index.php\/wp-json\/wp\/v2\/posts\/14179","targetHints":{"allow":["GET"]}}],"collection":[{"href":"https:\/\/elcafedepipa.com\/index.php\/wp-json\/wp\/v2\/posts"}],"about":[{"href":"https:\/\/elcafedepipa.com\/index.php\/wp-json\/wp\/v2\/types\/post"}],"author":[{"embeddable":true,"href":"https:\/\/elcafedepipa.com\/index.php\/wp-json\/wp\/v2\/users\/2"}],"replies":[{"embeddable":true,"href":"https:\/\/elcafedepipa.com\/index.php\/wp-json\/wp\/v2\/comments?post=14179"}],"version-history":[{"count":0,"href":"https:\/\/elcafedepipa.com\/index.php\/wp-json\/wp\/v2\/posts\/14179\/revisions"}],"wp:featuredmedia":[{"embeddable":true,"href":"https:\/\/elcafedepipa.com\/index.php\/wp-json\/wp\/v2\/media\/14180"}],"wp:attachment":[{"href":"https:\/\/elcafedepipa.com\/index.php\/wp-json\/wp\/v2\/media?parent=14179"}],"wp:term":[{"taxonomy":"category","embeddable":true,"href":"https:\/\/elcafedepipa.com\/index.php\/wp-json\/wp\/v2\/categories?post=14179"},{"taxonomy":"post_tag","embeddable":true,"href":"https:\/\/elcafedepipa.com\/index.php\/wp-json\/wp\/v2\/tags?post=14179"}],"curies":[{"name":"wp","href":"https:\/\/api.w.org\/{rel}","templated":true}]}}