{"id":14176,"date":"2025-05-21T14:02:58","date_gmt":"2025-05-21T12:02:58","guid":{"rendered":"https:\/\/elcafedepipa.com\/?p=14176"},"modified":"2025-05-21T14:02:59","modified_gmt":"2025-05-21T12:02:59","slug":"el-ppcv-exigix-a-sanchez-mes-celeritat-en-el-pagament-de-les-ajudes-a-les-victimes-de-la-riuada-i-lamenta-que-visite-valencia-sense-convocar-la-generalitat","status":"publish","type":"post","link":"https:\/\/elcafedepipa.com\/index.php\/2025\/05\/21\/el-ppcv-exigix-a-sanchez-mes-celeritat-en-el-pagament-de-les-ajudes-a-les-victimes-de-la-riuada-i-lamenta-que-visite-valencia-sense-convocar-la-generalitat\/","title":{"rendered":"El PPCV exigix a S\u00e1nchez m\u00e9s celeritat en el pagament de les ajudes a les v\u00edctimes de la riuada i lamenta que visite Val\u00e8ncia \u201csense convocar la Generalitat\u201d"},"content":{"rendered":"\n<p>La s\u00edndica adjunta del Grup Parlamentari Popular (GPP), Laura Chuli\u00e0, ha reclamat al president del Govern, Pedro S\u00e1nchez, \u201cm\u00e9s celeritat\u201d en el pagament de les ajudes a les v\u00edctimes de la riuada del 29 d\u2019octubre. Chuli\u00e0 ha denunciat que, quasi set mesos despr\u00e9s de la trag\u00e8dia, \u201cel Govern no ha abonat ni tan sols un 20% de les ajudes promeses, enfront de m\u00e9s del 50% que ja ha pagat la Generalitat Valenciana amb recursos propis\u201d.<\/p>\n\n\n\n<p>Segons la diputada, l\u2019Executiu central \u201cha pagat menys d\u2019un 10% de les ajudes de primera necessitat a les fam\u00edlies valencianes que les van sol\u00b7licitar\u201d, i ha detallat que \u201cnom\u00e9s 4.160 fam\u00edlies han rebut l\u2019ajuda, de m\u00e9s de 43.000 que ho han demanat\u201d.<\/p>\n\n\n\n<p>Pel que fa a les empreses afectades, ha advertit que \u201cmoltes es queden sense temps per a reobrir els seus negocis per la falta de dilig\u00e8ncia en els pagaments\u201d. \u201cEl Govern les deixa a la seua sort, sense saber si podran comptar amb els recursos necessaris per a revertir la situaci\u00f3\u201d, ha remarcat Chuli\u00e0. A m\u00e9s, ha recordat que \u201cles indemnitzacions del Consorci de Compensaci\u00f3 d\u2019Assegurances no s\u00f3n una ajuda del Govern ni una decisi\u00f3 pol\u00edtica, sin\u00f3 un dret adquirit que es finan\u00e7a amb les aportacions que fan els ciutadans a trav\u00e9s de les assegurances\u201d.<\/p>\n\n\n\n<p>En aquesta l\u00ednia, ha expressat el suport del PPCV a l\u2019Associaci\u00f3 de Pol\u00edgons Industrials de Paiporta, que ha denunciat que el 80% de les empreses afectades nom\u00e9s ha rebut un avan\u00e7ament i que, set mesos despr\u00e9s, \u201cnom\u00e9s el 15% ha cobrat la indemnitzaci\u00f3 completa\u201d. \u201c\u00c9s un retard inassumible que pot provocar conseq\u00fc\u00e8ncies greus en el teixit econ\u00f2mic de la zona zero\u201d, ha afirmat.<\/p>\n\n\n\n<p>Chuli\u00e0 ha criticat tamb\u00e9 la falta de Pressupostos Generals de l\u2019Estat, que suposa \u201cpr\u00e0cticament 5 milions d\u2019euros menys al dia per als valencians\u201d. Aix\u00ed mateix, ha reclamat una reforma del model de finan\u00e7ament perqu\u00e8 \u201csom la comunitat aut\u00f2noma pitjor finan\u00e7ada i m\u00e9s maltractada pel Govern de Pedro S\u00e1nchez\u201d.<\/p>\n\n\n\n<p>La denegaci\u00f3 del Fons de Liquiditat Auton\u00f2mic (FLA), \u201cper primera vegada en m\u00e9s d\u2019una d\u00e8cada\u201d, suposa deixar a la Comunitat Valenciana sense 3.000 milions d\u2019euros \u201cen el pitjor moment i quan m\u00e9s falta fan, per a evitar que siguen nom\u00e9s els valencians, amb una alta pressi\u00f3 fiscal, els qui hagen d\u2019afrontar la reconstrucci\u00f3 amb els seus impostos\u201d, ha subratllat.<\/p>\n\n\n\n<p>Finalment, sobre la visita de Pedro S\u00e1nchez a Val\u00e8ncia aquest dijous i la seua reuni\u00f3 amb algunes associacions de v\u00edctimes, Chuli\u00e0 ha assenyalat que \u201cel president del Govern arriba tard, com sempre\u201d. Ha recordat que \u201cel president Maz\u00f3n porta des del mes de mar\u00e7 reunint-se amb les v\u00edctimes que aix\u00ed ho desitgen, per a escoltar-les i donar-los suport\u201d.<\/p>\n\n\n\n<p>Tamb\u00e9 ha lamentat que S\u00e1nchez \u201cvenga dem\u00e0 sense convocar a la Generalitat per a tractar assumptes directament relacionats amb la riuada\u201d, i li ha exigit que explique \u201cper qu\u00e8, set mesos despr\u00e9s, no hi ha not\u00edcies del funeral d\u2019Estat prom\u00e9s per a les v\u00edctimes i per qu\u00e8 no va acudir al primer funeral que es va celebrar a la Catedral de Val\u00e8ncia en mem\u00f2ria de totes elles\u201d.<\/p>\n","protected":false},"excerpt":{"rendered":"<p>La s\u00edndica adjunta del Grup Parlamentari Popular (GPP), Laura Chuli\u00e0, ha reclamat al president del Govern, Pedro S\u00e1nchez, \u201cm\u00e9s celeritat\u201d en el pagament de les ajudes a les v\u00edctimes de la riuada del 29 d\u2019octubre. Chuli\u00e0 ha denunciat que, quasi set mesos despr\u00e9s de la trag\u00e8dia, \u201cel Govern no ha abonat ni tan sols un &#8230; <a title=\"El PPCV exigix a S\u00e1nchez m\u00e9s celeritat en el pagament de les ajudes a les v\u00edctimes de la riuada i lamenta que visite Val\u00e8ncia \u201csense convocar la Generalitat\u201d\" class=\"read-more\" href=\"https:\/\/elcafedepipa.com\/index.php\/2025\/05\/21\/el-ppcv-exigix-a-sanchez-mes-celeritat-en-el-pagament-de-les-ajudes-a-les-victimes-de-la-riuada-i-lamenta-que-visite-valencia-sense-convocar-la-generalitat\/\" aria-label=\"M\u00e9s informaci\u00f3 sobre El PPCV exigix a S\u00e1nchez m\u00e9s celeritat en el pagament de les ajudes a les v\u00edctimes de la riuada i lamenta que visite Val\u00e8ncia \u201csense convocar la Generalitat\u201d\">Read more<\/a><\/p>\n","protected":false},"author":2,"featured_media":14177,"comment_status":"closed","ping_status":"closed","sticky":false,"template":"","format":"standard","meta":{"om_disable_all_campaigns":false,"_monsterinsights_skip_tracking":false,"_monsterinsights_sitenote_active":false,"_monsterinsights_sitenote_note":"","_monsterinsights_sitenote_category":0,"_uf_show_specific_survey":0,"_uf_disable_surveys":false,"footnotes":""},"categories":[1],"tags":[],"class_list":["post-14176","post","type-post","status-publish","format-standard","has-post-thumbnail","hentry","category-non-classe"],"_links":{"self":[{"href":"https:\/\/elcafedepipa.com\/index.php\/wp-json\/wp\/v2\/posts\/14176","targetHints":{"allow":["GET"]}}],"collection":[{"href":"https:\/\/elcafedepipa.com\/index.php\/wp-json\/wp\/v2\/posts"}],"about":[{"href":"https:\/\/elcafedepipa.com\/index.php\/wp-json\/wp\/v2\/types\/post"}],"author":[{"embeddable":true,"href":"https:\/\/elcafedepipa.com\/index.php\/wp-json\/wp\/v2\/users\/2"}],"replies":[{"embeddable":true,"href":"https:\/\/elcafedepipa.com\/index.php\/wp-json\/wp\/v2\/comments?post=14176"}],"version-history":[{"count":0,"href":"https:\/\/elcafedepipa.com\/index.php\/wp-json\/wp\/v2\/posts\/14176\/revisions"}],"wp:featuredmedia":[{"embeddable":true,"href":"https:\/\/elcafedepipa.com\/index.php\/wp-json\/wp\/v2\/media\/14177"}],"wp:attachment":[{"href":"https:\/\/elcafedepipa.com\/index.php\/wp-json\/wp\/v2\/media?parent=14176"}],"wp:term":[{"taxonomy":"category","embeddable":true,"href":"https:\/\/elcafedepipa.com\/index.php\/wp-json\/wp\/v2\/categories?post=14176"},{"taxonomy":"post_tag","embeddable":true,"href":"https:\/\/elcafedepipa.com\/index.php\/wp-json\/wp\/v2\/tags?post=14176"}],"curies":[{"name":"wp","href":"https:\/\/api.w.org\/{rel}","templated":true}]}}