{"id":14152,"date":"2025-05-21T13:08:27","date_gmt":"2025-05-21T11:08:27","guid":{"rendered":"https:\/\/elcafedepipa.com\/?p=14152"},"modified":"2025-05-21T13:08:28","modified_gmt":"2025-05-21T11:08:28","slug":"la-vall-duixo-promociona-la-seua-hostaleria-amb-la-campanya-del-passaport-gastronomic","status":"publish","type":"post","link":"https:\/\/elcafedepipa.com\/index.php\/2025\/05\/21\/la-vall-duixo-promociona-la-seua-hostaleria-amb-la-campanya-del-passaport-gastronomic\/","title":{"rendered":"La Vall d\u2019Uix\u00f3 promociona la seua hostaleria amb la campanya del passaport gastron\u00f2mic"},"content":{"rendered":"\n<p>La Vall d\u2019Uix\u00f3 promociona la seua hostaleria amb la campanya del passaport gastron\u00f2mic, que en la seua segona edici\u00f3 introdueix millores per a oferir m\u00e9s possibilitats de completar-lo i de guanyar premi. Entre totes les persones que reunisquen nou segells de diferents establiments, se sortejaran tres viatges valorats en 1.500 euros cadascun.<\/p>\n\n\n\n<p>L\u2019associaci\u00f3 d\u2019hostaleria Ashovall impulsa esta acci\u00f3, que comen\u00e7ar\u00e0 l\u20191 de juny i finalitzar\u00e0 el 5 d\u2019octubre. Fins al 8 d\u2019octubre es podran dipositar els passaports complets a Conicab Viatges, on hi haur\u00e0 una urna instal\u00b7lada. El 13 d\u2019octubre es realitzar\u00e0 un sorteig p\u00fablic a l\u2019espai gastron\u00f2mic de les festes patronals de la Sagrada Fam\u00edlia i Sant\u00edssim Crist.<\/p>\n\n\n\n<p>Des d\u2019Ashovall, Marta Tus\u00f3n i Jes\u00fas Cano han animat tota la ciutadania a \u201cparticipar en esta iniciativa, que enguany introdueix millores per a fer-la m\u00e9s accessible\u201d. Aix\u00ed, cal completar el passaport \u201camb el segell de nou bars i restaurants diferents entre tots els associats\u201d, a difer\u00e8ncia de l\u2019any passat, \u201cquan calia aconseguir divuit segells\u201d.<\/p>\n\n\n\n<p>Per la seua part, el regidor de Comer\u00e7 de l\u2019Ajuntament de la Vall d\u2019Uix\u00f3, Fernando Dar\u00f2s, ha donat les gr\u00e0cies i l\u2019enhorabona a Ashovall \u201cper continuar treballant per la uni\u00f3 i la promoci\u00f3 de l\u2019hostaleria local\u201d. Aix\u00ed, ha recordat que l\u2019any passat la primera edici\u00f3 del passaport gastron\u00f2mic \u201cva tindre un gran impacte\u201d i en esta nova edici\u00f3 \u201cproposen millores per a facilitar la participaci\u00f3\u201d i perqu\u00e8 \u201cm\u00e9s persones siguen premiades\u201d.<\/p>\n\n\n\n<p>Per a finalitzar, Dar\u00f2s ha reiterat el suport municipal a l\u2019associaci\u00f3 perqu\u00e8 \u201cpotenciar el sector hostaler \u00e9s ajudar el teixit econ\u00f2mic de la Vall\u201d. I ha posat en valor \u201caccions positives\u201d com esta que s\u2019ha presentat hui o com el festival Ashofest, \u201cque va ser un \u00e8xit de p\u00fablic fa nom\u00e9s unes setmanes\u201d.<\/p>\n\n\n\n<p>\ud83d\udcc4 <a>Consulta ac\u00ed les bases completes de la campanya (PDF)<\/a><\/p>\n\n\n\n<figure class=\"wp-block-image\"><img decoding=\"async\" src=\"https:\/\/attachment.outlook.live.net\/owa\/MSA%3Acc5365c3f7dd9ce4d9b90e6c827db01b594c6660eeea802e5a4261ecbb1a3b77%40shadow.outlook.com\/service.svc\/s\/GetAttachmentThumbnail?id=AQMkAGM4YzkwMAItZGZjOC1jNTQ1LTAwAi0wMAoARgAAA9cCEmx8MKRJt8qcbetlCk8HALfylbCfFZBMsjL0Guod8mwAAAIBDAAAALfylbCfFZBMsjL0Guod8mwAAAC4xwKaAAAAARIAEAB6WkFgbOH4RYcr71hMwB7v&amp;thumbnailType=2&amp;isc=1&amp;token=eyJhbGciOiJSUzI1NiIsInR5cCI6IkpXVCIsImtpZCI6IldwZ1d1eEpYVzY0TE5Rc0dyOFp2YnpTMlhyQT0iLCJ4NXQiOiJXcGdXdXhKWFc2NExOUXNHcjhadmJ6UzJYckE9Iiwibm9uY2UiOiJ2ekZEOWZFelFOajhVQl81UXFPc1lQeUlQTjlodXllT2tCWVBLeWdfd2R6VG1Lb2s3YTdiQ3daNjdOQ01UeDE4VWhQMG9MbE9Ud191MmNLcWt0Tmp2ejBWdkhwa2tVd2NQZVBpZFlUZ000NTRnTndzampCcVR2aVhjR0FCWnBoX3JYc1lKN0NjR21XNUp2ZFc4ek9jMjhLV1R2bkNvX080QTJ1OTVZY1ZsaHMiLCJpc3Nsb2MiOiJBTTZQUjA4TUI0MjMyIiwic3JzbiI6NjM4ODMyODU3NDUwODQ4NDk3fQ.eyJzYXAtdmVyc2lvbiI6IjMyIiwiYXBwaWQiOiJhZjNlYmJiYS1jMjNmLTQ5MmEtYWE5My04MzQyMTY5NmVjNGIiLCJpc3NyaW5nIjoiV1ciLCJhcHBpZGFjciI6IjIiLCJhcHBfZGlzcGxheW5hbWUiOiIiLCJ1dGkiOiI4MDk0Y2JmYy1kYmM3LTQ2NzUtYmJkOC01NDQyYWY0ZmVjZWMiLCJpYXQiOjE3NDc4MjUyMzAsInZlciI6IlNUSS5Vc2VyLkNhbGxiYWNrVG9rZW4uVjEiLCJ0aWQiOiI4NGRmOWU3ZmU5ZjY0MGFmYjQzNWFhYWFhYWFhYWFhYSIsInRydXN0ZWRmb3JkZWxlZ2F0aW9uIjoiZmFsc2UiLCJ0b3BvbG9neSI6IntcIlR5cGVcIjpcIk1hY2hpbmVcIixcIlZhbHVlXCI6XCJBTTZQUjA4TUI0MjMyLmV1cnByZDA4LnByb2Qub3V0bG9vay5jb21cIn0iLCJyZXF1ZXN0b3JfYXBwaWQiOiIxNTdjZGZiZi03Mzk4LTRhNTYtOTZjMy1lOTNlOWFiMzA5YjUiLCJyZXF1ZXN0b3JfYXBwX2Rpc3BsYXluYW1lIjoiT2ZmaWNlIDM2NSBFeGNoYW5nZSBNaWNyb3NlcnZpY2UiLCJzY3AiOiJPd2FBdHRhY2htZW50cy5SZWFkIiwib2lkIjoiYzhjOTAwMDAtZGZjOC1jNTQ1LTAwMDAtMDAwMDAwMDAwMDAwIiwicHVpZCI6IkM4QzkwMDAwREZDOEM1NDUiLCJzbXRwIjoiY2M1MzY1YzNmN2RkOWNlNGQ5YjkwZTZjODI3ZGIwMWI1OTRjNjY2MGVlZWE4MDJlNWE0MjYxZWNiYjFhM2I3N0BzaGFkb3cub3V0bG9vay5jb20iLCJ1cG4iOiJjYzUzNjVjM2Y3ZGQ5Y2U0ZDliOTBlNmM4MjdkYjAxYjU5NGM2NjYwZWVlYTgwMmU1YTQyNjFlY2JiMWEzYjc3QHNoYWRvdy5vdXRsb29rLmNvbSIsInVzZXJjYWxsYmFja3VzZXJjb250ZXh0aWQiOiI0YTlkM2U5ZjVkMGE0ZmNjYTQ0MzQwYjUzMzQ0ZTdlOCIsImVwayI6IntcImt0eVwiOlwiUlNBXCIsXCJuXCI6XCIzNkVFWDE5ZGU5ZUNhc0laQlVFNTM3M3YwbnNBOVU1OVZCTUtCd2xGeDhZU1pzVnVxMjZtX2ZwcWE2cms4RWpPWGRIV3M5azZhZFpsaVJyMXZ0akxwZTliVk1HZWV4S1FHendJb1h0dHpIbUx4OHZPcFJ0bHpUeWstUV9mYmpUUlJLOHlaUFJ6Q3p5RTNPVUtOYUJkSmJROGdwdlduNGhYdDhqcEVWc2V1VXlsMEhXZ1UwSmdpZTg0Y29TWHNpM2M2cm5peEw3V0hWY3NPRVkwakc4OC0wUUt6UUlNT3RHZHgxSEdJSGVRdkpRanc5aGIzdzg5YWRIcUlfUEVnVnBMb1VMZGpOamNtMTJldk54R3ppVkJLcF9qS004QXFPN3NocVhZX191Q1FkZFNJT0gyanB3UG5wZjVEWk9IMWhueFJldGlOeU42SENWd0EzNDY2WTVEZVFcIixcImVcIjpcIkFRQUJcIixcImFsZ1wiOlwiUlMyNTZcIixcImV4cFwiOlwiMTc0NzkxNDg3NFwiLFwiZXhwX2RpZmZcIjpcIjg2NDAwXCIsXCJraWRcIjpcIlhYQWNSclJrWHRxcHJxc0JsUXhiX0VYc0Z3MFwifS5vbEpzMTkzdUJDQ1U4cDFBS1haSktHZlZEQ3Y4V1Z1VmhYWVNOdHZFU2V6bnNiSS9BMWc2THNxclltVFE2RXBiMGs2T2RpdnZoeGFCQ1pDbVNxRWFTS0czRC9BVHEzYTh6eHNuVW9mRC9YOUowT3UyK0luVnljb2M4U3Jwd25CUnczTHFTeUR6a2dSUDdrUW00a2NWcnRoOTFVK0gzbWdSQ1RZd29vSi9wNzlYaUlFeE9ZWjQ5Z0V2NzhQbUIzbEhVRHNFaFlIVzl1ZXptNzg3VHBGcjlTL3hKUVVHQ3dOU29kMmlNaFgrTEUyZWZ0ZWFNS011U3lFZ3V0TlY4VDVHUWUvNCtMNDhXOUMwWnRaUTlxWEllWmMwYk1kc3pRRUwyakVpeVNhaXNraTBtcGdVN2dWTHRqS2J1dUMxWEErdGdUd2dTaWZzUUFtVmIwZTUyMHhyb0E9PSIsIm5iZiI6MTc0NzgyNTIzMCwiZXhwIjoxNzQ3ODI1NTMwLCJpc3MiOiJodHRwczovL3N1YnN0cmF0ZS5vZmZpY2UuY29tL3N0cy8iLCJhdWQiOiJodHRwczovL291dGxvb2sub2ZmaWNlLmNvbSIsInNzZWMiOiJFN2pPb2hDZnJ2a3pGUDljIn0.wgw1xD4jg5LE73ah_KDbe8fCcTqAmveLgaMC1dpb3z8JJJLU6aYRDeC3gzZjHAkULNkOYUbSpNJGoa7sNCGxSw8516l_Qq0wqk1BaLdzX0dOkKIBhnG7NUnJfciHHwz8hKVrA7rjGaco28UwocfxfHvrdCjVTIhQO_6u1HNbc-25wX3rOdxTo8iCHqq8zuconySvkiqEHQmLn3AJWzhVH_vNqkTFPfw607bGrPCzreEKxmotDMyeIqGmoVKB-4Oh7P2R14n8peCDSLLSxCTtT90V_kYcSGN_-wDbVxTOBQ1gLZQ92vdeHj_zj98zQZmZ_RWJINwlfxtfBUZDJPSMHA&amp;X-OWA-CANARY=X-OWA-CANARY_cookie_is_null_or_empty&amp;owa=outlook.office.com&amp;scriptVer=20250509011.04&amp;clientId=9D102550BD6B4DD893AD89D9C51CE92B&amp;animation=true&amp;persistenceId=dfe7cb4f-a6bf-4148-b72c-84af090c5629\" alt=\"Visualitzaci\u00f3 pr\u00e8via de la imatge\"\/><\/figure>\n","protected":false},"excerpt":{"rendered":"<p>La Vall d\u2019Uix\u00f3 promociona la seua hostaleria amb la campanya del passaport gastron\u00f2mic, que en la seua segona edici\u00f3 introdueix millores per a oferir m\u00e9s possibilitats de completar-lo i de guanyar premi. Entre totes les persones que reunisquen nou segells de diferents establiments, se sortejaran tres viatges valorats en 1.500 euros cadascun. L\u2019associaci\u00f3 d\u2019hostaleria Ashovall &#8230; <a title=\"La Vall d\u2019Uix\u00f3 promociona la seua hostaleria amb la campanya del passaport gastron\u00f2mic\" class=\"read-more\" href=\"https:\/\/elcafedepipa.com\/index.php\/2025\/05\/21\/la-vall-duixo-promociona-la-seua-hostaleria-amb-la-campanya-del-passaport-gastronomic\/\" aria-label=\"M\u00e9s informaci\u00f3 sobre La Vall d\u2019Uix\u00f3 promociona la seua hostaleria amb la campanya del passaport gastron\u00f2mic\">Read more<\/a><\/p>\n","protected":false},"author":2,"featured_media":14153,"comment_status":"closed","ping_status":"closed","sticky":false,"template":"","format":"standard","meta":{"om_disable_all_campaigns":false,"_monsterinsights_skip_tracking":false,"_monsterinsights_sitenote_active":false,"_monsterinsights_sitenote_note":"","_monsterinsights_sitenote_category":0,"_uf_show_specific_survey":0,"_uf_disable_surveys":false,"footnotes":""},"categories":[2],"tags":[],"class_list":["post-14152","post","type-post","status-publish","format-standard","has-post-thumbnail","hentry","category-lavallduixo"],"_links":{"self":[{"href":"https:\/\/elcafedepipa.com\/index.php\/wp-json\/wp\/v2\/posts\/14152","targetHints":{"allow":["GET"]}}],"collection":[{"href":"https:\/\/elcafedepipa.com\/index.php\/wp-json\/wp\/v2\/posts"}],"about":[{"href":"https:\/\/elcafedepipa.com\/index.php\/wp-json\/wp\/v2\/types\/post"}],"author":[{"embeddable":true,"href":"https:\/\/elcafedepipa.com\/index.php\/wp-json\/wp\/v2\/users\/2"}],"replies":[{"embeddable":true,"href":"https:\/\/elcafedepipa.com\/index.php\/wp-json\/wp\/v2\/comments?post=14152"}],"version-history":[{"count":0,"href":"https:\/\/elcafedepipa.com\/index.php\/wp-json\/wp\/v2\/posts\/14152\/revisions"}],"wp:featuredmedia":[{"embeddable":true,"href":"https:\/\/elcafedepipa.com\/index.php\/wp-json\/wp\/v2\/media\/14153"}],"wp:attachment":[{"href":"https:\/\/elcafedepipa.com\/index.php\/wp-json\/wp\/v2\/media?parent=14152"}],"wp:term":[{"taxonomy":"category","embeddable":true,"href":"https:\/\/elcafedepipa.com\/index.php\/wp-json\/wp\/v2\/categories?post=14152"},{"taxonomy":"post_tag","embeddable":true,"href":"https:\/\/elcafedepipa.com\/index.php\/wp-json\/wp\/v2\/tags?post=14152"}],"curies":[{"name":"wp","href":"https:\/\/api.w.org\/{rel}","templated":true}]}}