{"id":14145,"date":"2025-05-21T11:42:16","date_gmt":"2025-05-21T09:42:16","guid":{"rendered":"https:\/\/elcafedepipa.com\/?p=14145"},"modified":"2025-05-21T11:42:17","modified_gmt":"2025-05-21T09:42:17","slug":"el-pspv-planta-cara-als-pressupostos-de-mazon-i-vox-amb-250-esmenes-per-valor-de-40-milions-deuros-per-a-rescatar-castello-del-sac-de-loblit","status":"publish","type":"post","link":"https:\/\/elcafedepipa.com\/index.php\/2025\/05\/21\/el-pspv-planta-cara-als-pressupostos-de-mazon-i-vox-amb-250-esmenes-per-valor-de-40-milions-deuros-per-a-rescatar-castello-del-sac-de-loblit\/","title":{"rendered":"El PSPV planta cara als pressupostos de Maz\u00f3n i VOX amb 250 esmenes per valor de 40 milions d\u2019euros per a rescatar Castell\u00f3 del \u201csac de l\u2019oblit\u201d"},"content":{"rendered":"\n<p>El PSPV-PSOE defensar\u00e0 al llarg de tota aquesta setmana a les Corts m\u00e9s de 250 esmenes al projecte de pressupostos de la Generalitat per a 2025 pactats entre el PP i VOX. Un paquet de propostes que suposa una injecci\u00f3 addicional de m\u00e9s de 40 milions d\u2019euros en inversions per a la prov\u00edncia de Castell\u00f3, amb actuacions en totes les comarques i un \u00e8mfasi especial en els pilars del benestar social, amb m\u00e9s sanitat, m\u00e9s educaci\u00f3 i m\u00e9s serveis p\u00fablics de qualitat.<\/p>\n\n\n\n<p>Per al coordinador del PSPV-PSOE de Castell\u00f3 a la cambra valenciana, Rafa Sim\u00f3, l\u2019objectiu \u00e9s \u201ccapgirar\u201d uns comptes que \u201cconsoliden la desigualtat territorial i agreugen la situaci\u00f3 d\u2019a\u00efllament de Castell\u00f3, que torna a quedar a la cua en inversions, just en un context en qu\u00e8 l\u2019Estat i els ajuntaments augmenten els seus compromisos inversors\u201d. \u201cEl que no reivindiquen els dirigents del PP castellonenc ho fem els socialistes\u201d, ha assenyalat<\/p>\n\n\n\n<p>El diputat castellonenc ha remarcat que el treball del grup socialista ha sigut \u201ctit\u00e0nic\u201d i ha reivindicat que, \u201cpoble a poble i sense pirot\u00e8cnica, hem fet la faena que no han fet ni Maz\u00f3n ni el PP de Castell\u00f3, la de pentinar el territori de dalt avall per a saber qu\u00e8 fa falta i la de defensar els interessos d\u2019aquesta terra\u201d. \u201cNo tenim altre objectiu que rescatar la nostra prov\u00edncia del sac de l\u2019oblit i revertir l\u2019actual situaci\u00f3 d\u2019infrafinan\u00e7ament que patim des de l\u2019arribada de Maz\u00f3n a Palau\u201d. En aquesta l\u00ednia, ha lamentat que l\u2019executiu valenci\u00e0 \u201cno es crega la pol\u00edtica de carrer\u201d i que els pressupostos per a Castell\u00f3 \u201cs\u2019hagen fet des dels despatxos i en fil directe amb VOX i no amb els ajuntaments\u201d.<\/p>\n\n\n\n<p><strong>M\u00e9s sanitat p\u00fablica, m\u00e9s educaci\u00f3 i m\u00e9s atenci\u00f3 a la gent gran<br><\/strong>Entre les principals propostes dels socialistes destaca el refor\u00e7 del sistema sanitari, amb esmenes per a impulsar iniciatives com l\u2019extensi\u00f3 del servei d\u2019hospitalitzaci\u00f3 a domicili a tot el territori, la construcci\u00f3 del nou ambulatori de Benic\u00e0ssim, la instal\u00b7laci\u00f3 de mam\u00f2grafs territorials i l\u2019activaci\u00f3 del servei SAMU 24 hores als Ports. En l\u2019\u00e0mbit educatiu, el PSPV-PSOE aposta per donar continu\u00eftat al pla \u2018Edificant\u2019 i recuperar obres paralitzades per Maz\u00f3n i Rovira. En concret, s\u2019han registrat m\u00e9s de 80 actuacions de construcci\u00f3, reforma i ampliaci\u00f3 de centres educatius a tota la prov\u00edncia.<\/p>\n\n\n\n<p>Pel que fa a les pol\u00edtiques inclusives, es planteja rescatar 30 projectes de centres de dia i resid\u00e8ncies \u201cperqu\u00e8 la gent major puga tenir pla\u00e7a p\u00fablica prop de casa i no es veja obligada a abandonar el municipi on ha viscut tota la vida\u201d. A m\u00e9s a m\u00e9s, el grup socialista tamb\u00e9 ha posat l\u2019accent en la necessitat de millorar les infraestructures vi\u00e0ries, amb esmenes per a desdoblar el vial entre Vila-real i Onda i l\u2019empenta definitiva per a la l\u00ednia 2 del Tram de Castell\u00f3 de la Plana.<\/p>\n\n\n\n<p>Dins del llistat de propostes, copa molt d\u2019inter\u00e9s la dinamitzaci\u00f3 econ\u00f2mica a trav\u00e9s d\u2019inversions per a donar un impuls definitiu a l\u2019aeroport de Castell\u00f3 com a pol de desenvolupament i connexi\u00f3 internacional, seguint la senda marca pel president Ximo Puig. Tamb\u00e9 es proposa incrementar els recursos destinats al turisme &nbsp;i protegir el patrimoni cultural i hist\u00f2ric en municipis com Vilafam\u00e9s, Sant Mateu, Morella o Onda.<\/p>\n\n\n\n<p>Finalment, es plantegen noves ajudes per a la modernitzaci\u00f3 dels regadius i per a l\u2019impuls de la ind\u00fastria agroaliment\u00e0ria de proximitat, especialment en comarques com el Maestrat i la Plana Baixa.<\/p>\n\n\n\n<p><strong>\u201cAra sabrem si el PP est\u00e0 amb Castell\u00f3 o amb Maz\u00f3n\u201d<br><\/strong>El llarg llistat d\u2019esmenes, ara, ha de passar per votaci\u00f3 a les Corts, on s\u2019hauran d\u2019acceptar o rebutjar per majoria absoluta. \u201cPrevisiblement, PP i VOX sumaran forces i vots per a tombar-les en cascada i aprovar uns pressupostos llunyans a les necessitats de la nostra terra i lesius per als interessos econ\u00f2mics i socials\u201d, ha lamentat Sim\u00f3, qui ha assegurat que \u201cnosaltres continuarem ferms perqu\u00e8 esta prov\u00edncia tinga el que li correspon\u201d. \u201cNo ens resignem a que ens deixen enrere. Ara sabrem si el PP est\u00e0 amb Castell\u00f3 o amb Maz\u00f3n\u201d, ha sentenciat.<\/p>\n","protected":false},"excerpt":{"rendered":"<p>El PSPV-PSOE defensar\u00e0 al llarg de tota aquesta setmana a les Corts m\u00e9s de 250 esmenes al projecte de pressupostos de la Generalitat per a 2025 pactats entre el PP i VOX. Un paquet de propostes que suposa una injecci\u00f3 addicional de m\u00e9s de 40 milions d\u2019euros en inversions per a la prov\u00edncia de Castell\u00f3, &#8230; <a title=\"El PSPV planta cara als pressupostos de Maz\u00f3n i VOX amb 250 esmenes per valor de 40 milions d\u2019euros per a rescatar Castell\u00f3 del \u201csac de l\u2019oblit\u201d\" class=\"read-more\" href=\"https:\/\/elcafedepipa.com\/index.php\/2025\/05\/21\/el-pspv-planta-cara-als-pressupostos-de-mazon-i-vox-amb-250-esmenes-per-valor-de-40-milions-deuros-per-a-rescatar-castello-del-sac-de-loblit\/\" aria-label=\"M\u00e9s informaci\u00f3 sobre El PSPV planta cara als pressupostos de Maz\u00f3n i VOX amb 250 esmenes per valor de 40 milions d\u2019euros per a rescatar Castell\u00f3 del \u201csac de l\u2019oblit\u201d\">Read more<\/a><\/p>\n","protected":false},"author":2,"featured_media":14146,"comment_status":"closed","ping_status":"closed","sticky":false,"template":"","format":"standard","meta":{"om_disable_all_campaigns":false,"_monsterinsights_skip_tracking":false,"_monsterinsights_sitenote_active":false,"_monsterinsights_sitenote_note":"","_monsterinsights_sitenote_category":0,"_uf_show_specific_survey":0,"_uf_disable_surveys":false,"footnotes":""},"categories":[11],"tags":[],"class_list":["post-14145","post","type-post","status-publish","format-standard","has-post-thumbnail","hentry","category-comunitatvalenciana"],"_links":{"self":[{"href":"https:\/\/elcafedepipa.com\/index.php\/wp-json\/wp\/v2\/posts\/14145","targetHints":{"allow":["GET"]}}],"collection":[{"href":"https:\/\/elcafedepipa.com\/index.php\/wp-json\/wp\/v2\/posts"}],"about":[{"href":"https:\/\/elcafedepipa.com\/index.php\/wp-json\/wp\/v2\/types\/post"}],"author":[{"embeddable":true,"href":"https:\/\/elcafedepipa.com\/index.php\/wp-json\/wp\/v2\/users\/2"}],"replies":[{"embeddable":true,"href":"https:\/\/elcafedepipa.com\/index.php\/wp-json\/wp\/v2\/comments?post=14145"}],"version-history":[{"count":0,"href":"https:\/\/elcafedepipa.com\/index.php\/wp-json\/wp\/v2\/posts\/14145\/revisions"}],"wp:featuredmedia":[{"embeddable":true,"href":"https:\/\/elcafedepipa.com\/index.php\/wp-json\/wp\/v2\/media\/14146"}],"wp:attachment":[{"href":"https:\/\/elcafedepipa.com\/index.php\/wp-json\/wp\/v2\/media?parent=14145"}],"wp:term":[{"taxonomy":"category","embeddable":true,"href":"https:\/\/elcafedepipa.com\/index.php\/wp-json\/wp\/v2\/categories?post=14145"},{"taxonomy":"post_tag","embeddable":true,"href":"https:\/\/elcafedepipa.com\/index.php\/wp-json\/wp\/v2\/tags?post=14145"}],"curies":[{"name":"wp","href":"https:\/\/api.w.org\/{rel}","templated":true}]}}