{"id":14142,"date":"2025-05-21T11:10:49","date_gmt":"2025-05-21T09:10:49","guid":{"rendered":"https:\/\/elcafedepipa.com\/?p=14142"},"modified":"2025-05-21T11:10:50","modified_gmt":"2025-05-21T09:10:50","slug":"la-guardia-civil-dete-el-presumpte-autor-de-nombrosos-danys-en-vehicles-a-altura","status":"publish","type":"post","link":"https:\/\/elcafedepipa.com\/index.php\/2025\/05\/21\/la-guardia-civil-dete-el-presumpte-autor-de-nombrosos-danys-en-vehicles-a-altura\/","title":{"rendered":"La Gu\u00e0rdia Civil det\u00e9 el presumpte autor de nombrosos danys en vehicles a Altura"},"content":{"rendered":"\n<p>La Gu\u00e0rdia Civil ha detingut un jove de 24 anys com a presumpte autor d\u2019un delicte continuat de danys. Durant la nit del 6 de maig, el Centre Operatiu Complex (COC) de la Comand\u00e0ncia de la Gu\u00e0rdia Civil de Castell\u00f3 va rebre un av\u00eds alertant sobre una persona que estava causant destrosses en diversos vehicles estacionats a la via p\u00fablica.<\/p>\n\n\n\n<p>Immediatament, es van despla\u00e7ar al lloc agents de la Gu\u00e0rdia Civil i de la Policia Local d\u2019Altura, qui van comprovar que 13 vehicles presentaven danys als retrovisors i a les portes. Tamb\u00e9 es van detectar destrosses a la porta d\u2019acc\u00e9s a un habitatge.<\/p>\n\n\n\n<p>Gr\u00e0cies a les investigacions realitzades i a t\u00e8cniques policials avan\u00e7ades, es van reunir proves que van permetre identificar el sospit\u00f3s i localitzar-lo.<\/p>\n\n\n\n<p>Posteriorment, es va efectuar la seua detenci\u00f3 com a presumpte responsable dels actes vand\u00e0lics, que tamb\u00e9 inclo\u00efen el trencament d\u2019un vidre al portal d\u2019un habitatge.<\/p>\n\n\n\n<p>Les dilig\u00e8ncies han sigut remeses al Jutjat de Primera Inst\u00e0ncia i Instrucci\u00f3 n\u00famero 1 de Sogorb.<\/p>\n","protected":false},"excerpt":{"rendered":"<p>La Gu\u00e0rdia Civil ha detingut un jove de 24 anys com a presumpte autor d\u2019un delicte continuat de danys. Durant la nit del 6 de maig, el Centre Operatiu Complex (COC) de la Comand\u00e0ncia de la Gu\u00e0rdia Civil de Castell\u00f3 va rebre un av\u00eds alertant sobre una persona que estava causant destrosses en diversos vehicles &#8230; <a title=\"La Gu\u00e0rdia Civil det\u00e9 el presumpte autor de nombrosos danys en vehicles a Altura\" class=\"read-more\" href=\"https:\/\/elcafedepipa.com\/index.php\/2025\/05\/21\/la-guardia-civil-dete-el-presumpte-autor-de-nombrosos-danys-en-vehicles-a-altura\/\" aria-label=\"M\u00e9s informaci\u00f3 sobre La Gu\u00e0rdia Civil det\u00e9 el presumpte autor de nombrosos danys en vehicles a Altura\">Read more<\/a><\/p>\n","protected":false},"author":2,"featured_media":14143,"comment_status":"closed","ping_status":"closed","sticky":false,"template":"","format":"standard","meta":{"om_disable_all_campaigns":false,"_monsterinsights_skip_tracking":false,"_monsterinsights_sitenote_active":false,"_monsterinsights_sitenote_note":"","_monsterinsights_sitenote_category":0,"_uf_show_specific_survey":0,"_uf_disable_surveys":false,"footnotes":""},"categories":[10],"tags":[],"class_list":["post-14142","post","type-post","status-publish","format-standard","has-post-thumbnail","hentry","category-provinciadecastello"],"_links":{"self":[{"href":"https:\/\/elcafedepipa.com\/index.php\/wp-json\/wp\/v2\/posts\/14142","targetHints":{"allow":["GET"]}}],"collection":[{"href":"https:\/\/elcafedepipa.com\/index.php\/wp-json\/wp\/v2\/posts"}],"about":[{"href":"https:\/\/elcafedepipa.com\/index.php\/wp-json\/wp\/v2\/types\/post"}],"author":[{"embeddable":true,"href":"https:\/\/elcafedepipa.com\/index.php\/wp-json\/wp\/v2\/users\/2"}],"replies":[{"embeddable":true,"href":"https:\/\/elcafedepipa.com\/index.php\/wp-json\/wp\/v2\/comments?post=14142"}],"version-history":[{"count":0,"href":"https:\/\/elcafedepipa.com\/index.php\/wp-json\/wp\/v2\/posts\/14142\/revisions"}],"wp:featuredmedia":[{"embeddable":true,"href":"https:\/\/elcafedepipa.com\/index.php\/wp-json\/wp\/v2\/media\/14143"}],"wp:attachment":[{"href":"https:\/\/elcafedepipa.com\/index.php\/wp-json\/wp\/v2\/media?parent=14142"}],"wp:term":[{"taxonomy":"category","embeddable":true,"href":"https:\/\/elcafedepipa.com\/index.php\/wp-json\/wp\/v2\/categories?post=14142"},{"taxonomy":"post_tag","embeddable":true,"href":"https:\/\/elcafedepipa.com\/index.php\/wp-json\/wp\/v2\/tags?post=14142"}],"curies":[{"name":"wp","href":"https:\/\/api.w.org\/{rel}","templated":true}]}}