{"id":14131,"date":"2025-05-21T10:03:26","date_gmt":"2025-05-21T08:03:26","guid":{"rendered":"https:\/\/elcafedepipa.com\/?p=14131"},"modified":"2025-05-21T10:03:27","modified_gmt":"2025-05-21T08:03:27","slug":"la-vall-duixo-guardonada-en-el-120e-aniversari-de-la-reial-unio-de-criadors-de-bous-de-lidia","status":"publish","type":"post","link":"https:\/\/elcafedepipa.com\/index.php\/2025\/05\/21\/la-vall-duixo-guardonada-en-el-120e-aniversari-de-la-reial-unio-de-criadors-de-bous-de-lidia\/","title":{"rendered":"La Vall d\u2019Uix\u00f3, guardonada en el 120\u00e9 aniversari de la Reial Uni\u00f3 de Criadors de Bous de L\u00eddia"},"content":{"rendered":"\n<p>La Vall d\u2019Uix\u00f3 ha sigut guardonada en la gala de celebraci\u00f3 del 120\u00e9 aniversari de la Reial Uni\u00f3 de Criadors de Bous de L\u00eddia (RUCTL), celebrada anit a Madrid. El guard\u00f3 de suport al festeig popular ha sigut recollit per l\u2019alcaldessa, Tania Ba\u00f1os, en representaci\u00f3 de la ciutat i especialment del m\u00f3n del <em>bou al carrer<\/em>.<\/p>\n\n\n\n<p>L\u2019alcaldessa ha destacat que aquest premi \u00e9s \u201cgr\u00e0cies al treball, en primer lloc, de la federaci\u00f3 de festes, que agrupa les 23 festes de la Vall i que va n\u00e0ixer per garantir la seguretat jur\u00eddica i en el propi festeig taur\u00ed\u201d. Tamb\u00e9 de totes les comissions, penyes i associacions que organitzen <em>bous al carrer<\/em> des d\u2019abril fins a octubre.<\/p>\n\n\n\n<p>\u201cNi aquest premi \u00e9s meu, ni aquest premi \u00e9s per a l\u2019Ajuntament, perqu\u00e8 la festa \u00e9s de la gent i \u00e9s possible gr\u00e0cies a molt d\u2019esfor\u00e7 compartit en qu\u00e8 els acompanyem\u201d, ha afirmat. En aquest sentit, en els pr\u00f2xims dies s\u2019anunciar\u00e0 en quins dies l\u2019afici\u00f3 vallera podr\u00e0 veure el premi i fotografiar-se amb ell a la seu de la federaci\u00f3 de festes \u2014inaugurada fa unes setmanes\u2014.<\/p>\n\n\n\n<figure class=\"wp-block-image\"><img decoding=\"async\" src=\"https:\/\/attachment.outlook.live.net\/owa\/MSA%3Acc5365c3f7dd9ce4d9b90e6c827db01b594c6660eeea802e5a4261ecbb1a3b77%40shadow.outlook.com\/service.svc\/s\/GetAttachmentThumbnail?id=AQMkAGM4YzkwMAItZGZjOC1jNTQ1LTAwAi0wMAoARgAAA9cCEmx8MKRJt8qcbetlCk8HALfylbCfFZBMsjL0Guod8mwAAAIBDAAAALfylbCfFZBMsjL0Guod8mwAAAC4xwKRAAAAARIAEACIdRyynwojRKGd29jKiI2V&amp;thumbnailType=2&amp;isc=1&amp;token=eyJhbGciOiJSUzI1NiIsInR5cCI6IkpXVCIsImtpZCI6InNnTTFldy9ZQmhrRVJBYzdXa0xhblpzQ2luVT0iLCJ4NXQiOiJzZ00xZXcvWUJoa0VSQWM3V2tMYW5ac0NpblU9Iiwibm9uY2UiOiJYa09hZllDU2NjT1ZDVDhtLUMxcmRhbnc0MTQxUmQzR2ZkSHNIa1JBN0REeFNvSC00RDB6eUpXaEVzZEZaZGthLW9VeGpGNFZUaWlnQXpKNjdVZ2Zma2EzTjRMeHRETkRzUkc0ek9lXzJhbkVRRDJfZUdjSTgzVWRhelc0dnB3UlhzTnlzS29Ya25EamtLU2RhR3luWndmNzZtWGVfUTBlMzVkM0pvWXh3bmMiLCJpc3Nsb2MiOiJBTTZQUjA4TUI0MjMyIiwic3JzbiI6NjM4ODMyODU3NDUwODQ4NDg1fQ.eyJzYXAtdmVyc2lvbiI6IjMyIiwiYXBwaWQiOiJhZjNlYmJiYS1jMjNmLTQ5MmEtYWE5My04MzQyMTY5NmVjNGIiLCJpc3NyaW5nIjoiV1ciLCJhcHBpZGFjciI6IjIiLCJhcHBfZGlzcGxheW5hbWUiOiIiLCJ1dGkiOiI0ZWVjMjM4Ny0yNDIxLTRjODgtYjIyYi0xN2E2NDVjNjdhZDEiLCJpYXQiOjE3NDc4MTQxMjksInZlciI6IlNUSS5Vc2VyLkNhbGxiYWNrVG9rZW4uVjEiLCJ0aWQiOiI4NGRmOWU3ZmU5ZjY0MGFmYjQzNWFhYWFhYWFhYWFhYSIsInRydXN0ZWRmb3JkZWxlZ2F0aW9uIjoiZmFsc2UiLCJ0b3BvbG9neSI6IntcIlR5cGVcIjpcIk1hY2hpbmVcIixcIlZhbHVlXCI6XCJBTTZQUjA4TUI0MjMyLmV1cnByZDA4LnByb2Qub3V0bG9vay5jb21cIn0iLCJyZXF1ZXN0b3JfYXBwaWQiOiIxNTdjZGZiZi03Mzk4LTRhNTYtOTZjMy1lOTNlOWFiMzA5YjUiLCJyZXF1ZXN0b3JfYXBwX2Rpc3BsYXluYW1lIjoiT2ZmaWNlIDM2NSBFeGNoYW5nZSBNaWNyb3NlcnZpY2UiLCJzY3AiOiJPd2FBdHRhY2htZW50cy5SZWFkIiwib2lkIjoiYzhjOTAwMDAtZGZjOC1jNTQ1LTAwMDAtMDAwMDAwMDAwMDAwIiwicHVpZCI6IkM4QzkwMDAwREZDOEM1NDUiLCJzbXRwIjoiY2M1MzY1YzNmN2RkOWNlNGQ5YjkwZTZjODI3ZGIwMWI1OTRjNjY2MGVlZWE4MDJlNWE0MjYxZWNiYjFhM2I3N0BzaGFkb3cub3V0bG9vay5jb20iLCJ1cG4iOiJjYzUzNjVjM2Y3ZGQ5Y2U0ZDliOTBlNmM4MjdkYjAxYjU5NGM2NjYwZWVlYTgwMmU1YTQyNjFlY2JiMWEzYjc3QHNoYWRvdy5vdXRsb29rLmNvbSIsInVzZXJjYWxsYmFja3VzZXJjb250ZXh0aWQiOiI0YTlkM2U5ZjVkMGE0ZmNjYTQ0MzQwYjUzMzQ0ZTdlOCIsImVwayI6IntcImt0eVwiOlwiUlNBXCIsXCJuXCI6XCJ6RmN0UWJreEZPTXM1SkI5YzY5NzVBX2ItUGVROUwyUDZIX1RnQXF5NnYxb0RhNjRUUTlCenIyeDllbnFFU2ZlYWg1X2FLZUJkaXBtTFRvbVR2UkJEVDBZaE5ySGpoNzZDWU85TGtVckNIdjNQOGVMM3UyOElCUGMwY1ZSay1jTFUyOERjaDBzN0Z0MzFweTlNOE9oY0NYUjVGT2dMRWM5andfc25pN2Y3M3h1SDIyS05sV0ZpclJqUnVoWjlpXzZjTUNhcnk1eUJiMmZNdHRRS0RYSndnRnNQOFVKeF9TMmVNZ3k0S3VEM1o0RmE2RDV4bEM0MkhLOWRLMGl2ajBVdUUyX3RhV0djYndIUmtFa2hJcHFFaEJISHpXc2lkelExa3dsTUotYldQd3loR1hZaWxGLThWeWwyMlFwLUdWTjFZWDNFZkppNVRQQ0huQmU3VW1BYlFcIixcImVcIjpcIkFRQUJcIixcImFsZ1wiOlwiUlMyNTZcIixcImV4cFwiOlwiMTc0NzkwNDA3MVwiLFwiZXhwX2RpZmZcIjpcIjg2NDAwXCIsXCJraWRcIjpcIlhYQWNSclJrWHRxcHJxc0JsUXhiX0VYc0Z3MFwifS5WYTNWRVBSbHNkS3dUOEFRdVZ1ZSttMXFhMnYrcHhlQ1VLc3FJemhKK2llZDlvZFhVNTU2THA3SWc4VGI1UFNsMXpsaUkzakxqSTUyNFhycS9HbmdYMkVhZExxSERUdnBSSUR6Q1JPZzlCVWFiZ2tnaTYweUxlVXJER2ZtR00xSC9pWWJ5NUhZcUpnejJwRktLS0ZWWTMyRTh4NVYwWDVEUHJEajJCNFFWd09yTzZNWEwyRW11SGkzWklua3F3NEJHODRDVFFDcnlTUFlLTTgxbFYyRngrOGJaaDlWbm9ZR2huYmoySWhLMmpVZWVPOHVDTm5xWWhPVlhTM0VlVmxRM2tmS09QcExESmpzQTlwcVRCRHh2UFFrT0tZUEtyQ3Rsb1JKYjY2Q2JPMkQwekt1QWIvQVRoQkNTMU5EOHFvd2pJaCtUd1hHWHJ4b0lDY3A4c1FtYmc9PSIsIm5iZiI6MTc0NzgxNDEyOSwiZXhwIjoxNzQ3ODE0NDI5LCJpc3MiOiJodHRwczovL3N1YnN0cmF0ZS5vZmZpY2UuY29tL3N0cy8iLCJhdWQiOiJodHRwczovL291dGxvb2sub2ZmaWNlLmNvbSIsInNzZWMiOiJFN1hjbW9VajNoZGE2NEFZIn0.gi36yAbqLsYQx96a5CSY2zQbD_7tuzbqcDDbYQTgznHU-iuN43Ec8OP3n_myzCmQfZ5ZhDvU1o1RygvVTJggD7BIm_ZbY0Xes0rRes7XzgU4o7getizUHf4Bhxc7ChNCdY6ANxfwCxNejHvotvkfkgrZsyF-F_xMrFc22YjDYKXFNFlmydKKJr0pR_7adgu32bO0MTGXaRzizIGhwzdeF0-kKA1h_2rU6L7-ipPnw0aPGdVXCdw6QH7V1GcG7H55d-SHS468W9TeQod7WZ0ZYNJ4BHcc3Vhb-vlLhyvpz0QERUbYSm60J146fzs6i0pRHNbXA0s-Qt2lgdLqw3HV5w&amp;X-OWA-CANARY=X-OWA-CANARY_cookie_is_null_or_empty&amp;owa=outlook.office.com&amp;scriptVer=20250509011.04&amp;clientId=9D102550BD6B4DD893AD89D9C51CE92B&amp;animation=true&amp;persistenceId=dfe7cb4f-a6bf-4148-b72c-84af090c5629\" alt=\"Visualitzaci\u00f3 pr\u00e8via de la imatge\"\/><\/figure>\n","protected":false},"excerpt":{"rendered":"<p>La Vall d\u2019Uix\u00f3 ha sigut guardonada en la gala de celebraci\u00f3 del 120\u00e9 aniversari de la Reial Uni\u00f3 de Criadors de Bous de L\u00eddia (RUCTL), celebrada anit a Madrid. El guard\u00f3 de suport al festeig popular ha sigut recollit per l\u2019alcaldessa, Tania Ba\u00f1os, en representaci\u00f3 de la ciutat i especialment del m\u00f3n del bou al &#8230; <a title=\"La Vall d\u2019Uix\u00f3, guardonada en el 120\u00e9 aniversari de la Reial Uni\u00f3 de Criadors de Bous de L\u00eddia\" class=\"read-more\" href=\"https:\/\/elcafedepipa.com\/index.php\/2025\/05\/21\/la-vall-duixo-guardonada-en-el-120e-aniversari-de-la-reial-unio-de-criadors-de-bous-de-lidia\/\" aria-label=\"M\u00e9s informaci\u00f3 sobre La Vall d\u2019Uix\u00f3, guardonada en el 120\u00e9 aniversari de la Reial Uni\u00f3 de Criadors de Bous de L\u00eddia\">Read more<\/a><\/p>\n","protected":false},"author":2,"featured_media":14134,"comment_status":"closed","ping_status":"closed","sticky":false,"template":"","format":"standard","meta":{"om_disable_all_campaigns":false,"_monsterinsights_skip_tracking":false,"_monsterinsights_sitenote_active":false,"_monsterinsights_sitenote_note":"","_monsterinsights_sitenote_category":0,"_uf_show_specific_survey":0,"_uf_disable_surveys":false,"footnotes":""},"categories":[2],"tags":[],"class_list":["post-14131","post","type-post","status-publish","format-standard","has-post-thumbnail","hentry","category-lavallduixo"],"_links":{"self":[{"href":"https:\/\/elcafedepipa.com\/index.php\/wp-json\/wp\/v2\/posts\/14131","targetHints":{"allow":["GET"]}}],"collection":[{"href":"https:\/\/elcafedepipa.com\/index.php\/wp-json\/wp\/v2\/posts"}],"about":[{"href":"https:\/\/elcafedepipa.com\/index.php\/wp-json\/wp\/v2\/types\/post"}],"author":[{"embeddable":true,"href":"https:\/\/elcafedepipa.com\/index.php\/wp-json\/wp\/v2\/users\/2"}],"replies":[{"embeddable":true,"href":"https:\/\/elcafedepipa.com\/index.php\/wp-json\/wp\/v2\/comments?post=14131"}],"version-history":[{"count":0,"href":"https:\/\/elcafedepipa.com\/index.php\/wp-json\/wp\/v2\/posts\/14131\/revisions"}],"wp:featuredmedia":[{"embeddable":true,"href":"https:\/\/elcafedepipa.com\/index.php\/wp-json\/wp\/v2\/media\/14134"}],"wp:attachment":[{"href":"https:\/\/elcafedepipa.com\/index.php\/wp-json\/wp\/v2\/media?parent=14131"}],"wp:term":[{"taxonomy":"category","embeddable":true,"href":"https:\/\/elcafedepipa.com\/index.php\/wp-json\/wp\/v2\/categories?post=14131"},{"taxonomy":"post_tag","embeddable":true,"href":"https:\/\/elcafedepipa.com\/index.php\/wp-json\/wp\/v2\/tags?post=14131"}],"curies":[{"name":"wp","href":"https:\/\/api.w.org\/{rel}","templated":true}]}}