{"id":14127,"date":"2025-05-21T10:00:00","date_gmt":"2025-05-21T08:00:00","guid":{"rendered":"https:\/\/elcafedepipa.com\/?p=14127"},"modified":"2025-05-21T10:00:01","modified_gmt":"2025-05-21T08:00:01","slug":"lajuntament-de-la-vall-duixo-obri-la-licitacio-de-la-segona-fase-del-nou-poliesportiu","status":"publish","type":"post","link":"https:\/\/elcafedepipa.com\/index.php\/2025\/05\/21\/lajuntament-de-la-vall-duixo-obri-la-licitacio-de-la-segona-fase-del-nou-poliesportiu\/","title":{"rendered":"L\u2019Ajuntament de la Vall d\u2019Uix\u00f3 obri la licitaci\u00f3 de la segona fase del nou poliesportiu"},"content":{"rendered":"\n<p>Les obres de la segona fase del segon pavell\u00f3 poliesportiu comen\u00e7aran d\u2019ac\u00ed a pocs mesos, ja que fins al 26 de maig est\u00e0 obert el termini de presentaci\u00f3 d&#8217;ofertes per a realitzar-les.&nbsp;L\u2019alcaldessa de la Vall d\u2019Uix\u00f3, Tania Ba\u00f1os,&nbsp;la regidora d\u2019Esports, Mar Arzo,&nbsp;i el regidor d\u2019Urbanisme,&nbsp;Vicente Pitarch,&nbsp;<\/p>\n\n\n\n<p>han visitat les&nbsp;instal\u00b7lacions&nbsp;que s\u2019estan construint al costat de l\u2019Estadi Municipal Jos\u00e9 Mangri\u00f1\u00e1n&nbsp;i que ja han acabat la seua primera fase, que ha consistit en la cimentaci\u00f3 i la consolidaci\u00f3 estructural.<\/p>\n\n\n\n<p>Esta segona fase compta amb un pressupost de 2,5 milions d\u2019euros \u00edntegrament finan\u00e7at amb fons municipals. L\u2019alcaldessa ha destacat la import\u00e0ncia estrat\u00e8gica d\u2019aquesta infraestructura: \u201cUna ciutat de&nbsp;la mida&nbsp;de la Vall sol tindre entre dos o tres poliesportius&nbsp;i&nbsp;la Vall es va quedar enrere, per aix\u00f2 estem construint aquest segon pavell\u00f3&nbsp;municipal&nbsp;per a posar-nos al nivell que ens correspon i retornar el lideratge en \u00e0mbits que en el seu dia vam perdre\u201d.<\/p>\n\n\n\n<p>L&#8217;alcaldessa ha insistit que es tracta d\u2019un projecte amb mirada a llarg termini: \u201cQuan parlem&nbsp;que estem transformant la Vall amb projectes estructurals, parlem&nbsp;de projectes com aquest\u201d.&nbsp;Es tracta de \u201cprojectes que quedaran durant els pr\u00f2xims 100 anys per a totes les generacions que venen darrere\u201d,&nbsp;ha destacat.<br><br>Pel que fa a les caracter\u00edstiques del projecte, la regidora d\u2019Esports, Mar Arzo, ha explicat que el nou pavell\u00f3 respon a una necessitat real i urgent: \u201cEl nostre actual poliesportiu est\u00e0 saturat&nbsp;i aquest nou espai ens permetr\u00e0 descongestionar-lo i continuar ampliant l\u2019oferta esportiva a la Vall\u201d. El&nbsp;termini&nbsp;d\u2019execuci\u00f3 de la segona fase ser\u00e0 de 14 mesos i ha assegurat que, si tot avan\u00e7a segons el previst, \u201cl\u2019any que ve ja podrem inaugurar-lo&nbsp;i utilitzar-lo\u201d.<br><br>Aquest segon pavell\u00f3 poliesportiu suposar\u00e0 una millora important en la qualitat de les instal\u00b7lacions per a clubs, escoles esportives i usuaris&nbsp;i usu\u00e0ries&nbsp;particulars. Aquesta inversi\u00f3 no nom\u00e9s respon a una demanda esportiva sin\u00f3 \u201ctamb\u00e9 a un comprom\u00eds amb la transformaci\u00f3 urbana i social de la ciutat\u201d, mitjan\u00e7ant la creaci\u00f3 d\u2019equipaments p\u00fablics que \u201cperduren en el temps,&nbsp;donen resposta a les necessitats de la gent&nbsp;i milloren la qualitat de vida\u201d.<\/p>\n","protected":false},"excerpt":{"rendered":"<p>Les obres de la segona fase del segon pavell\u00f3 poliesportiu comen\u00e7aran d\u2019ac\u00ed a pocs mesos, ja que fins al 26 de maig est\u00e0 obert el termini de presentaci\u00f3 d&#8217;ofertes per a realitzar-les.&nbsp;L\u2019alcaldessa de la Vall d\u2019Uix\u00f3, Tania Ba\u00f1os,&nbsp;la regidora d\u2019Esports, Mar Arzo,&nbsp;i el regidor d\u2019Urbanisme,&nbsp;Vicente Pitarch,&nbsp; han visitat les&nbsp;instal\u00b7lacions&nbsp;que s\u2019estan construint al costat de l\u2019Estadi &#8230; <a title=\"L\u2019Ajuntament de la Vall d\u2019Uix\u00f3 obri la licitaci\u00f3 de la segona fase del nou poliesportiu\" class=\"read-more\" href=\"https:\/\/elcafedepipa.com\/index.php\/2025\/05\/21\/lajuntament-de-la-vall-duixo-obri-la-licitacio-de-la-segona-fase-del-nou-poliesportiu\/\" aria-label=\"M\u00e9s informaci\u00f3 sobre L\u2019Ajuntament de la Vall d\u2019Uix\u00f3 obri la licitaci\u00f3 de la segona fase del nou poliesportiu\">Read more<\/a><\/p>\n","protected":false},"author":2,"featured_media":14129,"comment_status":"closed","ping_status":"closed","sticky":false,"template":"","format":"standard","meta":{"om_disable_all_campaigns":false,"_monsterinsights_skip_tracking":false,"_monsterinsights_sitenote_active":false,"_monsterinsights_sitenote_note":"","_monsterinsights_sitenote_category":0,"_uf_show_specific_survey":0,"_uf_disable_surveys":false,"footnotes":""},"categories":[2],"tags":[],"class_list":["post-14127","post","type-post","status-publish","format-standard","has-post-thumbnail","hentry","category-lavallduixo"],"_links":{"self":[{"href":"https:\/\/elcafedepipa.com\/index.php\/wp-json\/wp\/v2\/posts\/14127","targetHints":{"allow":["GET"]}}],"collection":[{"href":"https:\/\/elcafedepipa.com\/index.php\/wp-json\/wp\/v2\/posts"}],"about":[{"href":"https:\/\/elcafedepipa.com\/index.php\/wp-json\/wp\/v2\/types\/post"}],"author":[{"embeddable":true,"href":"https:\/\/elcafedepipa.com\/index.php\/wp-json\/wp\/v2\/users\/2"}],"replies":[{"embeddable":true,"href":"https:\/\/elcafedepipa.com\/index.php\/wp-json\/wp\/v2\/comments?post=14127"}],"version-history":[{"count":0,"href":"https:\/\/elcafedepipa.com\/index.php\/wp-json\/wp\/v2\/posts\/14127\/revisions"}],"wp:featuredmedia":[{"embeddable":true,"href":"https:\/\/elcafedepipa.com\/index.php\/wp-json\/wp\/v2\/media\/14129"}],"wp:attachment":[{"href":"https:\/\/elcafedepipa.com\/index.php\/wp-json\/wp\/v2\/media?parent=14127"}],"wp:term":[{"taxonomy":"category","embeddable":true,"href":"https:\/\/elcafedepipa.com\/index.php\/wp-json\/wp\/v2\/categories?post=14127"},{"taxonomy":"post_tag","embeddable":true,"href":"https:\/\/elcafedepipa.com\/index.php\/wp-json\/wp\/v2\/tags?post=14127"}],"curies":[{"name":"wp","href":"https:\/\/api.w.org\/{rel}","templated":true}]}}