{"id":14108,"date":"2025-05-20T13:32:45","date_gmt":"2025-05-20T11:32:45","guid":{"rendered":"https:\/\/elcafedepipa.com\/?p=14108"},"modified":"2025-05-20T13:32:46","modified_gmt":"2025-05-20T11:32:46","slug":"juanfran-perez-es-molt-greu-que-quan-estem-fent-un-esforc-sense-precedents-sanchez-intente-esgotar-economicament-la-comunitat-valenciana","status":"publish","type":"post","link":"https:\/\/elcafedepipa.com\/index.php\/2025\/05\/20\/juanfran-perez-es-molt-greu-que-quan-estem-fent-un-esforc-sense-precedents-sanchez-intente-esgotar-economicament-la-comunitat-valenciana\/","title":{"rendered":"Juanfran P\u00e9rez: \u201c\u00c9s molt greu que, quan estem fent un esfor\u00e7 sense precedents, S\u00e1nchez intente esgotar econ\u00f2micament la Comunitat Valenciana\u201d"},"content":{"rendered":"\n<p>El portaveu del Grup Parlamentari Popular a Les Corts, Juanfran P\u00e9rez, ha recolzat la declaraci\u00f3 institucional impulsada per la Generalitat Valenciana per exigir al Govern d\u2019Espanya l\u2019aprovaci\u00f3 urgent del Fons de Liquiditat Extraordinari (FLA). \u201c\u00c9s molt greu que, quan el poble valenci\u00e0 est\u00e0 fent un esfor\u00e7 sense precedents, el Govern de Pedro S\u00e1nchez intente esgotar econ\u00f2micament la Comunitat Valenciana amb una clara intencionalitat pol\u00edtica\u201d, ha afirmat.<\/p>\n\n\n\n<p>Aquest fons va ser creat precisament per a compensar la infrafinan\u00e7aci\u00f3 estructural que pateix la Comunitat Valenciana, l\u2019autonomia pitjor finan\u00e7ada de tota Espanya, per\u00f2 per primera vegada en dotze anys no s\u2019ha activat el FLA en l\u2019exercici actual. \u201cCoincideix, de manera gens casual, amb el moment en qu\u00e8 aquesta terra necessita m\u00e9s recursos que mai per fer front a la reconstrucci\u00f3 despr\u00e9s de la riuada del passat octubre\u201d, ha assenyalat P\u00e9rez.<\/p>\n\n\n\n<p>El tamb\u00e9 secretari general del PPCV ha acusat el Govern de S\u00e1nchez de \u201cnegar als valencians all\u00f2 que els correspon per dret\u201d, en el que considera \u201cuna estrat\u00e8gia pol\u00edtica deliberada per castigar aquesta Comunitat\u201d. A m\u00e9s, ha lamentat que el consens pol\u00edtic, sindical i social que existia en la Plataforma pel Finan\u00e7ament Just saltara pels aires \u201cquan el Partit Socialista, de manera unilateral, va trencar eixe acord\u201d. En aquest sentit, ha reclamat una reuni\u00f3 de la Plataforma per a recuperar eixe espai com\u00fa: \u201c\u00c9s moment de tornar a unir veus i defensar junts els interessos de la Comunitat Valenciana\u201d.<\/p>\n\n\n\n<p>Finalment, P\u00e9rez ha subratllat que \u201cdavant el c\u00e0stig del Govern de S\u00e1nchez, el Consell de Carlos Maz\u00f3n est\u00e0 centrat en all\u00f2 urgent i important: la reconstrucci\u00f3, l\u2019atenci\u00f3 a les necessitats reals dels valencians i la gesti\u00f3 efica\u00e7 i responsable de cada euro p\u00fablic\u201d.<\/p>\n","protected":false},"excerpt":{"rendered":"<p>El portaveu del Grup Parlamentari Popular a Les Corts, Juanfran P\u00e9rez, ha recolzat la declaraci\u00f3 institucional impulsada per la Generalitat Valenciana per exigir al Govern d\u2019Espanya l\u2019aprovaci\u00f3 urgent del Fons de Liquiditat Extraordinari (FLA). \u201c\u00c9s molt greu que, quan el poble valenci\u00e0 est\u00e0 fent un esfor\u00e7 sense precedents, el Govern de Pedro S\u00e1nchez intente esgotar &#8230; <a title=\"Juanfran P\u00e9rez: \u201c\u00c9s molt greu que, quan estem fent un esfor\u00e7 sense precedents, S\u00e1nchez intente esgotar econ\u00f2micament la Comunitat Valenciana\u201d\" class=\"read-more\" href=\"https:\/\/elcafedepipa.com\/index.php\/2025\/05\/20\/juanfran-perez-es-molt-greu-que-quan-estem-fent-un-esforc-sense-precedents-sanchez-intente-esgotar-economicament-la-comunitat-valenciana\/\" aria-label=\"M\u00e9s informaci\u00f3 sobre Juanfran P\u00e9rez: \u201c\u00c9s molt greu que, quan estem fent un esfor\u00e7 sense precedents, S\u00e1nchez intente esgotar econ\u00f2micament la Comunitat Valenciana\u201d\">Read more<\/a><\/p>\n","protected":false},"author":2,"featured_media":14109,"comment_status":"closed","ping_status":"closed","sticky":false,"template":"","format":"standard","meta":{"om_disable_all_campaigns":false,"_monsterinsights_skip_tracking":false,"_monsterinsights_sitenote_active":false,"_monsterinsights_sitenote_note":"","_monsterinsights_sitenote_category":0,"_uf_show_specific_survey":0,"_uf_disable_surveys":false,"footnotes":""},"categories":[11],"tags":[],"class_list":["post-14108","post","type-post","status-publish","format-standard","has-post-thumbnail","hentry","category-comunitatvalenciana"],"_links":{"self":[{"href":"https:\/\/elcafedepipa.com\/index.php\/wp-json\/wp\/v2\/posts\/14108","targetHints":{"allow":["GET"]}}],"collection":[{"href":"https:\/\/elcafedepipa.com\/index.php\/wp-json\/wp\/v2\/posts"}],"about":[{"href":"https:\/\/elcafedepipa.com\/index.php\/wp-json\/wp\/v2\/types\/post"}],"author":[{"embeddable":true,"href":"https:\/\/elcafedepipa.com\/index.php\/wp-json\/wp\/v2\/users\/2"}],"replies":[{"embeddable":true,"href":"https:\/\/elcafedepipa.com\/index.php\/wp-json\/wp\/v2\/comments?post=14108"}],"version-history":[{"count":0,"href":"https:\/\/elcafedepipa.com\/index.php\/wp-json\/wp\/v2\/posts\/14108\/revisions"}],"wp:featuredmedia":[{"embeddable":true,"href":"https:\/\/elcafedepipa.com\/index.php\/wp-json\/wp\/v2\/media\/14109"}],"wp:attachment":[{"href":"https:\/\/elcafedepipa.com\/index.php\/wp-json\/wp\/v2\/media?parent=14108"}],"wp:term":[{"taxonomy":"category","embeddable":true,"href":"https:\/\/elcafedepipa.com\/index.php\/wp-json\/wp\/v2\/categories?post=14108"},{"taxonomy":"post_tag","embeddable":true,"href":"https:\/\/elcafedepipa.com\/index.php\/wp-json\/wp\/v2\/tags?post=14108"}],"curies":[{"name":"wp","href":"https:\/\/api.w.org\/{rel}","templated":true}]}}