{"id":14105,"date":"2025-05-20T13:26:13","date_gmt":"2025-05-20T11:26:13","guid":{"rendered":"https:\/\/elcafedepipa.com\/?p=14105"},"modified":"2025-05-20T13:26:14","modified_gmt":"2025-05-20T11:26:14","slug":"els-ports-se-convierte-en-la-primera-comarca-objeto-del-plan-estrategico-que-consell-y-diputacion-pactan-con-la-camara-de-comercio","status":"publish","type":"post","link":"https:\/\/elcafedepipa.com\/index.php\/2025\/05\/20\/els-ports-se-convierte-en-la-primera-comarca-objeto-del-plan-estrategico-que-consell-y-diputacion-pactan-con-la-camara-de-comercio\/","title":{"rendered":"Els Ports se convierte en la primera comarca objeto del plan estrat\u00e9gico que Consell y Diputaci\u00f3n pactan con la C\u00e1mara de Comercio"},"content":{"rendered":"\n<p>El acuerdo de colaboraci\u00f3n que la Generalitat Valenciana, la Diputaci\u00f3n de Castell\u00f3n y la C\u00e1mara de Comercio suscribieron el pasado jueves 15 en Castell\u00f3n tendr\u00e1 como primer destino la comarca de Els Ports.<\/p>\n\n\n\n<p>&#8220;Se cumple el anuncio hecho por la consellera de Industria, Marian Cano, el pasado lunes 12 de mayo en Morella. Es una excelente noticia para nuestra comarca y nuestros pueblos. Este proyecto, que trata de analizar la situaci\u00f3n econ\u00f3mica de nuestro territorio y establecer una hoja de ruta econ\u00f3mica para relanzar nuestra econom\u00eda tiene como primer destino Els Ports. Una decisi\u00f3n que nos suma, y mucho&#8221;.<\/p>\n\n\n\n<p>As\u00ed lo ha considerado el coordinador del PPCS en la comarca de Els Ports, Jes\u00fas Ort\u00ed, quien ha puesto en valor &#8220;la importancia que por fin tienen para las instituciones el interior&#8221;. &#8220;Hoy sabemos que Consell y Gobierno Provincial creen en nuestras fortalezas y no solo las protegen, las incentivan&#8221;.<\/p>\n\n\n\n<p>En efecto, el convenio suscrito a tres bandas la pasada semana &#8220;se pone al servicio de los ciudadanos y a los pies de los sectores estrat\u00e9gicos de nuestra comarca para analizar sus fortalezas y superar sus debilidades. Queremos un relanzamiento a trav\u00e9s de un an\u00e1lisis exhaustivo que nos haga m\u00e1s fuertes y m\u00e1s eficaces para ganar el futuro<\/p>\n\n\n\n<p>Porque tal y como relata Ort\u00ed, &#8220;el mundo rural tiene grandes oportunidades y hacerlas atractivas con iniciativas que pongan en valor todo su valor es fundamental para que convertirnos en destino de capitales y ejercer como fuentes de riqueza que garantizan calidad y bienestar&#8221;.<\/p>\n\n\n\n<p>Els Ports, la provincia con mayor peso ganadero de la Comunitat Valenciana, no solo es sector primario, tambi\u00e9n turismo, se\u00f1ala Ort\u00ed. &#8220;Y diversificar y apostar por todo lo bueno que tenemos es fundamental para generar oportunidades y convertirnos en destino&#8221;. &#8220;Este proyecto ambicioso que ahora nos escoge como primer destino debe servir precisamente para eso, para hacernos m\u00e1s fuertes, s\u00f3lidos y capaces y ganar futuro&#8221;, ha concluido el coordinador del PPCS en la comarca de Els Ports.<\/p>\n","protected":false},"excerpt":{"rendered":"<p>El acuerdo de colaboraci\u00f3n que la Generalitat Valenciana, la Diputaci\u00f3n de Castell\u00f3n y la C\u00e1mara de Comercio suscribieron el pasado jueves 15 en Castell\u00f3n tendr\u00e1 como primer destino la comarca de Els Ports. &#8220;Se cumple el anuncio hecho por la consellera de Industria, Marian Cano, el pasado lunes 12 de mayo en Morella. Es una &#8230; <a title=\"Els Ports se convierte en la primera comarca objeto del plan estrat\u00e9gico que Consell y Diputaci\u00f3n pactan con la C\u00e1mara de Comercio\" class=\"read-more\" href=\"https:\/\/elcafedepipa.com\/index.php\/2025\/05\/20\/els-ports-se-convierte-en-la-primera-comarca-objeto-del-plan-estrategico-que-consell-y-diputacion-pactan-con-la-camara-de-comercio\/\" aria-label=\"M\u00e9s informaci\u00f3 sobre Els Ports se convierte en la primera comarca objeto del plan estrat\u00e9gico que Consell y Diputaci\u00f3n pactan con la C\u00e1mara de Comercio\">Read more<\/a><\/p>\n","protected":false},"author":2,"featured_media":14106,"comment_status":"closed","ping_status":"closed","sticky":false,"template":"","format":"standard","meta":{"om_disable_all_campaigns":false,"_monsterinsights_skip_tracking":false,"_monsterinsights_sitenote_active":false,"_monsterinsights_sitenote_note":"","_monsterinsights_sitenote_category":0,"_uf_show_specific_survey":0,"_uf_disable_surveys":false,"footnotes":""},"categories":[10],"tags":[],"class_list":["post-14105","post","type-post","status-publish","format-standard","has-post-thumbnail","hentry","category-provinciadecastello"],"_links":{"self":[{"href":"https:\/\/elcafedepipa.com\/index.php\/wp-json\/wp\/v2\/posts\/14105","targetHints":{"allow":["GET"]}}],"collection":[{"href":"https:\/\/elcafedepipa.com\/index.php\/wp-json\/wp\/v2\/posts"}],"about":[{"href":"https:\/\/elcafedepipa.com\/index.php\/wp-json\/wp\/v2\/types\/post"}],"author":[{"embeddable":true,"href":"https:\/\/elcafedepipa.com\/index.php\/wp-json\/wp\/v2\/users\/2"}],"replies":[{"embeddable":true,"href":"https:\/\/elcafedepipa.com\/index.php\/wp-json\/wp\/v2\/comments?post=14105"}],"version-history":[{"count":0,"href":"https:\/\/elcafedepipa.com\/index.php\/wp-json\/wp\/v2\/posts\/14105\/revisions"}],"wp:featuredmedia":[{"embeddable":true,"href":"https:\/\/elcafedepipa.com\/index.php\/wp-json\/wp\/v2\/media\/14106"}],"wp:attachment":[{"href":"https:\/\/elcafedepipa.com\/index.php\/wp-json\/wp\/v2\/media?parent=14105"}],"wp:term":[{"taxonomy":"category","embeddable":true,"href":"https:\/\/elcafedepipa.com\/index.php\/wp-json\/wp\/v2\/categories?post=14105"},{"taxonomy":"post_tag","embeddable":true,"href":"https:\/\/elcafedepipa.com\/index.php\/wp-json\/wp\/v2\/tags?post=14105"}],"curies":[{"name":"wp","href":"https:\/\/api.w.org\/{rel}","templated":true}]}}