{"id":14067,"date":"2025-05-19T13:38:39","date_gmt":"2025-05-19T11:38:39","guid":{"rendered":"https:\/\/elcafedepipa.com\/?p=14067"},"modified":"2025-05-19T13:38:40","modified_gmt":"2025-05-19T11:38:40","slug":"la-comunitat-valenciana-registra-un-balanc-ajustat-entre-altes-i-baixes-dautonoms-en-2024","status":"publish","type":"post","link":"https:\/\/elcafedepipa.com\/index.php\/2025\/05\/19\/la-comunitat-valenciana-registra-un-balanc-ajustat-entre-altes-i-baixes-dautonoms-en-2024\/","title":{"rendered":"La Comunitat Valenciana registra un balan\u00e7 ajustat entre altes i baixes d\u2019aut\u00f2noms en 2024"},"content":{"rendered":"\n<p>La Uni\u00f3 d&#8217;Associacions de Treballadors Aut\u00f2noms i Emprenedors de la Comunitat Valenciana (UATAE) ha presentat hui a Val\u00e8ncia un informe que analitza en profunditat la situaci\u00f3 del col\u00b7lectiu de persones treballadores aut\u00f2nomes a la Comunitat Valenciana durant l&#8217;any 2024. UATAE est\u00e0 present en les taules estatal i auton\u00f2mica del treball aut\u00f2nom, com a organitzaci\u00f3 representativa reconeguda en el marc de l&#8217;Estatut del Treball Aut\u00f2nom.<\/p>\n\n\n\n<p>La Comunitat Valenciana va tancar l&#8217;any amb 375.738 persones donades d&#8217;alta en el RETA, la quarta comunitat en nombre absolut. Per\u00f2 si s&#8217;aprofundeix en les dades, el que apareix \u00e9s una realitat molt m\u00e9s preocupant: un col\u00b7lectiu fr\u00e0gil, precaritzat i sense xarxa de protecci\u00f3. El creixement net d&#8217;aut\u00f2noms en 2024 va ser de 8.588 persones, per\u00f2 en aquest mateix per\u00edode es van registrar m\u00e9s de 72.000 baixes. \u00c9s a dir, la rotaci\u00f3 \u00e9s alt\u00edssima, i bona part de les noves activitats naixen per a desapar\u00e8ixer en menys de 18 mesos. L&#8217;estacionalitat, els ingressos baixos i la falta de consolidaci\u00f3 dibuixen un model que creix per in\u00e8rcia, per\u00f2 sense pol\u00edtiques p\u00fabliques que el sostinguen.<\/p>\n\n\n\n<p>El sector serveis concentra el 77\u202f% del col\u00b7lectiu, molt per damunt de la mitjana nacional, i dins d&#8217;ell destaquen subsectors com les comunicacions, l&#8217;entreteniment i l&#8217;allotjament tur\u00edstic. Per\u00f2 el comer\u00e7, un dels pilars tradicionals de l&#8217;autoocupaci\u00f3, ha perdut m\u00e9s de 4.300 afiliacions des de 2020, una tend\u00e8ncia que exigeix resposta, per aix\u00f2 des d&#8217;UATAE \u201creclamem un Pacte Auton\u00f2mic pel xicotet comer\u00e7, liderat per la Generalitat\u201d.<\/p>\n\n\n\n<p>El perfil del col\u00b7lectiu tamb\u00e9 ha canviat. Hui les dones representen el 37,2\u202f% de les persones aut\u00f2nomes, per\u00f2 van ser responsables del 45\u202f% del creixement total en 2024. I dins d&#8217;aquest grup, les dones migrants estan impulsant bona part de l&#8217;autoocupaci\u00f3. S\u00f3n elles, en sectors feminitzats i precaritzats, qui aixequen el teixit productiu en condicions de desigualtat. I ho fan soles, sense xarxa, sense acompanyament institucional i amb una doble discriminaci\u00f3: per ser dones i per ser aut\u00f2nomes.<\/p>\n\n\n\n<p>Tamb\u00e9 destaca el pes de les persones migrants, que ja suposen el 19\u202f% del col\u00b7lectiu. De fet, per cada persona espanyola que es va donar d&#8217;alta en 2024, ho van fer 14 persones migrants. Per\u00f2 segons UATAE \u201cseguim sense una estrat\u00e8gia p\u00fablica per a la seua inclusi\u00f3 i consolidaci\u00f3 en el treball aut\u00f2nom. \u00c9s hora de recon\u00e9ixer que s\u00f3n una part essencial del nostre teixit productiu\u201d.<\/p>\n\n\n\n<p>A m\u00e9s, el 86,6\u202f% de les persones aut\u00f2nomes no t\u00e9 assalariats. Prop de 800 persones van deixar de tindre empleats en 2024. El pas d&#8217;aut\u00f2nom individual a contractar \u00e9s una travessia sense acompanyament. Per aix\u00f2 des d&#8217;UATAE se sol\u00b7licita una Estrat\u00e8gia Auton\u00f2mica per al Treball Aut\u00f2nom que aborde amb serietat el creixement i l&#8217;estabilitat del col\u00b7lectiu.<\/p>\n\n\n\n<p>L&#8217;informe tamb\u00e9 revela una altra fragilitat estructural: l&#8217;antiguitat mitjana dels projectes aut\u00f2noms \u00e9s de nom\u00e9s 6,4 anys. Molts no passen dels tres primers. El sistema afavoreix les altes, per\u00f2 no garanteix continu\u00eftat ni consolidaci\u00f3.<\/p>\n\n\n\n<p>A aix\u00f2 se suma el problema del relleu generacional: m\u00e9s del 40\u202f% del col\u00b7lectiu t\u00e9 m\u00e9s de 50 anys, mentre que el tram de 26 a 45 anys ha caigut per davall de la mitjana nacional. Per aix\u00f2 proposem un Pacte Auton\u00f2mic pel Treball Aut\u00f2nom S\u00e8nior, que protegisca a qui no pot jubilar-se i facilite l&#8217;entrada de noves generacions.<\/p>\n\n\n\n<p>M\u00e9s del 40\u202f% del col\u00b7lectiu guanya menys que el salari m\u00ednim, i el 86\u202f% no supera els 1.426 euros mensuals. Les dones, com sempre, concentren els ingressos m\u00e9s baixos. Treballar per compte propi no garanteix poder viure dignament.<\/p>\n\n\n\n<p>Aix\u00f2 es tradueix en situacions com la pluriactivitat: m\u00e9s de 26.000 persones en la nostra comunitat aut\u00f2noma treballen per compte d&#8217;altri i alhora per compte propi per a poder arribar a fi de mes. I no \u00e9s una elecci\u00f3 lliure. \u00c9s pura necessitat.<\/p>\n\n\n\n<p>A aix\u00f2 se suma l&#8217;increment de les despeses: en 2024, l&#8217;activitat aut\u00f2noma va costar de mitjana 7.500 euros m\u00e9s que en 2022, segons una enquesta pr\u00f2pia. Els lloguers comercials es disparen, i la majoria finan\u00e7a el seu negoci amb estalvis personals o familiars, sense acc\u00e9s real a finan\u00e7ament p\u00fablic o bancari.<\/p>\n\n\n\n<p>Tot aix\u00f2 ens porta a la figura central d&#8217;aquest informe: l&#8217;aut\u00f2nom vulnerable. Persones que encaixen perfectament en la definici\u00f3 de vulnerabilitat social, per\u00f2 que no accedeixen a ajudes pel simple fet de ser aut\u00f2nomes. El 27\u202f% de les persones aut\u00f2nomes a Espanya viu per davall del llindar de la pobresa, segons Oxfam Interm\u00f3n. No \u00e9s un cas a\u00efllat, \u00e9s estructural. I davant aix\u00f2, no caben excuses.<\/p>\n\n\n\n<p>I si parlem de vulnerabilitat, hem de parlar del final del cam\u00ed. Baixar la persiana, tancar el negoci. M\u00e9s de 72.000 persones ho van fer en 2024 a la Comunitat Valenciana. Per\u00f2 el sistema no ofereix una segona oportunitat. Els concursos d&#8217;acreedors no s\u00f3n accessibles, i la prestaci\u00f3 per cessament d&#8217;activitat continua rebutjant-se m\u00e9s del que s&#8217;aprova. No hi ha acompanyament, no hi ha xarxa.<\/p>\n\n\n\n<p>No pot haver-hi autoocupaci\u00f3 amb drets si fracassar implica desapar\u00e8ixer del sistema. Ra\u00fal Salinero, president d&#8217;UATAE, indica que \u201cdavant aquesta situaci\u00f3 reclamem una Estrat\u00e8gia Auton\u00f2mica per al Treball Aut\u00f2nom, un Pacte pel Comer\u00e7, un pla real de relleu generacional i una pol\u00edtica p\u00fablica de Segona Oportunitat. Les persones treballadores aut\u00f2nomes no demanem privilegis, sin\u00f3 reconeixement, drets i condicions per a viure dignament del treball que fem\u201d .<\/p>\n","protected":false},"excerpt":{"rendered":"<p>La Uni\u00f3 d&#8217;Associacions de Treballadors Aut\u00f2noms i Emprenedors de la Comunitat Valenciana (UATAE) ha presentat hui a Val\u00e8ncia un informe que analitza en profunditat la situaci\u00f3 del col\u00b7lectiu de persones treballadores aut\u00f2nomes a la Comunitat Valenciana durant l&#8217;any 2024. UATAE est\u00e0 present en les taules estatal i auton\u00f2mica del treball aut\u00f2nom, com a organitzaci\u00f3 representativa &#8230; <a title=\"La Comunitat Valenciana registra un balan\u00e7 ajustat entre altes i baixes d\u2019aut\u00f2noms en 2024\" class=\"read-more\" href=\"https:\/\/elcafedepipa.com\/index.php\/2025\/05\/19\/la-comunitat-valenciana-registra-un-balanc-ajustat-entre-altes-i-baixes-dautonoms-en-2024\/\" aria-label=\"M\u00e9s informaci\u00f3 sobre La Comunitat Valenciana registra un balan\u00e7 ajustat entre altes i baixes d\u2019aut\u00f2noms en 2024\">Read more<\/a><\/p>\n","protected":false},"author":2,"featured_media":14068,"comment_status":"closed","ping_status":"closed","sticky":false,"template":"","format":"standard","meta":{"om_disable_all_campaigns":false,"_monsterinsights_skip_tracking":false,"_monsterinsights_sitenote_active":false,"_monsterinsights_sitenote_note":"","_monsterinsights_sitenote_category":0,"_uf_show_specific_survey":0,"_uf_disable_surveys":false,"footnotes":""},"categories":[11],"tags":[],"class_list":["post-14067","post","type-post","status-publish","format-standard","has-post-thumbnail","hentry","category-comunitatvalenciana"],"_links":{"self":[{"href":"https:\/\/elcafedepipa.com\/index.php\/wp-json\/wp\/v2\/posts\/14067","targetHints":{"allow":["GET"]}}],"collection":[{"href":"https:\/\/elcafedepipa.com\/index.php\/wp-json\/wp\/v2\/posts"}],"about":[{"href":"https:\/\/elcafedepipa.com\/index.php\/wp-json\/wp\/v2\/types\/post"}],"author":[{"embeddable":true,"href":"https:\/\/elcafedepipa.com\/index.php\/wp-json\/wp\/v2\/users\/2"}],"replies":[{"embeddable":true,"href":"https:\/\/elcafedepipa.com\/index.php\/wp-json\/wp\/v2\/comments?post=14067"}],"version-history":[{"count":0,"href":"https:\/\/elcafedepipa.com\/index.php\/wp-json\/wp\/v2\/posts\/14067\/revisions"}],"wp:featuredmedia":[{"embeddable":true,"href":"https:\/\/elcafedepipa.com\/index.php\/wp-json\/wp\/v2\/media\/14068"}],"wp:attachment":[{"href":"https:\/\/elcafedepipa.com\/index.php\/wp-json\/wp\/v2\/media?parent=14067"}],"wp:term":[{"taxonomy":"category","embeddable":true,"href":"https:\/\/elcafedepipa.com\/index.php\/wp-json\/wp\/v2\/categories?post=14067"},{"taxonomy":"post_tag","embeddable":true,"href":"https:\/\/elcafedepipa.com\/index.php\/wp-json\/wp\/v2\/tags?post=14067"}],"curies":[{"name":"wp","href":"https:\/\/api.w.org\/{rel}","templated":true}]}}